{"id":129009,"date":"2026-04-30T07:26:32","date_gmt":"2026-04-30T10:26:32","guid":{"rendered":"https:\/\/noticiasbahia360.com.br\/?p=129009"},"modified":"2026-04-30T07:26:32","modified_gmt":"2026-04-30T10:26:32","slug":"nordestao-vitoria-garante-lideranca-apos-empatar-com-o-confianca","status":"publish","type":"post","link":"https:\/\/noticiasbahia360.com.br\/?p=129009","title":{"rendered":"Nordest\u00e3o: Vit\u00f3ria garante lideran\u00e7a ap\u00f3s empatar com o Confian\u00e7a"},"content":{"rendered":"<div>\n<div>\n<figure><img decoding=\"async\" src=\"http:\/\/noticiasbahia360.com.br\/wp-content\/uploads\/2026\/04\/Vitoria-.webp\" alt=\"EC Vit\u00f3ria\"><figcaption>Foto: Victor Ferreira\/EC Vit\u00f3ria <\/figcaption><\/figure>\n<\/div>\n<p>O Vit\u00f3ria garantiu a primeira coloca\u00e7\u00e3o do Grupo A da Copa do Nordeste ao empatar por 2 a 2 com o Confian\u00e7a na quarta-feira (29), na Arena Batist\u00e3o, em Sergipe, pela \u00faltima rodada da fase de grupos. Renzo L\u00f3pez abriu o placar aos 7 minutos, Gabriel Zeca empatou aos 15, e Erick, ap\u00f3s a bola bater nas costas do goleiro Rafael Passos, recolocou o Le\u00e3o \u00e0 frente aos 33 do primeiro tempo. Na segunda etapa, Hiago Silva voltou a empatar aos 6 minutos.<\/p>\n<figure class=\"wp-block-image size-full\"><img fetchpriority=\"high\" fetchpriority=\"high\" decoding=\"async\" width=\"1200\" height=\"630\" src=\"http:\/\/noticiasbahia360.com.br\/wp-content\/uploads\/2026\/04\/vitoria-1-1.webp\" alt=\"EC Vit\u00f3ria\" class=\"wp-image-651249\" srcset=\"http:\/\/noticiasbahia360.com.br\/wp-content\/uploads\/2026\/04\/vitoria-1-1.webp 1200w, https:\/\/uploads.acordacidade.com.br\/2026\/04\/vitoria-1-1-750x394.webp 750w, https:\/\/uploads.acordacidade.com.br\/2026\/04\/vitoria-1-1-1000x525.webp 1000w, https:\/\/uploads.acordacidade.com.br\/2026\/04\/vitoria-1-1-450x236.webp 450w, https:\/\/uploads.acordacidade.com.br\/2026\/04\/vitoria-1-1-150x79.webp 150w\" sizes=\"(max-width: 1200px) 100vw, 1200px\"><figcaption class=\"wp-element-caption\">Foto: Victor Ferreira\/EC Vit\u00f3ria <\/figcaption><\/figure>\n<p>Com o resultado, o Le\u00e3o terminou a fase de grupos com 10 pontos em cinco partidas, um ponto \u00e0 frente do ASA, outro classificado da chave. Desta forma, o Rubro-Negro enfrentar\u00e1 o Cear\u00e1, segundo colocado do Grupo C. O duelo das quartas de final ser\u00e1 em jogo \u00fanico, no Barrad\u00e3o, na pr\u00f3xima quarta-feira (6). Sport x ASA, Confian\u00e7a x Fortaleza e Juazeirense x ABC completam os outros confrontos das quartas de final.\u00a0<\/p>\n<p>A partir das semifinais, os confrontos passam a ser disputados em jogos de ida e volta. Caso avance sobre o Voz\u00e3o, o Le\u00e3o enfrentar\u00e1 o vencedor de ABC x Juazeirense.<\/p>\n<p>Antes de enfrentar o Cear\u00e1, o Vit\u00f3ria volta suas aten\u00e7\u00f5es para o Campeonato Brasileiro, quando enfrenta o Coritiba neste s\u00e1bado (2), \u00e0s 18h30, no Barrad\u00e3o, pela 14\u00aa rodada da competi\u00e7\u00e3o.<\/p>\n<p><em>Fonte: <a href=\"https:\/\/www.bahianoticias.com.br\/esportes\/vitoria\/30989-vitoria-empata-com-confianca-garante-lideranca-e-encara-o-ceara-nas-quartas-do-nordestao\" type=\"link\" id=\"https:\/\/www.bahianoticias.com.br\/esportes\/vitoria\/30989-vitoria-empata-com-confianca-garante-lideranca-e-encara-o-ceara-nas-quartas-do-nordestao\">Bahia Not\u00edcias<\/a>, site parceiro do Acorda Cidade<\/em><\/p>\n<p><em>Siga o Acorda Cidade no<\/em><a href=\"https:\/\/news.google.com\/search?q=acorda%20cidade&amp;hl=pt-BR&amp;gl=BR&amp;ceid=BR%3Apt-419\"><strong><em>\u00a0Google Not\u00edcias<\/em><\/strong><\/a><em>\u00a0e receba os principais destaques do dia. Participe tamb\u00e9m dos nossos canais no\u00a0<\/em><a href=\"https:\/\/www.whatsapp.com\/channel\/0029Va6Rb4v3WHTNnsh8WI3N\"><strong><em>WhatsApp<\/em><\/strong><\/a><em>\u00a0e\u00a0<\/em><a href=\"https:\/\/www.youtube.com\/@acordacidadenoticias\/videos\"><strong>YouTube<\/strong><\/a><em>\u00a0e grupo de\u00a0<\/em><a href=\"https:\/\/t.me\/+sSz0khrgARA0ZmRh\"><strong><em>Telegram<\/em><\/strong><\/a><em>.<\/em><\/p>\n<\/div>\n","protected":false},"excerpt":{"rendered":"<div>\n<div>\n<figure><img decoding=\"async\" src=\"https:\/\/uploads.acordacidade.com.br\/2026\/04\/Vitoria-.webp\" alt=\"EC Vit\u00f3ria\"><figcaption>Foto: Victor Ferreira\/EC Vit\u00f3ria <\/figcaption><\/figure>\n<\/div>\n<p>Antes de enfrentar o Cear\u00e1, o Vit\u00f3ria volta suas aten\u00e7\u00f5es para o Campeonato Brasileiro, quando enfrenta o Coritiba neste s\u00e1bado (2).<\/p><\/div>\n","protected":false},"author":1,"featured_media":129010,"comment_status":"closed","ping_status":"closed","sticky":false,"template":"","format":"gallery","meta":{"footnotes":""},"categories":[8,9,6,57,56,10],"tags":[],"class_list":["post-129009","post","type-post","status-publish","format-gallery","has-post-thumbnail","hentry","category-bahia","category-brasil","category-feira-de-santana","category-mundo","category-policia","category-politica","post_format-post-format-gallery"],"featured_image_urls":{"full":["https:\/\/noticiasbahia360.com.br\/wp-content\/uploads\/2026\/04\/Vitoria-.webp",1200,799,false],"thumbnail":["https:\/\/noticiasbahia360.com.br\/wp-content\/uploads\/2026\/04\/Vitoria--150x150.webp",150,150,true],"medium":["https:\/\/noticiasbahia360.com.br\/wp-content\/uploads\/2026\/04\/Vitoria--300x200.webp",300,200,true],"medium_large":["https:\/\/noticiasbahia360.com.br\/wp-content\/uploads\/2026\/04\/Vitoria--768x511.webp",640,426,true],"large":["https:\/\/noticiasbahia360.com.br\/wp-content\/uploads\/2026\/04\/Vitoria--1024x682.webp",640,426,true],"1536x1536":["https:\/\/noticiasbahia360.com.br\/wp-content\/uploads\/2026\/04\/Vitoria-.webp",1200,799,false],"2048x2048":["https:\/\/noticiasbahia360.com.br\/wp-content\/uploads\/2026\/04\/Vitoria-.webp",1200,799,false],"chromenews-featured":["https:\/\/noticiasbahia360.com.br\/wp-content\/uploads\/2026\/04\/Vitoria--1024x682.webp",1024,682,true],"chromenews-large":["https:\/\/noticiasbahia360.com.br\/wp-content\/uploads\/2026\/04\/Vitoria--825x575.webp",825,575,true],"chromenews-medium":["https:\/\/noticiasbahia360.com.br\/wp-content\/uploads\/2026\/04\/Vitoria--590x410.webp",590,410,true]},"author_info":{"display_name":"noticiasbahia360.com.br","author_link":"https:\/\/noticiasbahia360.com.br\/?author=1"},"category_info":"<a href=\"https:\/\/noticiasbahia360.com.br\/?cat=8\" rel=\"category\">Bahia<\/a> <a href=\"https:\/\/noticiasbahia360.com.br\/?cat=9\" rel=\"category\">Brasil<\/a> <a href=\"https:\/\/noticiasbahia360.com.br\/?cat=6\" rel=\"category\">Feira de Santana<\/a> <a href=\"https:\/\/noticiasbahia360.com.br\/?cat=57\" rel=\"category\">Mundo<\/a> <a href=\"https:\/\/noticiasbahia360.com.br\/?cat=56\" rel=\"category\">Pol\u00edcia<\/a> <a href=\"https:\/\/noticiasbahia360.com.br\/?cat=10\" rel=\"category\">Pol\u00edtica<\/a>","tag_info":"Pol\u00edtica","comment_count":"0","_links":{"self":[{"href":"https:\/\/noticiasbahia360.com.br\/index.php?rest_route=\/wp\/v2\/posts\/129009","targetHints":{"allow":["GET"]}}],"collection":[{"href":"https:\/\/noticiasbahia360.com.br\/index.php?rest_route=\/wp\/v2\/posts"}],"about":[{"href":"https:\/\/noticiasbahia360.com.br\/index.php?rest_route=\/wp\/v2\/types\/post"}],"author":[{"embeddable":true,"href":"https:\/\/noticiasbahia360.com.br\/index.php?rest_route=\/wp\/v2\/users\/1"}],"replies":[{"embeddable":true,"href":"https:\/\/noticiasbahia360.com.br\/index.php?rest_route=%2Fwp%2Fv2%2Fcomments&post=129009"}],"version-history":[{"count":0,"href":"https:\/\/noticiasbahia360.com.br\/index.php?rest_route=\/wp\/v2\/posts\/129009\/revisions"}],"wp:featuredmedia":[{"embeddable":true,"href":"https:\/\/noticiasbahia360.com.br\/index.php?rest_route=\/wp\/v2\/media\/129010"}],"wp:attachment":[{"href":"https:\/\/noticiasbahia360.com.br\/index.php?rest_route=%2Fwp%2Fv2%2Fmedia&parent=129009"}],"wp:term":[{"taxonomy":"category","embeddable":true,"href":"https:\/\/noticiasbahia360.com.br\/index.php?rest_route=%2Fwp%2Fv2%2Fcategories&post=129009"},{"taxonomy":"post_tag","embeddable":true,"href":"https:\/\/noticiasbahia360.com.br\/index.php?rest_route=%2Fwp%2Fv2%2Ftags&post=129009"}],"curies":[{"name":"wp","href":"https:\/\/api.w.org\/{rel}","templated":true}]}} 