{"id":129014,"date":"2026-04-30T08:01:36","date_gmt":"2026-04-30T11:01:36","guid":{"rendered":"https:\/\/noticiasbahia360.com.br\/?p=129014"},"modified":"2026-04-30T08:01:36","modified_gmt":"2026-04-30T11:01:36","slug":"centro-de-umbanda-sofre-constantes-ataques-de-supostos-neonazistas-membros-relatam-medo-diante-da-violencia","status":"publish","type":"post","link":"https:\/\/noticiasbahia360.com.br\/?p=129014","title":{"rendered":"Centro de Umbanda sofre constantes ataques de supostos neonazistas; membros relatam medo diante da viol\u00eancia"},"content":{"rendered":"<div>\n<div>\n<figure><img decoding=\"async\" src=\"http:\/\/noticiasbahia360.com.br\/wp-content\/uploads\/2026\/04\/Terreiro-de-umbanda-vandalizado-em-guanambi.webp\" alt=\"Centro de Umbanda sofre constantes ataques de supostos neonazistas\"><figcaption>Foto: WhatsApp\/Achei Sudoeste<\/figcaption><\/figure>\n<\/div>\n<p>O Centro de Umbanda S\u00e3o Jorge Guerreiro, localizado em Guanambi, tem sido alvo de uma sequ\u00eancia de ataques que incluem arrombamentos, depreda\u00e7\u00f5es e picha\u00e7\u00f5es com s\u00edmbolos nazistas. A situa\u00e7\u00e3o tem gerado medo e inseguran\u00e7a entre os frequentadores e respons\u00e1veis pelo templo religioso.<\/p>\n<p>Em entrevista ao site Achei Sudoeste, parceiro do Acorda Cidade, o conselheiro Andr\u00e9 Donato afirmou que, apesar de a motiva\u00e7\u00e3o ainda estar sendo investigada pela pol\u00edcia, h\u00e1 fortes ind\u00edcios de intoler\u00e2ncia religiosa.<\/p>\n<p>\u201cN\u00e3o temos clareza sobre os fatos porque a pol\u00edcia ainda est\u00e1 investigando. Sofremos repetidos ataques: arrombamentos, depreda\u00e7\u00e3o de imagens sagradas e, por \u00faltimo, esse ataque vil e odioso. N\u00e3o temos outra explica\u00e7\u00e3o a n\u00e3o ser persegui\u00e7\u00e3o religiosa\u201d, declarou.<\/p>\n<p>Segundo ele, a presen\u00e7a de s\u00edmbolos nazistas no local levanta ainda mais preocupa\u00e7\u00e3o e pode indicar a atua\u00e7\u00e3o de uma poss\u00edvel c\u00e9lula extremista. \u201c\u00c9 algo muito perigoso\u201d, alertou.<\/p>\n<h2 class=\"wp-block-heading\" id=\"h-centro-de-umbanda-sao-jorge-guerreiro\">Centro de Umbanda S\u00e3o Jorge Guerreiro<\/h2>\n<p>Com mais de 80 anos de atua\u00e7\u00e3o em Guanambi, o centro de matriz africana presta apoio espiritual \u00e0 popula\u00e7\u00e3o e atende especialmente pessoas em situa\u00e7\u00e3o de vulnerabilidade. No \u00faltimo ano, no entanto, o espa\u00e7o passou a enfrentar uma intensifica\u00e7\u00e3o das persegui\u00e7\u00f5es.<\/p>\n<p>Diante da viol\u00eancia, foram instalados sistema de monitoramento e cerca de prote\u00e7\u00e3o como forma de refor\u00e7ar a seguran\u00e7a no local. Al\u00e9m disso, diversos boletins de ocorr\u00eancia j\u00e1 foram registrados na Delegacia Territorial de Guanambi, e uma representa\u00e7\u00e3o tamb\u00e9m foi encaminhada ao Minist\u00e9rio P\u00fablico.<\/p>\n<p>\u201cTomamos todas as provid\u00eancias legais. Precisamos ter muita cautela com rela\u00e7\u00e3o a esse ataque porque ele pode ter partido de uma c\u00e9lula neonazista na cidade. Estamos amedrontados e n\u00e3o sabemos at\u00e9 que ponto podem chegar\u201d, afirmou Donato.<\/p>\n<p><em>Siga o Acorda Cidade no<\/em><a href=\"https:\/\/news.google.com\/search?q=acorda%20cidade&amp;hl=pt-BR&amp;gl=BR&amp;ceid=BR%3Apt-419\"><strong><em>\u00a0Google Not\u00edcias<\/em><\/strong><\/a><em>\u00a0e receba os principais destaques do dia. Participe tamb\u00e9m dos nossos canais no\u00a0<\/em><a href=\"https:\/\/www.whatsapp.com\/channel\/0029Va6Rb4v3WHTNnsh8WI3N\"><strong><em>WhatsApp<\/em><\/strong><\/a><em>\u00a0e\u00a0<\/em><a href=\"https:\/\/www.youtube.com\/@acordacidadenoticias\/videos\"><strong>YouTube<\/strong><\/a><em>\u00a0e grupo de\u00a0<\/em><a href=\"https:\/\/t.me\/+sSz0khrgARA0ZmRh\"><strong><em>Telegram<\/em><\/strong><\/a><em>.<\/em><\/p>\n<\/div>\n","protected":false},"excerpt":{"rendered":"<div>\n<div>\n<figure><img decoding=\"async\" src=\"https:\/\/uploads.acordacidade.com.br\/2026\/04\/Terreiro-de-umbanda-vandalizado-em-guanambi.webp\" alt=\"Centro de Umbanda sofre constantes ataques de supostos neonazistas\"><figcaption>Foto: WhatsApp\/Achei Sudoeste<\/figcaption><\/figure>\n<\/div>\n<p>Com mais de 80 anos de atua\u00e7\u00e3o, o Centro de Umbanda S\u00e3o Jorge Guerreiro, presta apoio espiritual \u00e0 popula\u00e7\u00e3o.<\/p><\/div>\n","protected":false},"author":1,"featured_media":129015,"comment_status":"closed","ping_status":"closed","sticky":false,"template":"","format":"gallery","meta":{"footnotes":""},"categories":[8,9,6,57,56,10],"tags":[],"class_list":["post-129014","post","type-post","status-publish","format-gallery","has-post-thumbnail","hentry","category-bahia","category-brasil","category-feira-de-santana","category-mundo","category-policia","category-politica","post_format-post-format-gallery"],"featured_image_urls":{"full":["https:\/\/noticiasbahia360.com.br\/wp-content\/uploads\/2026\/04\/Terreiro-de-umbanda-vandalizado-em-guanambi.webp",1200,712,false],"thumbnail":["https:\/\/noticiasbahia360.com.br\/wp-content\/uploads\/2026\/04\/Terreiro-de-umbanda-vandalizado-em-guanambi-150x150.webp",150,150,true],"medium":["https:\/\/noticiasbahia360.com.br\/wp-content\/uploads\/2026\/04\/Terreiro-de-umbanda-vandalizado-em-guanambi-300x178.webp",300,178,true],"medium_large":["https:\/\/noticiasbahia360.com.br\/wp-content\/uploads\/2026\/04\/Terreiro-de-umbanda-vandalizado-em-guanambi-768x456.webp",640,380,true],"large":["https:\/\/noticiasbahia360.com.br\/wp-content\/uploads\/2026\/04\/Terreiro-de-umbanda-vandalizado-em-guanambi-1024x608.webp",640,380,true],"1536x1536":["https:\/\/noticiasbahia360.com.br\/wp-content\/uploads\/2026\/04\/Terreiro-de-umbanda-vandalizado-em-guanambi.webp",1200,712,false],"2048x2048":["https:\/\/noticiasbahia360.com.br\/wp-content\/uploads\/2026\/04\/Terreiro-de-umbanda-vandalizado-em-guanambi.webp",1200,712,false],"chromenews-featured":["https:\/\/noticiasbahia360.com.br\/wp-content\/uploads\/2026\/04\/Terreiro-de-umbanda-vandalizado-em-guanambi-1024x608.webp",1024,608,true],"chromenews-large":["https:\/\/noticiasbahia360.com.br\/wp-content\/uploads\/2026\/04\/Terreiro-de-umbanda-vandalizado-em-guanambi-825x575.webp",825,575,true],"chromenews-medium":["https:\/\/noticiasbahia360.com.br\/wp-content\/uploads\/2026\/04\/Terreiro-de-umbanda-vandalizado-em-guanambi-590x410.webp",590,410,true]},"author_info":{"display_name":"noticiasbahia360.com.br","author_link":"https:\/\/noticiasbahia360.com.br\/?author=1"},"category_info":"<a href=\"https:\/\/noticiasbahia360.com.br\/?cat=8\" rel=\"category\">Bahia<\/a> <a href=\"https:\/\/noticiasbahia360.com.br\/?cat=9\" rel=\"category\">Brasil<\/a> <a href=\"https:\/\/noticiasbahia360.com.br\/?cat=6\" rel=\"category\">Feira de Santana<\/a> <a href=\"https:\/\/noticiasbahia360.com.br\/?cat=57\" rel=\"category\">Mundo<\/a> <a href=\"https:\/\/noticiasbahia360.com.br\/?cat=56\" rel=\"category\">Pol\u00edcia<\/a> <a href=\"https:\/\/noticiasbahia360.com.br\/?cat=10\" rel=\"category\">Pol\u00edtica<\/a>","tag_info":"Pol\u00edtica","comment_count":"0","_links":{"self":[{"href":"https:\/\/noticiasbahia360.com.br\/index.php?rest_route=\/wp\/v2\/posts\/129014","targetHints":{"allow":["GET"]}}],"collection":[{"href":"https:\/\/noticiasbahia360.com.br\/index.php?rest_route=\/wp\/v2\/posts"}],"about":[{"href":"https:\/\/noticiasbahia360.com.br\/index.php?rest_route=\/wp\/v2\/types\/post"}],"author":[{"embeddable":true,"href":"https:\/\/noticiasbahia360.com.br\/index.php?rest_route=\/wp\/v2\/users\/1"}],"replies":[{"embeddable":true,"href":"https:\/\/noticiasbahia360.com.br\/index.php?rest_route=%2Fwp%2Fv2%2Fcomments&post=129014"}],"version-history":[{"count":0,"href":"https:\/\/noticiasbahia360.com.br\/index.php?rest_route=\/wp\/v2\/posts\/129014\/revisions"}],"wp:featuredmedia":[{"embeddable":true,"href":"https:\/\/noticiasbahia360.com.br\/index.php?rest_route=\/wp\/v2\/media\/129015"}],"wp:attachment":[{"href":"https:\/\/noticiasbahia360.com.br\/index.php?rest_route=%2Fwp%2Fv2%2Fmedia&parent=129014"}],"wp:term":[{"taxonomy":"category","embeddable":true,"href":"https:\/\/noticiasbahia360.com.br\/index.php?rest_route=%2Fwp%2Fv2%2Fcategories&post=129014"},{"taxonomy":"post_tag","embeddable":true,"href":"https:\/\/noticiasbahia360.com.br\/index.php?rest_route=%2Fwp%2Fv2%2Ftags&post=129014"}],"curies":[{"name":"wp","href":"https:\/\/api.w.org\/{rel}","templated":true}]}}