{"id":129016,"date":"2026-04-30T08:06:21","date_gmt":"2026-04-30T11:06:21","guid":{"rendered":"https:\/\/noticiasbahia360.com.br\/?p=129016"},"modified":"2026-04-30T08:06:21","modified_gmt":"2026-04-30T11:06:21","slug":"apos-rejeicao-no-senado-jorge-messias-afirma-nao-e-simples-mas-aceito-o-resultado","status":"publish","type":"post","link":"https:\/\/noticiasbahia360.com.br\/?p=129016","title":{"rendered":"Ap\u00f3s rejei\u00e7\u00e3o no Senado, Jorge Messias afirma: \u201cN\u00e3o \u00e9 simples, mas aceito o resultado\u201d"},"content":{"rendered":"<div>\n<div>\n<figure><img decoding=\"async\" src=\"http:\/\/noticiasbahia360.com.br\/wp-content\/uploads\/2026\/04\/Jorge-Messias-2.webp\" alt=\"Ap\u00f3s rejei\u00e7\u00e3o no Senado, Jorge Messias afirma: \u201cN\u00e3o \u00e9 simples, mas aceito o resultado\u201d\"><figcaption>Jorge Messias | Foto: Ton Molina\/Ag\u00eancia Senado<\/figcaption><\/figure>\n<\/div>\n<p>Ag\u00eancia Brasil \u2013 <strong>Em sua primeira manifesta\u00e7\u00e3o ap\u00f3s\u00a0ter o nome rejeitado para o Supremo Tribunal Federal\u00a0(STF), o advogado-geral da Uni\u00e3o, Jorge Messias, afirmou nesta quarta-feira (29) que participou de forma \u201c\u00edntegra\u201d e \u201cfranca\u201d de todo o processo de indica\u00e7\u00e3o. Ele agradeceu os votos recebidos e disse aceitar o resultado.<\/strong><img decoding=\"async\" src=\"https:\/\/agenciabrasil.ebc.com.br\/ebc.png?id=1687762&amp;o=node\"><img decoding=\"async\" src=\"https:\/\/agenciabrasil.ebc.com.br\/ebc.gif?id=1687762&amp;o=node\"><\/p>\n<blockquote class=\"wp-block-quote is-layout-flow wp-block-quote-is-layout-flow\">\n<p>\u201cMe submeti a uma sabatina de cora\u00e7\u00e3o aberto, de alma leve, esp\u00edrito franco. Falei a verdade, falei o que penso, falei o que sinto, demonstrei o que sinto. Agora, a vida \u00e9 assim, tem dias de vit\u00f3rias e dias de derrotas. Temos que aceitar, o Senado \u00e9 soberano, o plen\u00e1rio do Senado \u00e9 soberano. O plen\u00e1rio falou. Agrade\u00e7o os votos que recebi, faz parte do processo democr\u00e1tico saber ganhar, saber perder\u201d, disse o ministro da AGU em declara\u00e7\u00e3o a jornalistas, ap\u00f3s o resultado.\u00a0\u00a0<\/p>\n<\/blockquote>\n<p><strong>O nome indicado pelo presidente Luiz In\u00e1cio Lula da Silva recebeu 42 votos contr\u00e1rios e 34 favor\u00e1veis.\u00a0<\/strong>Para que a indica\u00e7\u00e3o de Messias fosse aprovada eram necess\u00e1rios pelo menos 41 votos dos 81 senadores. Com a rejei\u00e7\u00e3o, a indica\u00e7\u00e3o foi arquivada.<\/p>\n<p>Esta \u00e9 a primeira vez em mais de 130 anos que o nome de um indicado a ministro do STF \u00e9 rejeitado.<\/p>\n<p>\u201cN\u00e3o \u00e9 simples algu\u00e9m com a minha trajet\u00f3ria passar por uma reprova\u00e7\u00e3o. Mas eu quero dizer algo muito importante, eu aprendi que a minha est\u00e1 nas m\u00e3os de Deus, e Deus sabe de todas as coisas. Deus tem um plano para a nossa vida, para a vida de cada um de n\u00f3s. Lutei o bom combate, como todo crist\u00e3o e preciso aceitar o plano de Deus na minha vida\u201d, prosseguiu Jorge Messias, que \u00e9 evang\u00e9lico e tinha apoio de segmentos religiosos.<\/p>\n<p>A indica\u00e7\u00e3o de Jorge Messias\u00a0foi anunciada pelo presidente Luiz In\u00e1cio Lula da Silva\u00a0h\u00e1 cerca de cinco meses, mas a mensagem oficial com a indica\u00e7\u00e3o (MSF 7\/2026) s\u00f3 chegou ao Senado no in\u00edcio de abril.<\/p>\n<p>Ele foi indicado pelo governo federal para assumir a vaga deixada pelo ministro Lu\u00eds Roberto Barroso, que anunciou aposentadoria antecipada da Corte e deixou o tribunal em outubro de 2025.<\/p>\n<p>Ainda na declara\u00e7\u00e3o a jornalistas, Messias afirmou que passou por cinco meses de um processo de desconstru\u00e7\u00e3o de sua imagem, afirmou ter \u201cvida limpa\u201d e agradeceu ao presidente Lula pela indica\u00e7\u00e3o.<\/p>\n<blockquote class=\"wp-block-quote is-layout-flow wp-block-quote-is-layout-flow\">\n<p>\u201cO presidente Lula me deu uma grande honra de ter participado desse processo e agrade\u00e7o a ele pela oportunidade. Eu n\u00e3o encaro isso aqui como um fim, isso aqui \u00e9 uma etapa do processo da minha vida\u201d, acrescentou.<\/p>\n<\/blockquote>\n<p><strong>Messias disse que \u00e9 servidor p\u00fablico de carreira e que n\u00e3o precisava de um cargo p\u00fablico para prosseguir sua trajet\u00f3ria profissional.<\/strong><\/p>\n<p><em>Siga o Acorda Cidade no<\/em><a href=\"https:\/\/news.google.com\/search?q=acorda%20cidade&amp;hl=pt-BR&amp;gl=BR&amp;ceid=BR%3Apt-419\"><strong><em>\u00a0Google Not\u00edcias<\/em><\/strong><\/a><em>\u00a0e receba os principais destaques do dia. Participe tamb\u00e9m dos nossos canais no\u00a0<\/em><a href=\"https:\/\/www.whatsapp.com\/channel\/0029Va6Rb4v3WHTNnsh8WI3N\"><strong><em>WhatsApp<\/em><\/strong><\/a><em>\u00a0e\u00a0<\/em><a href=\"https:\/\/www.youtube.com\/@acordacidadenoticias\/videos\"><strong>YouTube<\/strong><\/a><em>\u00a0e grupo de\u00a0<\/em><a href=\"https:\/\/t.me\/+sSz0khrgARA0ZmRh\"><strong><em>Telegram<\/em><\/strong><\/a><em>.<\/em><\/p>\n<\/div>\n","protected":false},"excerpt":{"rendered":"<div>\n<div>\n<figure><img decoding=\"async\" src=\"https:\/\/uploads.acordacidade.com.br\/2026\/04\/Jorge-Messias-2.webp\" alt=\"Ap\u00f3s rejei\u00e7\u00e3o no Senado, Jorge Messias afirma: \u201cN\u00e3o \u00e9 simples, mas aceito o resultado\u201d\"><figcaption>Jorge Messias | Foto: Ton Molina\/Ag\u00eancia Senado<\/figcaption><\/figure>\n<\/div>\n<p>Jorge Messias, nome indicado pelo presidente Luiz In\u00e1cio Lula da Silva, recebeu 42 votos contr\u00e1rios e 34 favor\u00e1veis.<\/p><\/div>\n","protected":false},"author":1,"featured_media":129017,"comment_status":"closed","ping_status":"closed","sticky":false,"template":"","format":"gallery","meta":{"footnotes":""},"categories":[8,9,6,57,56,10],"tags":[],"class_list":["post-129016","post","type-post","status-publish","format-gallery","has-post-thumbnail","hentry","category-bahia","category-brasil","category-feira-de-santana","category-mundo","category-policia","category-politica","post_format-post-format-gallery"],"featured_image_urls":{"full":["https:\/\/noticiasbahia360.com.br\/wp-content\/uploads\/2026\/04\/Jorge-Messias-2.webp",1200,718,false],"thumbnail":["https:\/\/noticiasbahia360.com.br\/wp-content\/uploads\/2026\/04\/Jorge-Messias-2-150x150.webp",150,150,true],"medium":["https:\/\/noticiasbahia360.com.br\/wp-content\/uploads\/2026\/04\/Jorge-Messias-2-300x180.webp",300,180,true],"medium_large":["https:\/\/noticiasbahia360.com.br\/wp-content\/uploads\/2026\/04\/Jorge-Messias-2-768x460.webp",640,383,true],"large":["https:\/\/noticiasbahia360.com.br\/wp-content\/uploads\/2026\/04\/Jorge-Messias-2-1024x613.webp",640,383,true],"1536x1536":["https:\/\/noticiasbahia360.com.br\/wp-content\/uploads\/2026\/04\/Jorge-Messias-2.webp",1200,718,false],"2048x2048":["https:\/\/noticiasbahia360.com.br\/wp-content\/uploads\/2026\/04\/Jorge-Messias-2.webp",1200,718,false],"chromenews-featured":["https:\/\/noticiasbahia360.com.br\/wp-content\/uploads\/2026\/04\/Jorge-Messias-2-1024x613.webp",1024,613,true],"chromenews-large":["https:\/\/noticiasbahia360.com.br\/wp-content\/uploads\/2026\/04\/Jorge-Messias-2-825x575.webp",825,575,true],"chromenews-medium":["https:\/\/noticiasbahia360.com.br\/wp-content\/uploads\/2026\/04\/Jorge-Messias-2-590x410.webp",590,410,true]},"author_info":{"display_name":"noticiasbahia360.com.br","author_link":"https:\/\/noticiasbahia360.com.br\/?author=1"},"category_info":"<a href=\"https:\/\/noticiasbahia360.com.br\/?cat=8\" rel=\"category\">Bahia<\/a> <a href=\"https:\/\/noticiasbahia360.com.br\/?cat=9\" rel=\"category\">Brasil<\/a> <a href=\"https:\/\/noticiasbahia360.com.br\/?cat=6\" rel=\"category\">Feira de Santana<\/a> <a href=\"https:\/\/noticiasbahia360.com.br\/?cat=57\" rel=\"category\">Mundo<\/a> <a href=\"https:\/\/noticiasbahia360.com.br\/?cat=56\" rel=\"category\">Pol\u00edcia<\/a> <a href=\"https:\/\/noticiasbahia360.com.br\/?cat=10\" rel=\"category\">Pol\u00edtica<\/a>","tag_info":"Pol\u00edtica","comment_count":"0","_links":{"self":[{"href":"https:\/\/noticiasbahia360.com.br\/index.php?rest_route=\/wp\/v2\/posts\/129016","targetHints":{"allow":["GET"]}}],"collection":[{"href":"https:\/\/noticiasbahia360.com.br\/index.php?rest_route=\/wp\/v2\/posts"}],"about":[{"href":"https:\/\/noticiasbahia360.com.br\/index.php?rest_route=\/wp\/v2\/types\/post"}],"author":[{"embeddable":true,"href":"https:\/\/noticiasbahia360.com.br\/index.php?rest_route=\/wp\/v2\/users\/1"}],"replies":[{"embeddable":true,"href":"https:\/\/noticiasbahia360.com.br\/index.php?rest_route=%2Fwp%2Fv2%2Fcomments&post=129016"}],"version-history":[{"count":0,"href":"https:\/\/noticiasbahia360.com.br\/index.php?rest_route=\/wp\/v2\/posts\/129016\/revisions"}],"wp:featuredmedia":[{"embeddable":true,"href":"https:\/\/noticiasbahia360.com.br\/index.php?rest_route=\/wp\/v2\/media\/129017"}],"wp:attachment":[{"href":"https:\/\/noticiasbahia360.com.br\/index.php?rest_route=%2Fwp%2Fv2%2Fmedia&parent=129016"}],"wp:term":[{"taxonomy":"category","embeddable":true,"href":"https:\/\/noticiasbahia360.com.br\/index.php?rest_route=%2Fwp%2Fv2%2Fcategories&post=129016"},{"taxonomy":"post_tag","embeddable":true,"href":"https:\/\/noticiasbahia360.com.br\/index.php?rest_route=%2Fwp%2Fv2%2Ftags&post=129016"}],"curies":[{"name":"wp","href":"https:\/\/api.w.org\/{rel}","templated":true}]}}