{"id":129020,"date":"2026-04-30T08:32:14","date_gmt":"2026-04-30T11:32:14","guid":{"rendered":"https:\/\/noticiasbahia360.com.br\/?p=129020"},"modified":"2026-04-30T08:32:14","modified_gmt":"2026-04-30T11:32:14","slug":"gilsam-e-hugo-damasceno-comandam-ato-politico-e-cultural-no-dia-do-trabalhador","status":"publish","type":"post","link":"https:\/\/noticiasbahia360.com.br\/?p=129020","title":{"rendered":"Gilsam e Hugo Damasceno comandam ato pol\u00edtico e cultural no Dia do Trabalhador"},"content":{"rendered":"<div>\n<div>\n<figure><img decoding=\"async\" src=\"http:\/\/noticiasbahia360.com.br\/wp-content\/uploads\/2026\/04\/Reforma-da-Pra_a-Dona-Pomba-fotos-Jorge-Magalh_es-10.webp\" alt=\"O cora\u00e7\u00e3o negro da Princesa do Sert\u00e3o, Rua Nova \u00e9 celebrada como Bem Cultural e Imaterial de Feira de Santana\"><figcaption>Foto: Divulga\u00e7\u00e3o\/Secom\/PMFS<\/figcaption><\/figure>\n<\/div>\n<p>A Pra\u00e7a Dona Pomba, no bairro <a href=\"https:\/\/www.acordacidade.com.br\/tag\/rua-nova\/\" type=\"post_tag\" id=\"36276\">Rua Nova<\/a>, em Feira de Santana, ser\u00e1 palco de um ato pol\u00edtico e cultural nesta sexta-feira, 1\u00ba de maio, a partir das 9h, em celebra\u00e7\u00e3o ao Dia do Trabalhador.<\/p>\n<p>Com o tema \u201cM\u00fasica, luta e democracia: vamos juntos!\u201d, o evento reunir\u00e1 apresenta\u00e7\u00f5es musicais de Gilsam e Banda Airiy\u00ea, al\u00e9m de Hugo Damasceno e Banda HD.<\/p>\n<figure class=\"wp-block-image size-large\"><img fetchpriority=\"high\" fetchpriority=\"high\" decoding=\"async\" width=\"1024\" height=\"671\" src=\"http:\/\/noticiasbahia360.com.br\/wp-content\/uploads\/2026\/04\/yZ8Bv64Y-Gilsam-na-Micareta-1024x671-1.webp\" alt=\"Gilsam na Micareta\" class=\"wp-image-548756\" srcset=\"http:\/\/noticiasbahia360.com.br\/wp-content\/uploads\/2026\/04\/yZ8Bv64Y-Gilsam-na-Micareta-1024x671-1.webp 1024w, https:\/\/www.acordacidade.com.br\/wp-content\/uploads\/2025\/05\/yZ8Bv64Y-Gilsam-na-Micareta--300x197.webp 300w, https:\/\/www.acordacidade.com.br\/wp-content\/uploads\/2025\/05\/yZ8Bv64Y-Gilsam-na-Micareta--768x503.webp 768w, https:\/\/www.acordacidade.com.br\/wp-content\/uploads\/2025\/05\/yZ8Bv64Y-Gilsam-na-Micareta--150x98.webp 150w, https:\/\/www.acordacidade.com.br\/wp-content\/uploads\/2025\/05\/yZ8Bv64Y-Gilsam-na-Micareta-.webp 1200w\" sizes=\"(max-width: 1024px) 100vw, 1024px\"><figcaption class=\"wp-element-caption\">Gilsam | Foto: Divulga\u00e7\u00e3o <\/figcaption><\/figure>\n<p>A programa\u00e7\u00e3o conta com a participa\u00e7\u00e3o do Afox\u00e9 Pomba de Mal\u00ea, refor\u00e7ando a proposta de valoriza\u00e7\u00e3o da cultura popular negra e do debate pol\u00edtico-social promovido no territ\u00f3rio da Rua Nova.<\/p>\n<p>O encontro busca reunir a comunidade em um momento de manifesta\u00e7\u00e3o cultural e de defesa da democracia, utilizando a m\u00fasica e a arte como instrumentos de mobiliza\u00e7\u00e3o e resist\u00eancia.<\/p>\n<p>O evento \u00e9 aberto ao p\u00fablico e acontecer\u00e1 na Pra\u00e7a Dona Pomba, localizada no bairro Rua Nova, um dos pontos tradicionais de mobiliza\u00e7\u00e3o cultural na Princesa do Sert\u00e3o.<\/p>\n<figure class=\"wp-block-image size-full\"><img decoding=\"async\" width=\"1200\" height=\"1800\" src=\"http:\/\/noticiasbahia360.com.br\/wp-content\/uploads\/2026\/04\/evento-na-Rua-Nova.webp\" alt=\"Gilsam e Hugo Damasceno comandam ato pol\u00edtico e cultural no Dia do Trabalhador \" class=\"wp-image-651185\" srcset=\"http:\/\/noticiasbahia360.com.br\/wp-content\/uploads\/2026\/04\/evento-na-Rua-Nova.webp 1200w, https:\/\/uploads.acordacidade.com.br\/2026\/04\/evento-na-Rua-Nova-750x1125.webp 750w, https:\/\/uploads.acordacidade.com.br\/2026\/04\/evento-na-Rua-Nova-1000x1500.webp 1000w, https:\/\/uploads.acordacidade.com.br\/2026\/04\/evento-na-Rua-Nova-1024x1536.webp 1024w, https:\/\/uploads.acordacidade.com.br\/2026\/04\/evento-na-Rua-Nova-450x675.webp 450w, https:\/\/uploads.acordacidade.com.br\/2026\/04\/evento-na-Rua-Nova-150x225.webp 150w\" sizes=\"(max-width: 1200px) 100vw, 1200px\"><figcaption class=\"wp-element-caption\">Foto: Divulga\u00e7\u00e3o<\/figcaption><\/figure>\n<p><em>Siga o Acorda Cidade no<\/em><a href=\"https:\/\/news.google.com\/search?q=acorda%20cidade&amp;hl=pt-BR&amp;gl=BR&amp;ceid=BR%3Apt-419\"><strong><em>\u00a0Google Not\u00edcias<\/em><\/strong><\/a><em>\u00a0e receba os principais destaques do dia. Participe tamb\u00e9m dos nossos canais no\u00a0<\/em><a href=\"https:\/\/www.whatsapp.com\/channel\/0029Va6Rb4v3WHTNnsh8WI3N\"><strong><em>WhatsApp<\/em><\/strong><\/a><em>\u00a0e\u00a0<\/em><a href=\"https:\/\/www.youtube.com\/@acordacidadenoticias\/videos\"><strong>YouTube<\/strong><\/a><em>\u00a0e grupo de\u00a0<\/em><a href=\"https:\/\/t.me\/+sSz0khrgARA0ZmRh\"><strong><em>Telegram<\/em><\/strong><\/a><em>.<\/em><\/p>\n<\/div>\n","protected":false},"excerpt":{"rendered":"<div>\n<div>\n<figure><img decoding=\"async\" src=\"https:\/\/www.acordacidade.com.br\/wp-content\/uploads\/2025\/09\/Reforma-da-Pra_a-Dona-Pomba-fotos-Jorge-Magalh_es-10.webp\" alt=\"O cora\u00e7\u00e3o negro da Princesa do Sert\u00e3o, Rua Nova \u00e9 celebrada como Bem Cultural e Imaterial de Feira de Santana\"><figcaption>Foto: Divulga\u00e7\u00e3o\/Secom\/PMFS<\/figcaption><\/figure>\n<\/div>\n<p>O evento \u00e9 aberto ao p\u00fablico e acontecer\u00e1 na Pra\u00e7a Dona Pomba, localizada no bairro Rua Nova, a partir das 9h, em Feira de Santana.<\/p><\/div>\n","protected":false},"author":1,"featured_media":129021,"comment_status":"closed","ping_status":"closed","sticky":false,"template":"","format":"gallery","meta":{"footnotes":""},"categories":[8,9,6,57,56,10],"tags":[],"class_list":["post-129020","post","type-post","status-publish","format-gallery","has-post-thumbnail","hentry","category-bahia","category-brasil","category-feira-de-santana","category-mundo","category-policia","category-politica","post_format-post-format-gallery"],"featured_image_urls":{"full":["https:\/\/noticiasbahia360.com.br\/wp-content\/uploads\/2026\/04\/Reforma-da-Pra_a-Dona-Pomba-fotos-Jorge-Magalh_es-10.webp",1200,801,false],"thumbnail":["https:\/\/noticiasbahia360.com.br\/wp-content\/uploads\/2026\/04\/Reforma-da-Pra_a-Dona-Pomba-fotos-Jorge-Magalh_es-10-150x150.webp",150,150,true],"medium":["https:\/\/noticiasbahia360.com.br\/wp-content\/uploads\/2026\/04\/Reforma-da-Pra_a-Dona-Pomba-fotos-Jorge-Magalh_es-10-300x200.webp",300,200,true],"medium_large":["https:\/\/noticiasbahia360.com.br\/wp-content\/uploads\/2026\/04\/Reforma-da-Pra_a-Dona-Pomba-fotos-Jorge-Magalh_es-10-768x513.webp",640,428,true],"large":["https:\/\/noticiasbahia360.com.br\/wp-content\/uploads\/2026\/04\/Reforma-da-Pra_a-Dona-Pomba-fotos-Jorge-Magalh_es-10-1024x684.webp",640,428,true],"1536x1536":["https:\/\/noticiasbahia360.com.br\/wp-content\/uploads\/2026\/04\/Reforma-da-Pra_a-Dona-Pomba-fotos-Jorge-Magalh_es-10.webp",1200,801,false],"2048x2048":["https:\/\/noticiasbahia360.com.br\/wp-content\/uploads\/2026\/04\/Reforma-da-Pra_a-Dona-Pomba-fotos-Jorge-Magalh_es-10.webp",1200,801,false],"chromenews-featured":["https:\/\/noticiasbahia360.com.br\/wp-content\/uploads\/2026\/04\/Reforma-da-Pra_a-Dona-Pomba-fotos-Jorge-Magalh_es-10-1024x684.webp",1024,684,true],"chromenews-large":["https:\/\/noticiasbahia360.com.br\/wp-content\/uploads\/2026\/04\/Reforma-da-Pra_a-Dona-Pomba-fotos-Jorge-Magalh_es-10-825x575.webp",825,575,true],"chromenews-medium":["https:\/\/noticiasbahia360.com.br\/wp-content\/uploads\/2026\/04\/Reforma-da-Pra_a-Dona-Pomba-fotos-Jorge-Magalh_es-10-590x410.webp",590,410,true]},"author_info":{"display_name":"noticiasbahia360.com.br","author_link":"https:\/\/noticiasbahia360.com.br\/?author=1"},"category_info":"<a href=\"https:\/\/noticiasbahia360.com.br\/?cat=8\" rel=\"category\">Bahia<\/a> <a href=\"https:\/\/noticiasbahia360.com.br\/?cat=9\" rel=\"category\">Brasil<\/a> <a href=\"https:\/\/noticiasbahia360.com.br\/?cat=6\" rel=\"category\">Feira de Santana<\/a> <a href=\"https:\/\/noticiasbahia360.com.br\/?cat=57\" rel=\"category\">Mundo<\/a> <a href=\"https:\/\/noticiasbahia360.com.br\/?cat=56\" rel=\"category\">Pol\u00edcia<\/a> <a href=\"https:\/\/noticiasbahia360.com.br\/?cat=10\" rel=\"category\">Pol\u00edtica<\/a>","tag_info":"Pol\u00edtica","comment_count":"0","_links":{"self":[{"href":"https:\/\/noticiasbahia360.com.br\/index.php?rest_route=\/wp\/v2\/posts\/129020","targetHints":{"allow":["GET"]}}],"collection":[{"href":"https:\/\/noticiasbahia360.com.br\/index.php?rest_route=\/wp\/v2\/posts"}],"about":[{"href":"https:\/\/noticiasbahia360.com.br\/index.php?rest_route=\/wp\/v2\/types\/post"}],"author":[{"embeddable":true,"href":"https:\/\/noticiasbahia360.com.br\/index.php?rest_route=\/wp\/v2\/users\/1"}],"replies":[{"embeddable":true,"href":"https:\/\/noticiasbahia360.com.br\/index.php?rest_route=%2Fwp%2Fv2%2Fcomments&post=129020"}],"version-history":[{"count":0,"href":"https:\/\/noticiasbahia360.com.br\/index.php?rest_route=\/wp\/v2\/posts\/129020\/revisions"}],"wp:featuredmedia":[{"embeddable":true,"href":"https:\/\/noticiasbahia360.com.br\/index.php?rest_route=\/wp\/v2\/media\/129021"}],"wp:attachment":[{"href":"https:\/\/noticiasbahia360.com.br\/index.php?rest_route=%2Fwp%2Fv2%2Fmedia&parent=129020"}],"wp:term":[{"taxonomy":"category","embeddable":true,"href":"https:\/\/noticiasbahia360.com.br\/index.php?rest_route=%2Fwp%2Fv2%2Fcategories&post=129020"},{"taxonomy":"post_tag","embeddable":true,"href":"https:\/\/noticiasbahia360.com.br\/index.php?rest_route=%2Fwp%2Fv2%2Ftags&post=129020"}],"curies":[{"name":"wp","href":"https:\/\/api.w.org\/{rel}","templated":true}]}}