{"id":129024,"date":"2026-04-30T08:41:12","date_gmt":"2026-04-30T11:41:12","guid":{"rendered":"https:\/\/noticiasbahia360.com.br\/?p=129024"},"modified":"2026-04-30T08:41:12","modified_gmt":"2026-04-30T11:41:12","slug":"veja-o-que-abre-e-fecha-no-feriado-do-trabalhador-em-feira-de-santana","status":"publish","type":"post","link":"https:\/\/noticiasbahia360.com.br\/?p=129024","title":{"rendered":"Veja o que abre e fecha no feriado do Trabalhador em Feira de Santana"},"content":{"rendered":"<div>\n<div>\n<figure><img decoding=\"async\" src=\"http:\/\/noticiasbahia360.com.br\/wp-content\/uploads\/2026\/04\/comercio-de-feira-de-santana-ft-paulo-jose-acorda-cidade-0-1.webp\" alt=\"com\u00e9rcio de Feira de Santana registra movimenta\u00e7\u00e3o na v\u00e9spera do feriado de Tiradentes\"><figcaption>Foto: Paulo Jos\u00e9\/Acorda Cidade<\/figcaption><\/figure>\n<\/div>\n<p>Com a chegada do feriado do Dia do Trabalhador, celebrado nesta sexta-feira (1\u00ba), o funcionamento do com\u00e9rcio e de diversos servi\u00e7os em Feira de Santana sofrer\u00e1 altera\u00e7\u00f5es durante o feriad\u00e3o.<\/p>\n<p>Como o Acorda Cidade j\u00e1 divulgou, conforme informou o presidente do Sindicato do Com\u00e9rcio de Feira de Santana (Sincom\u00e9rcio), Marco Silva, o <a href=\"https:\/\/www.acordacidade.com.br\/feira-de-santana\/saiba-como-funcionara-o-comercio-no-feriadao-do-dia-do-trabalhador-lojas-abrem-no-dia-das-maes\/\" type=\"link\" id=\"https:\/\/www.acordacidade.com.br\/feira-de-santana\/saiba-como-funcionara-o-comercio-no-feriadao-do-dia-do-trabalhador-lojas-abrem-no-dia-das-maes\/\"><strong>com\u00e9rcio do centro n\u00e3o est\u00e1 autorizado a abrir no feriado<\/strong><\/a>, enquanto o com\u00e9rcio de bairro segue liberado para funcionamento.<\/p>\n<h2 class=\"wp-block-heading\" id=\"h-confira-o-que-abre-e-fecha\">Confira o que abre e fecha:<\/h2>\n<h3 class=\"wp-block-heading\" id=\"h-comercio-fecha-no-centro-abre-nos-bairros\">Com\u00e9rcio \u2013 Fecha no centro \/ Abre nos bairros<\/h3>\n<p>Na sexta-feira (1\u00ba), o com\u00e9rcio do centro da cidade estar\u00e1 fechado por conta do feriado do Dia do Trabalhador.<\/p>\n<p>J\u00e1 o com\u00e9rcio de bairro funcionar\u00e1 normalmente, incluindo lojas, mercadinhos e supermercados de pequeno porte, que tradicionalmente encerram as atividades por volta das 13h.<\/p>\n<p><strong>Os atacad\u00f5es tamb\u00e9m n\u00e3o funcionam na sexta-feira.<\/strong><\/p>\n<h3 class=\"wp-block-heading\" id=\"h-boulevard-shopping-parcialmente-aberto\">Boulevard Shopping \u2013 Parcialmente aberto<\/h3>\n<ul class=\"wp-block-list\">\n<li>Na sexta-feira (1\u00ba), lojas e quiosques estar\u00e3o fechados.<\/li>\n<li>A pra\u00e7a de alimenta\u00e7\u00e3o funcionar\u00e1 das 12h \u00e0s 22h, assim como o Outback.<\/li>\n<li>O Sam\u2019s Club permanecer\u00e1 fechado, assim como a Farm\u00e1cia Brito, Lot\u00e9rica Boulevard, Cl\u00ednica Sa\u00fade Center e Clinos.<\/li>\n<li>No s\u00e1bado (2), o funcionamento ser\u00e1 normal.<\/li>\n<li>Lojas e quiosques funcionam das 9h \u00e0s 22h, assim como a pra\u00e7a de alimenta\u00e7\u00e3o.<\/li>\n<li>O Outback abre das 11h30 \u00e0s 23h30.<\/li>\n<li>O Sam\u2019s Club funciona das 8h \u00e0s 22h, a Farm\u00e1cia Brito das 8h \u00e0s 22h, a Lot\u00e9rica Boulevard das 8h \u00e0s 21h, a Cl\u00ednica Sa\u00fade Center das 7h \u00e0s 13h e a Clinos das 9h \u00e0s 18h.<\/li>\n<\/ul>\n<h3 class=\"wp-block-heading\" id=\"h-supermercados-e-mercados-abrem-parcialmente\">Supermercados e mercados \u2013 Abrem parcialmente<\/h3>\n<p>Os supermercados de bairro funcionar\u00e3o normalmente durante a sexta-feira.<\/p>\n<p>J\u00e1 os mercadinhos e mercados de bairro seguem o costume de feriado e devem funcionar at\u00e9 12h ou 13h.<\/p>\n<p><strong>Vale refor\u00e7ar que os atacad\u00f5es estar\u00e3o fechados durante o feriado.<\/strong><\/p>\n<h3 class=\"wp-block-heading\" id=\"h-reparticoes-publicas-fecham\">Reparti\u00e7\u00f5es p\u00fablicas \u2013 Fecham<\/h3>\n<p>As reparti\u00e7\u00f5es p\u00fablicas municipais n\u00e3o ter\u00e3o expediente na sexta, em raz\u00e3o do feriado nacional.<\/p>\n<p>Servi\u00e7os essenciais, como o Servi\u00e7o de Atendimento M\u00f3vel de Urg\u00eancia (Samu), seguir\u00e3o funcionando normalmente sob regime de plant\u00e3o.<\/p>\n<h3 class=\"wp-block-heading\" id=\"h-bancos-fecham\">Bancos \u2013 Fecham<\/h3>\n<p>Segundo a Febraban (Federa\u00e7\u00e3o Brasileira de Bancos), as ag\u00eancias banc\u00e1rias estar\u00e3o fechadas nesta sexta (1\u00ba), sem atendimento presencial ao p\u00fablico.<\/p>\n<p>As compensa\u00e7\u00f5es banc\u00e1rias, incluindo TED, n\u00e3o ser\u00e3o realizadas no dia. J\u00e1 o PIX seguir\u00e1 funcionando normalmente, 24 horas por dia, inclusive durante o feriado.<\/p>\n<p>Boletos de cobran\u00e7a e contas de consumo com vencimento no feriado poder\u00e3o ser pagos no pr\u00f3ximo dia \u00fatil sem acr\u00e9scimo. J\u00e1 tributos e impostos devem ser pagos antecipadamente para evitar juros e multa.<\/p>\n<p><strong>Leia tamb\u00e9m: <a href=\"https:\/\/www.acordacidade.com.br\/feira-de-santana\/saiba-como-funcionara-o-comercio-no-feriadao-do-dia-do-trabalhador-lojas-abrem-no-dia-das-maes\/\" type=\"link\" id=\"https:\/\/www.acordacidade.com.br\/feira-de-santana\/saiba-como-funcionara-o-comercio-no-feriadao-do-dia-do-trabalhador-lojas-abrem-no-dia-das-maes\/\">Saiba como funcionar\u00e1 o com\u00e9rcio no feriad\u00e3o do Dia do Trabalhador; lojas abrem no Dia das M\u00e3es<\/a><\/strong><\/p>\n<p><em>Siga o Acorda Cidade no<\/em><a href=\"https:\/\/news.google.com\/search?q=acorda%20cidade&amp;hl=pt-BR&amp;gl=BR&amp;ceid=BR%3Apt-419\"><strong><em>\u00a0Google Not\u00edcias<\/em><\/strong><\/a><em>\u00a0e receba os principais destaques do dia. Participe tamb\u00e9m dos nossos canais no\u00a0<\/em><a href=\"https:\/\/www.whatsapp.com\/channel\/0029Va6Rb4v3WHTNnsh8WI3N\"><strong><em>WhatsApp<\/em><\/strong><\/a><em>\u00a0e\u00a0<\/em><a href=\"https:\/\/www.youtube.com\/@acordacidadenoticias\/videos\"><strong>YouTube<\/strong><\/a><em>\u00a0e grupo de\u00a0<\/em><a href=\"https:\/\/t.me\/+sSz0khrgARA0ZmRh\"><strong><em>Telegram<\/em><\/strong><\/a><em>.<\/em><\/p>\n<\/div>\n","protected":false},"excerpt":{"rendered":"<div>\n<div>\n<figure><img decoding=\"async\" src=\"https:\/\/uploads.acordacidade.com.br\/2026\/04\/comercio-de-feira-de-santana-ft-paulo-jose-acorda-cidade-0.webp\" alt=\"com\u00e9rcio de Feira de Santana registra movimenta\u00e7\u00e3o na v\u00e9spera do feriado de Tiradentes\"><figcaption>Foto: Paulo Jos\u00e9\/Acorda Cidade<\/figcaption><\/figure>\n<\/div>\n<p>O com\u00e9rcio do centro n\u00e3o est\u00e1 autorizado a abrir no feriado do trabalhador, enquanto o com\u00e9rcio de bairro segue liberado.<\/p><\/div>\n","protected":false},"author":1,"featured_media":129025,"comment_status":"closed","ping_status":"closed","sticky":false,"template":"","format":"gallery","meta":{"footnotes":""},"categories":[8,9,6,57,56,10],"tags":[],"class_list":["post-129024","post","type-post","status-publish","format-gallery","has-post-thumbnail","hentry","category-bahia","category-brasil","category-feira-de-santana","category-mundo","category-policia","category-politica","post_format-post-format-gallery"],"featured_image_urls":{"full":["https:\/\/noticiasbahia360.com.br\/wp-content\/uploads\/2026\/04\/comercio-de-feira-de-santana-ft-paulo-jose-acorda-cidade-0-1.webp",1200,796,false],"thumbnail":["https:\/\/noticiasbahia360.com.br\/wp-content\/uploads\/2026\/04\/comercio-de-feira-de-santana-ft-paulo-jose-acorda-cidade-0-1-150x150.webp",150,150,true],"medium":["https:\/\/noticiasbahia360.com.br\/wp-content\/uploads\/2026\/04\/comercio-de-feira-de-santana-ft-paulo-jose-acorda-cidade-0-1-300x199.webp",300,199,true],"medium_large":["https:\/\/noticiasbahia360.com.br\/wp-content\/uploads\/2026\/04\/comercio-de-feira-de-santana-ft-paulo-jose-acorda-cidade-0-1-768x509.webp",640,424,true],"large":["https:\/\/noticiasbahia360.com.br\/wp-content\/uploads\/2026\/04\/comercio-de-feira-de-santana-ft-paulo-jose-acorda-cidade-0-1-1024x679.webp",640,424,true],"1536x1536":["https:\/\/noticiasbahia360.com.br\/wp-content\/uploads\/2026\/04\/comercio-de-feira-de-santana-ft-paulo-jose-acorda-cidade-0-1.webp",1200,796,false],"2048x2048":["https:\/\/noticiasbahia360.com.br\/wp-content\/uploads\/2026\/04\/comercio-de-feira-de-santana-ft-paulo-jose-acorda-cidade-0-1.webp",1200,796,false],"chromenews-featured":["https:\/\/noticiasbahia360.com.br\/wp-content\/uploads\/2026\/04\/comercio-de-feira-de-santana-ft-paulo-jose-acorda-cidade-0-1-1024x679.webp",1024,679,true],"chromenews-large":["https:\/\/noticiasbahia360.com.br\/wp-content\/uploads\/2026\/04\/comercio-de-feira-de-santana-ft-paulo-jose-acorda-cidade-0-1-825x575.webp",825,575,true],"chromenews-medium":["https:\/\/noticiasbahia360.com.br\/wp-content\/uploads\/2026\/04\/comercio-de-feira-de-santana-ft-paulo-jose-acorda-cidade-0-1-590x410.webp",590,410,true]},"author_info":{"display_name":"noticiasbahia360.com.br","author_link":"https:\/\/noticiasbahia360.com.br\/?author=1"},"category_info":"<a href=\"https:\/\/noticiasbahia360.com.br\/?cat=8\" rel=\"category\">Bahia<\/a> <a href=\"https:\/\/noticiasbahia360.com.br\/?cat=9\" rel=\"category\">Brasil<\/a> <a href=\"https:\/\/noticiasbahia360.com.br\/?cat=6\" rel=\"category\">Feira de Santana<\/a> <a href=\"https:\/\/noticiasbahia360.com.br\/?cat=57\" rel=\"category\">Mundo<\/a> <a href=\"https:\/\/noticiasbahia360.com.br\/?cat=56\" rel=\"category\">Pol\u00edcia<\/a> <a href=\"https:\/\/noticiasbahia360.com.br\/?cat=10\" rel=\"category\">Pol\u00edtica<\/a>","tag_info":"Pol\u00edtica","comment_count":"0","_links":{"self":[{"href":"https:\/\/noticiasbahia360.com.br\/index.php?rest_route=\/wp\/v2\/posts\/129024","targetHints":{"allow":["GET"]}}],"collection":[{"href":"https:\/\/noticiasbahia360.com.br\/index.php?rest_route=\/wp\/v2\/posts"}],"about":[{"href":"https:\/\/noticiasbahia360.com.br\/index.php?rest_route=\/wp\/v2\/types\/post"}],"author":[{"embeddable":true,"href":"https:\/\/noticiasbahia360.com.br\/index.php?rest_route=\/wp\/v2\/users\/1"}],"replies":[{"embeddable":true,"href":"https:\/\/noticiasbahia360.com.br\/index.php?rest_route=%2Fwp%2Fv2%2Fcomments&post=129024"}],"version-history":[{"count":0,"href":"https:\/\/noticiasbahia360.com.br\/index.php?rest_route=\/wp\/v2\/posts\/129024\/revisions"}],"wp:featuredmedia":[{"embeddable":true,"href":"https:\/\/noticiasbahia360.com.br\/index.php?rest_route=\/wp\/v2\/media\/129025"}],"wp:attachment":[{"href":"https:\/\/noticiasbahia360.com.br\/index.php?rest_route=%2Fwp%2Fv2%2Fmedia&parent=129024"}],"wp:term":[{"taxonomy":"category","embeddable":true,"href":"https:\/\/noticiasbahia360.com.br\/index.php?rest_route=%2Fwp%2Fv2%2Fcategories&post=129024"},{"taxonomy":"post_tag","embeddable":true,"href":"https:\/\/noticiasbahia360.com.br\/index.php?rest_route=%2Fwp%2Fv2%2Ftags&post=129024"}],"curies":[{"name":"wp","href":"https:\/\/api.w.org\/{rel}","templated":true}]}}