{"id":129026,"date":"2026-04-30T09:51:42","date_gmt":"2026-04-30T12:51:42","guid":{"rendered":"https:\/\/noticiasbahia360.com.br\/?p=129026"},"modified":"2026-04-30T09:51:42","modified_gmt":"2026-04-30T12:51:42","slug":"colisao-frontal-entre-van-e-fiorino-deixa-dois-mortos-e-tres-feridos-na-br-116","status":"publish","type":"post","link":"https:\/\/noticiasbahia360.com.br\/?p=129026","title":{"rendered":"Colis\u00e3o frontal entre van e Fiorino deixa dois mortos e tr\u00eas feridos na BR-116"},"content":{"rendered":"<div>\n<div>\n<figure><img decoding=\"async\" src=\"http:\/\/noticiasbahia360.com.br\/wp-content\/uploads\/2026\/04\/colisao-fiorino.jpg\" alt=\"colis\u00e3o fiorino\"><figcaption>Foto: Divulga\u00e7\u00e3o\/ PRF<\/figcaption><\/figure>\n<\/div>\n<p>Dois homens morreram ap\u00f3s um grave acidente na BR-116. O fato ocorreu na madrugada desta quinta-feira (30), no km 493 da rodovia. As v\u00edtimas, que ainda n\u00e3o foram identificadas, estavam em um Fiat Fiorino que colidiu com uma van com 10 ocupantes, todos da mesma fam\u00edlia.<\/p>\n<p>Segundo apura\u00e7\u00e3o da reportagem do <a href=\"https:\/\/www.acordacidade.com.br\/\">Acorda Cidade,<\/a> tr\u00eas ocupantes da van, que saiu do munic\u00edpio de Itaberaba com destino a <a href=\"https:\/\/www.acordacidade.com.br\/tag\/salvador-3\/\" type=\"post_tag\" id=\"135682\">Salvador<\/a>, tamb\u00e9m ficaram feridos no acidente. A colis\u00e3o ocorreu por volta das 2h40, na faixa sentido Cabaceiras do Paragua\u00e7u \u2013 Feira de Santana.<\/p>\n<p>\u201cLogo ap\u00f3s a colis\u00e3o, a pista ficou parcialmente interditada, mas o atendimento foi conclu\u00eddo, os corpos foram removidos e, no momento, as equipes est\u00e3o debru\u00e7adas nos vest\u00edgios e demais elementos que possam esclarecer os fatos, para que se possa fazer a produ\u00e7\u00e3o do laudo pericial do acidente\u201d, disse Ivanildo Cirqueira, inspetor da Pol\u00edcia Rodovi\u00e1ria Federal (PRF), ao Acorda Cidade.<\/p>\n<p><em>Com informa\u00e7\u00f5es do rep\u00f3rter Ed Santos, do Acorda Cidade<\/em><\/p>\n<p><em>Siga o Acorda Cidade no\u00a0<\/em><a href=\"https:\/\/news.google.com\/search?q=acorda%20cidade&amp;hl=pt-BR&amp;gl=BR&amp;ceid=BR%3Apt-419\"><strong><em>Google Not\u00edcias<\/em><\/strong><\/a><em>\u00a0e receba os principais destaques do dia. Participe tamb\u00e9m dos nossos canais no\u00a0<\/em><a href=\"https:\/\/www.whatsapp.com\/channel\/0029Va6Rb4v3WHTNnsh8WI3N\"><strong><em>WhatsApp<\/em><\/strong><\/a><em>\u00a0e\u00a0<\/em><a href=\"https:\/\/www.youtube.com\/@acordacidadenoticias\/videos\"><strong>YouTube<\/strong><\/a><em>\u00a0e grupo de\u00a0<\/em><a href=\"https:\/\/t.me\/+sSz0khrgARA0ZmRh\"><strong><em>Telegram<\/em><\/strong><\/a><em>.<\/em><\/p>\n<\/div>\n","protected":false},"excerpt":{"rendered":"<div>\n<div>\n<figure><img decoding=\"async\" src=\"https:\/\/uploads.acordacidade.com.br\/2026\/04\/colisao-fiorino.jpg\" alt=\"colis\u00e3o fiorino\"><figcaption>Foto: Divulga\u00e7\u00e3o\/ PRF<\/figcaption><\/figure>\n<\/div>\n<p>A colis\u00e3o ocorreu por volta das 2h40, na faixa sentido Cabaceiras do Paragua\u00e7u &#8211; Feira de Santana.<\/p><\/div>\n","protected":false},"author":1,"featured_media":129027,"comment_status":"closed","ping_status":"closed","sticky":false,"template":"","format":"gallery","meta":{"footnotes":""},"categories":[8,9,6,57,56,10],"tags":[],"class_list":["post-129026","post","type-post","status-publish","format-gallery","has-post-thumbnail","hentry","category-bahia","category-brasil","category-feira-de-santana","category-mundo","category-policia","category-politica","post_format-post-format-gallery"],"featured_image_urls":{"full":["https:\/\/noticiasbahia360.com.br\/wp-content\/uploads\/2026\/04\/colisao-fiorino.jpg",1200,554,false],"thumbnail":["https:\/\/noticiasbahia360.com.br\/wp-content\/uploads\/2026\/04\/colisao-fiorino-150x150.jpg",150,150,true],"medium":["https:\/\/noticiasbahia360.com.br\/wp-content\/uploads\/2026\/04\/colisao-fiorino-300x139.jpg",300,139,true],"medium_large":["https:\/\/noticiasbahia360.com.br\/wp-content\/uploads\/2026\/04\/colisao-fiorino-768x355.jpg",640,296,true],"large":["https:\/\/noticiasbahia360.com.br\/wp-content\/uploads\/2026\/04\/colisao-fiorino-1024x473.jpg",640,296,true],"1536x1536":["https:\/\/noticiasbahia360.com.br\/wp-content\/uploads\/2026\/04\/colisao-fiorino.jpg",1200,554,false],"2048x2048":["https:\/\/noticiasbahia360.com.br\/wp-content\/uploads\/2026\/04\/colisao-fiorino.jpg",1200,554,false],"chromenews-featured":["https:\/\/noticiasbahia360.com.br\/wp-content\/uploads\/2026\/04\/colisao-fiorino-1024x473.jpg",1024,473,true],"chromenews-large":["https:\/\/noticiasbahia360.com.br\/wp-content\/uploads\/2026\/04\/colisao-fiorino-825x554.jpg",825,554,true],"chromenews-medium":["https:\/\/noticiasbahia360.com.br\/wp-content\/uploads\/2026\/04\/colisao-fiorino-590x410.jpg",590,410,true]},"author_info":{"display_name":"noticiasbahia360.com.br","author_link":"https:\/\/noticiasbahia360.com.br\/?author=1"},"category_info":"<a href=\"https:\/\/noticiasbahia360.com.br\/?cat=8\" rel=\"category\">Bahia<\/a> <a href=\"https:\/\/noticiasbahia360.com.br\/?cat=9\" rel=\"category\">Brasil<\/a> <a href=\"https:\/\/noticiasbahia360.com.br\/?cat=6\" rel=\"category\">Feira de Santana<\/a> <a href=\"https:\/\/noticiasbahia360.com.br\/?cat=57\" rel=\"category\">Mundo<\/a> <a href=\"https:\/\/noticiasbahia360.com.br\/?cat=56\" rel=\"category\">Pol\u00edcia<\/a> <a href=\"https:\/\/noticiasbahia360.com.br\/?cat=10\" rel=\"category\">Pol\u00edtica<\/a>","tag_info":"Pol\u00edtica","comment_count":"0","_links":{"self":[{"href":"https:\/\/noticiasbahia360.com.br\/index.php?rest_route=\/wp\/v2\/posts\/129026","targetHints":{"allow":["GET"]}}],"collection":[{"href":"https:\/\/noticiasbahia360.com.br\/index.php?rest_route=\/wp\/v2\/posts"}],"about":[{"href":"https:\/\/noticiasbahia360.com.br\/index.php?rest_route=\/wp\/v2\/types\/post"}],"author":[{"embeddable":true,"href":"https:\/\/noticiasbahia360.com.br\/index.php?rest_route=\/wp\/v2\/users\/1"}],"replies":[{"embeddable":true,"href":"https:\/\/noticiasbahia360.com.br\/index.php?rest_route=%2Fwp%2Fv2%2Fcomments&post=129026"}],"version-history":[{"count":0,"href":"https:\/\/noticiasbahia360.com.br\/index.php?rest_route=\/wp\/v2\/posts\/129026\/revisions"}],"wp:featuredmedia":[{"embeddable":true,"href":"https:\/\/noticiasbahia360.com.br\/index.php?rest_route=\/wp\/v2\/media\/129027"}],"wp:attachment":[{"href":"https:\/\/noticiasbahia360.com.br\/index.php?rest_route=%2Fwp%2Fv2%2Fmedia&parent=129026"}],"wp:term":[{"taxonomy":"category","embeddable":true,"href":"https:\/\/noticiasbahia360.com.br\/index.php?rest_route=%2Fwp%2Fv2%2Fcategories&post=129026"},{"taxonomy":"post_tag","embeddable":true,"href":"https:\/\/noticiasbahia360.com.br\/index.php?rest_route=%2Fwp%2Fv2%2Ftags&post=129026"}],"curies":[{"name":"wp","href":"https:\/\/api.w.org\/{rel}","templated":true}]}}