{"id":129033,"date":"2026-04-30T10:30:57","date_gmt":"2026-04-30T13:30:57","guid":{"rendered":"https:\/\/noticiasbahia360.com.br\/?p=129033"},"modified":"2026-04-30T10:30:57","modified_gmt":"2026-04-30T13:30:57","slug":"instituicoes-de-saude-devem-assumir-compromisso-permanente-com-a-seguranca-do-paciente","status":"publish","type":"post","link":"https:\/\/noticiasbahia360.com.br\/?p=129033","title":{"rendered":"Institui\u00e7\u00f5es de sa\u00fade devem assumir   compromisso permanente com a seguran\u00e7a do paciente"},"content":{"rendered":"<div>\n<div>\n<figure><img decoding=\"async\" src=\"http:\/\/noticiasbahia360.com.br\/wp-content\/uploads\/2026\/04\/Paciente-no-hospital-Foto-Divulgacao.jpg\" alt=\"Paciente no hospital\"><figcaption>Foto: Divulga\u00e7\u00e3o<\/figcaption><\/figure>\n<\/div>\n<p>Os sistemas de sa\u00fade passam por mudan\u00e7as constantes e buscam fortalecer a cultura de seguran\u00e7a do paciente em cada padr\u00e3o aplicado. Pelo menos, esse deveria ser um dos principais objetivos. Por\u00e9m, mais do que protocolos e normas, a seguran\u00e7a do paciente est\u00e1 diretamente relacionada \u00e0 constru\u00e7\u00e3o de ambientes organizacionais que priorizam qualidade assistencial, aprendizado constante e melhoria cont\u00ednua.<\/p>\n<p>A consolida\u00e7\u00e3o dessa cultura passa, necessariamente, pelo engajamento de lideran\u00e7as, pela capacita\u00e7\u00e3o das equipes e pela ado\u00e7\u00e3o de pr\u00e1ticas estruturadas de gest\u00e3o da qualidade. Nesse contexto, iniciativas de acredita\u00e7\u00e3o e certifica\u00e7\u00e3o ganham protagonismo ao estimular a transpar\u00eancia e apoiar as organiza\u00e7\u00f5es na constru\u00e7\u00e3o de processos mais seguros, eficientes e centrados no paciente.<\/p>\n<p>A Quality Global Alliance (QGA) atua como uma das protagonistas nesse movimento, conectando institui\u00e7\u00f5es, especialistas e sistemas de sa\u00fade em torno de um objetivo comum: elevar os padr\u00f5es assistenciais por meio da qualidade e da seguran\u00e7a. Com metodologia internacional, a organiza\u00e7\u00e3o fomenta a troca de experi\u00eancias entre pa\u00edses e promove o acesso a conhecimento t\u00e9cnico atualizado, contribuindo para o desenvolvimento de solu\u00e7\u00f5es adapt\u00e1veis a diferentes realidades.<\/p>\n<p>De acordo com Camilla Covello, s\u00f3cia-diretora da QGA, a seguran\u00e7a do paciente n\u00e3o se inicia na certifica\u00e7\u00e3o de padr\u00f5es da institui\u00e7\u00e3o, mas, sim, na troca entre as pessoas.<\/p>\n<p>\u201cTudo come\u00e7a pelo acesso ao conhecimento e pela constru\u00e7\u00e3o de uma rede colaborativa entre profissionais, institui\u00e7\u00f5es e comunidades. Quando ampliamos o di\u00e1logo e incentivamos a troca de experi\u00eancias, fortalecemos n\u00e3o apenas as organiza\u00e7\u00f5es de sa\u00fade, mas todo o ecossistema, promovendo uma evolu\u00e7\u00e3o consistente e sustent\u00e1vel dos padr\u00f5es de qualidade\u201d, afirma.<\/p>\n<p>A s\u00f3cia-diretora ainda explica que trazer vis\u00f5es de outros ambientes \u00e9 fundamental para garantir uma maior seguran\u00e7a.<\/p>\n<p>\u201cAo olharmos institui\u00e7\u00f5es de fora do pa\u00eds, com viv\u00eancias e pr\u00e1ticas diferentes, conseguimos analisar e reunir pontos fortes para aplicar dentro da nossa realidade e avan\u00e7ar com a seguran\u00e7a de todos envolvidos\u201d.\u00a0<\/p>\n<p>O fortalecimento da cultura de seguran\u00e7a exige um olhar t\u00e9cnico apurado e o envolvimento direto dos profissionais de sa\u00fade na aplica\u00e7\u00e3o de boas pr\u00e1ticas no dia a dia assistencial. Isso inclui desde a ades\u00e3o a protocolos at\u00e9 a constru\u00e7\u00e3o de um ambiente que valorize a notifica\u00e7\u00e3o de eventos e o aprendizado a partir deles.<\/p>\n<p>Para Dr. Rubens Covello, CEO da QGA, a capacita\u00e7\u00e3o de profissionais e o est\u00edmulo \u00e0 melhoria cont\u00ednua das equipes \u00e9 pe\u00e7a chave para a garantia da seguran\u00e7a.\u00a0\u201c\u00c9 fundamental que as equipes estejam preparadas e inseridas em um ambiente que valorize o crescimento constante dos profissionais. Protocolos bem definidos, aliados a uma cultura organizacional que valoriza a seguran\u00e7a, s\u00e3o determinantes para reduzir riscos e garantir melhores desfechos assistenciais\u201d, conclui o CEO.<\/p>\n<p>Ao integrar conhecimento, gest\u00e3o e pr\u00e1tica assistencial, a cultura de seguran\u00e7a do paciente se consolida como um pilar estrat\u00e9gico para as institui\u00e7\u00f5es de sa\u00fade. Mais do que uma meta pontual, trata-se de um compromisso permanente com a vida, que exige evolu\u00e7\u00e3o cont\u00ednua, colabora\u00e7\u00e3o e responsabilidade compartilhada entre todos os envolvidos no cuidado.<\/p>\n<p><em>Siga o Acorda Cidade no\u00a0<\/em><a href=\"https:\/\/news.google.com\/search?q=acorda%20cidade&amp;hl=pt-BR&amp;gl=BR&amp;ceid=BR%3Apt-419\"><strong><em>Google Not\u00edcias<\/em><\/strong><\/a><em>\u00a0e receba os principais destaques do dia. Participe tamb\u00e9m dos nossos canais no\u00a0<\/em><a href=\"https:\/\/www.whatsapp.com\/channel\/0029Va6Rb4v3WHTNnsh8WI3N\"><strong><em>WhatsApp<\/em><\/strong><\/a><em>\u00a0e\u00a0<\/em><a href=\"https:\/\/www.youtube.com\/@acordacidadenoticias\/videos\"><strong>YouTube<\/strong><\/a><em>\u00a0e grupo de\u00a0<\/em><a href=\"https:\/\/t.me\/+sSz0khrgARA0ZmRh\"><strong><em>Telegram<\/em><\/strong><\/a><em>.<\/em><\/p>\n<\/div>\n","protected":false},"excerpt":{"rendered":"<div>\n<div>\n<figure><img decoding=\"async\" src=\"https:\/\/uploads.acordacidade.com.br\/2026\/04\/Paciente-no-hospital-Foto-Divulgacao.jpg\" alt=\"Paciente no hospital\"><figcaption>Foto: Divulga\u00e7\u00e3o<\/figcaption><\/figure>\n<\/div>\n<p>Segundo uma especialista, a seguran\u00e7a do paciente n\u00e3o se inicia na certifica\u00e7\u00e3o de padr\u00f5es da institui\u00e7\u00e3o, mas sim na troca entre pessoas.<\/p><\/div>\n","protected":false},"author":1,"featured_media":129034,"comment_status":"closed","ping_status":"closed","sticky":false,"template":"","format":"gallery","meta":{"footnotes":""},"categories":[8,9,6,57,56,10],"tags":[],"class_list":["post-129033","post","type-post","status-publish","format-gallery","has-post-thumbnail","hentry","category-bahia","category-brasil","category-feira-de-santana","category-mundo","category-policia","category-politica","post_format-post-format-gallery"],"featured_image_urls":{"full":["https:\/\/noticiasbahia360.com.br\/wp-content\/uploads\/2026\/04\/Paciente-no-hospital-Foto-Divulgacao.jpg",1200,666,false],"thumbnail":["https:\/\/noticiasbahia360.com.br\/wp-content\/uploads\/2026\/04\/Paciente-no-hospital-Foto-Divulgacao-150x150.jpg",150,150,true],"medium":["https:\/\/noticiasbahia360.com.br\/wp-content\/uploads\/2026\/04\/Paciente-no-hospital-Foto-Divulgacao-300x167.jpg",300,167,true],"medium_large":["https:\/\/noticiasbahia360.com.br\/wp-content\/uploads\/2026\/04\/Paciente-no-hospital-Foto-Divulgacao-768x426.jpg",640,355,true],"large":["https:\/\/noticiasbahia360.com.br\/wp-content\/uploads\/2026\/04\/Paciente-no-hospital-Foto-Divulgacao-1024x568.jpg",640,355,true],"1536x1536":["https:\/\/noticiasbahia360.com.br\/wp-content\/uploads\/2026\/04\/Paciente-no-hospital-Foto-Divulgacao.jpg",1200,666,false],"2048x2048":["https:\/\/noticiasbahia360.com.br\/wp-content\/uploads\/2026\/04\/Paciente-no-hospital-Foto-Divulgacao.jpg",1200,666,false],"chromenews-featured":["https:\/\/noticiasbahia360.com.br\/wp-content\/uploads\/2026\/04\/Paciente-no-hospital-Foto-Divulgacao-1024x568.jpg",1024,568,true],"chromenews-large":["https:\/\/noticiasbahia360.com.br\/wp-content\/uploads\/2026\/04\/Paciente-no-hospital-Foto-Divulgacao-825x575.jpg",825,575,true],"chromenews-medium":["https:\/\/noticiasbahia360.com.br\/wp-content\/uploads\/2026\/04\/Paciente-no-hospital-Foto-Divulgacao-590x410.jpg",590,410,true]},"author_info":{"display_name":"noticiasbahia360.com.br","author_link":"https:\/\/noticiasbahia360.com.br\/?author=1"},"category_info":"<a href=\"https:\/\/noticiasbahia360.com.br\/?cat=8\" rel=\"category\">Bahia<\/a> <a href=\"https:\/\/noticiasbahia360.com.br\/?cat=9\" rel=\"category\">Brasil<\/a> <a href=\"https:\/\/noticiasbahia360.com.br\/?cat=6\" rel=\"category\">Feira de Santana<\/a> <a href=\"https:\/\/noticiasbahia360.com.br\/?cat=57\" rel=\"category\">Mundo<\/a> <a href=\"https:\/\/noticiasbahia360.com.br\/?cat=56\" rel=\"category\">Pol\u00edcia<\/a> <a href=\"https:\/\/noticiasbahia360.com.br\/?cat=10\" rel=\"category\">Pol\u00edtica<\/a>","tag_info":"Pol\u00edtica","comment_count":"0","_links":{"self":[{"href":"https:\/\/noticiasbahia360.com.br\/index.php?rest_route=\/wp\/v2\/posts\/129033","targetHints":{"allow":["GET"]}}],"collection":[{"href":"https:\/\/noticiasbahia360.com.br\/index.php?rest_route=\/wp\/v2\/posts"}],"about":[{"href":"https:\/\/noticiasbahia360.com.br\/index.php?rest_route=\/wp\/v2\/types\/post"}],"author":[{"embeddable":true,"href":"https:\/\/noticiasbahia360.com.br\/index.php?rest_route=\/wp\/v2\/users\/1"}],"replies":[{"embeddable":true,"href":"https:\/\/noticiasbahia360.com.br\/index.php?rest_route=%2Fwp%2Fv2%2Fcomments&post=129033"}],"version-history":[{"count":0,"href":"https:\/\/noticiasbahia360.com.br\/index.php?rest_route=\/wp\/v2\/posts\/129033\/revisions"}],"wp:featuredmedia":[{"embeddable":true,"href":"https:\/\/noticiasbahia360.com.br\/index.php?rest_route=\/wp\/v2\/media\/129034"}],"wp:attachment":[{"href":"https:\/\/noticiasbahia360.com.br\/index.php?rest_route=%2Fwp%2Fv2%2Fmedia&parent=129033"}],"wp:term":[{"taxonomy":"category","embeddable":true,"href":"https:\/\/noticiasbahia360.com.br\/index.php?rest_route=%2Fwp%2Fv2%2Fcategories&post=129033"},{"taxonomy":"post_tag","embeddable":true,"href":"https:\/\/noticiasbahia360.com.br\/index.php?rest_route=%2Fwp%2Fv2%2Ftags&post=129033"}],"curies":[{"name":"wp","href":"https:\/\/api.w.org\/{rel}","templated":true}]}}