{"id":129035,"date":"2026-04-30T10:35:55","date_gmt":"2026-04-30T13:35:55","guid":{"rendered":"https:\/\/noticiasbahia360.com.br\/?p=129035"},"modified":"2026-04-30T10:35:55","modified_gmt":"2026-04-30T13:35:55","slug":"prefeitura-de-feira-de-santana-estrutura-plano-de-contingencia-municipal-e-simulado-da-defesa-civil","status":"publish","type":"post","link":"https:\/\/noticiasbahia360.com.br\/?p=129035","title":{"rendered":"Prefeitura de Feira de Santana estrutura Plano de Conting\u00eancia municipal e simulado da Defesa Civil"},"content":{"rendered":"<div>\n<div>\n<figure><img decoding=\"async\" src=\"http:\/\/noticiasbahia360.com.br\/wp-content\/uploads\/2026\/04\/defesa-civil.jpg\" alt=\"Defesa Civil Municipal alinha Plano de Conting\u00eancia com for\u00e7as de seguran\u00e7a\"><figcaption>Foto: Divulga\u00e7\u00e3o\/ Defesa Civil<\/figcaption><\/figure>\n<\/div>\n<p>Nesta quarta-feira (29),\u00a0 a Prefeitura de Feira de Santana iniciou a estrutura\u00e7\u00e3o do Plano de Conting\u00eancia municipal e o planejamento de um simulado da Defesa Civil. O encontro, realizado pela Secretaria Municipal de Preven\u00e7\u00e3o \u00e0 Viol\u00eancia (Seprev) no audit\u00f3rio do 35\u00ba Batalh\u00e3o de Infantaria (35\u00ba BI), reuniu for\u00e7as de seguran\u00e7a, institui\u00e7\u00f5es acad\u00eamicas e diversas pastas do Governo Municipal.<\/p>\n<p>A reuni\u00e3o estrat\u00e9gica teve como foco o alinhamento de protocolos de resposta e a coordena\u00e7\u00e3o interinstitucional para situa\u00e7\u00f5es de emerg\u00eancia e desastres, abrangendo tanto a sede quanto os distritos.<\/p>\n<h2 class=\"wp-block-heading\" id=\"h-integracao-de-forcas\">Integra\u00e7\u00e3o de for\u00e7as<\/h2>\n<p>Participaram do di\u00e1logo representantes do Ex\u00e9rcito Brasileiro, Corpo de Bombeiros, Pol\u00edcia Militar, Guarda Civil Municipal, al\u00e9m da Secretaria de Trabalho, Turismo e Desenvolvimento Econ\u00f4mico (Settdec), Secretaria Municipal\u00a0 de Sa\u00fade (SMS) e a Universidade Estadual de Feira de Santana (Uefs).<\/p>\n<figure class=\"wp-block-image size-full\"><img fetchpriority=\"high\" decoding=\"async\" width=\"1200\" height=\"800\" src=\"http:\/\/noticiasbahia360.com.br\/wp-content\/uploads\/2026\/04\/defesa-civil-1.jpg\" alt=\"Defesa Civil Municipal alinha Plano de Conting\u00eancia com for\u00e7as de seguran\u00e7a\" class=\"wp-image-651303\" srcset=\"http:\/\/noticiasbahia360.com.br\/wp-content\/uploads\/2026\/04\/defesa-civil-1.jpg 1200w, https:\/\/uploads.acordacidade.com.br\/2026\/04\/defesa-civil-1-750x500.jpg 750w, https:\/\/uploads.acordacidade.com.br\/2026\/04\/defesa-civil-1-1000x667.jpg 1000w, https:\/\/uploads.acordacidade.com.br\/2026\/04\/defesa-civil-1-450x300.jpg 450w, https:\/\/uploads.acordacidade.com.br\/2026\/04\/defesa-civil-1-150x100.jpg 150w\" sizes=\"(max-width: 1200px) 100vw, 1200px\"><figcaption class=\"wp-element-caption\">Foto: Divulga\u00e7\u00e3o\/ Defesa Civil<\/figcaption><\/figure>\n<p>O secret\u00e1rio interino de Preven\u00e7\u00e3o \u00e0 Viol\u00eancia, Edson Barbosa, destacou que a uni\u00e3o entre as institui\u00e7\u00f5es civis e militares \u00e9 fundamental para garantir a efici\u00eancia das a\u00e7\u00f5es de prote\u00e7\u00e3o ao cidad\u00e3o. \u201cEstamos unindo for\u00e7as para construir um plano de conting\u00eancia s\u00f3lido e realista. O simulado ser\u00e1 uma ferramenta fundamental para testar protocolos, corrigir vulnerabilidades e preparar nossas equipes para respostas r\u00e1pidas e coordenadas em situa\u00e7\u00f5es de crise\u201d, afirmou o secret\u00e1rio.<\/p>\n<h2 class=\"wp-block-heading\" id=\"h-prevencao-e-resposta\">Preven\u00e7\u00e3o e Resposta<\/h2>\n<p>O coordenador da Defesa Civil, Ant\u00f4nio, enfatizou que o planejamento preventivo permite o mapeamento antecipado de riscos e a integra\u00e7\u00e3o direta entre os \u00f3rg\u00e3os envolvidos.\u201cEsse trabalho marca o in\u00edcio de uma estrutura\u00e7\u00e3o importante para o munic\u00edpio. O objetivo \u00e9 fortalecer a preven\u00e7\u00e3o e minimizar impactos, tornando Feira de Santana cada vez mais preparada para enfrentar eventos adversos e desenvolver uma pronta resposta eficiente\u201d, pontuou o coordenador.<\/p>\n<p>A iniciativa refor\u00e7a a pol\u00edtica p\u00fablica de gest\u00e3o de riscos da administra\u00e7\u00e3o municipal, priorizando a seguran\u00e7a e a resili\u00eancia da popula\u00e7\u00e3o por meio da integra\u00e7\u00e3o de dados e esfor\u00e7os operacionais entre os \u00f3rg\u00e3os de prote\u00e7\u00e3o e resposta.<\/p>\n<p><em>As informa\u00e7\u00f5es da Secretaria de Comunica\u00e7\u00e3o Social de Feira de Santana (Secom)<\/em><\/p>\n<p><em>Siga o Acorda Cidade no\u00a0<\/em><a href=\"https:\/\/news.google.com\/search?q=acorda%20cidade&amp;hl=pt-BR&amp;gl=BR&amp;ceid=BR%3Apt-419\"><strong><em>Google Not\u00edcias<\/em><\/strong><\/a><em>\u00a0e receba os principais destaques do dia. Participe tamb\u00e9m dos nossos canais no\u00a0<\/em><a href=\"https:\/\/www.whatsapp.com\/channel\/0029Va6Rb4v3WHTNnsh8WI3N\"><strong><em>WhatsApp<\/em><\/strong><\/a><em>\u00a0e\u00a0<\/em><a href=\"https:\/\/www.youtube.com\/@acordacidadenoticias\/videos\"><strong>YouTube<\/strong><\/a><em>\u00a0e grupo de\u00a0<\/em><a href=\"https:\/\/t.me\/+sSz0khrgARA0ZmRh\"><strong><em>Telegram<\/em><\/strong><\/a><em>.<\/em><\/p>\n<\/div>\n","protected":false},"excerpt":{"rendered":"<div>\n<div>\n<figure><img decoding=\"async\" src=\"https:\/\/uploads.acordacidade.com.br\/2026\/04\/defesa-civil.jpg\" alt=\"Defesa Civil Municipal alinha Plano de Conting\u00eancia com for\u00e7as de seguran\u00e7a\"><figcaption>Foto: Divulga\u00e7\u00e3o\/ Defesa Civil<\/figcaption><\/figure>\n<\/div>\n<p>A reuni\u00e3o teve como foco o alinhamento de protocolos de resposta e a coordena\u00e7\u00e3o interinstitucional para situa\u00e7\u00f5es de emerg\u00eancia e desastres.<\/p><\/div>\n","protected":false},"author":1,"featured_media":129036,"comment_status":"closed","ping_status":"closed","sticky":false,"template":"","format":"gallery","meta":{"footnotes":""},"categories":[8,9,6,57,56,10],"tags":[],"class_list":["post-129035","post","type-post","status-publish","format-gallery","has-post-thumbnail","hentry","category-bahia","category-brasil","category-feira-de-santana","category-mundo","category-policia","category-politica","post_format-post-format-gallery"],"featured_image_urls":{"full":["https:\/\/noticiasbahia360.com.br\/wp-content\/uploads\/2026\/04\/defesa-civil.jpg",1306,870,false],"thumbnail":["https:\/\/noticiasbahia360.com.br\/wp-content\/uploads\/2026\/04\/defesa-civil-150x150.jpg",150,150,true],"medium":["https:\/\/noticiasbahia360.com.br\/wp-content\/uploads\/2026\/04\/defesa-civil-300x200.jpg",300,200,true],"medium_large":["https:\/\/noticiasbahia360.com.br\/wp-content\/uploads\/2026\/04\/defesa-civil-768x512.jpg",640,427,true],"large":["https:\/\/noticiasbahia360.com.br\/wp-content\/uploads\/2026\/04\/defesa-civil-1024x682.jpg",640,426,true],"1536x1536":["https:\/\/noticiasbahia360.com.br\/wp-content\/uploads\/2026\/04\/defesa-civil.jpg",1306,870,false],"2048x2048":["https:\/\/noticiasbahia360.com.br\/wp-content\/uploads\/2026\/04\/defesa-civil.jpg",1306,870,false],"chromenews-featured":["https:\/\/noticiasbahia360.com.br\/wp-content\/uploads\/2026\/04\/defesa-civil-1024x682.jpg",1024,682,true],"chromenews-large":["https:\/\/noticiasbahia360.com.br\/wp-content\/uploads\/2026\/04\/defesa-civil-825x575.jpg",825,575,true],"chromenews-medium":["https:\/\/noticiasbahia360.com.br\/wp-content\/uploads\/2026\/04\/defesa-civil-590x410.jpg",590,410,true]},"author_info":{"display_name":"noticiasbahia360.com.br","author_link":"https:\/\/noticiasbahia360.com.br\/?author=1"},"category_info":"<a href=\"https:\/\/noticiasbahia360.com.br\/?cat=8\" rel=\"category\">Bahia<\/a> <a href=\"https:\/\/noticiasbahia360.com.br\/?cat=9\" rel=\"category\">Brasil<\/a> <a href=\"https:\/\/noticiasbahia360.com.br\/?cat=6\" rel=\"category\">Feira de Santana<\/a> <a href=\"https:\/\/noticiasbahia360.com.br\/?cat=57\" rel=\"category\">Mundo<\/a> <a href=\"https:\/\/noticiasbahia360.com.br\/?cat=56\" rel=\"category\">Pol\u00edcia<\/a> <a href=\"https:\/\/noticiasbahia360.com.br\/?cat=10\" rel=\"category\">Pol\u00edtica<\/a>","tag_info":"Pol\u00edtica","comment_count":"0","_links":{"self":[{"href":"https:\/\/noticiasbahia360.com.br\/index.php?rest_route=\/wp\/v2\/posts\/129035","targetHints":{"allow":["GET"]}}],"collection":[{"href":"https:\/\/noticiasbahia360.com.br\/index.php?rest_route=\/wp\/v2\/posts"}],"about":[{"href":"https:\/\/noticiasbahia360.com.br\/index.php?rest_route=\/wp\/v2\/types\/post"}],"author":[{"embeddable":true,"href":"https:\/\/noticiasbahia360.com.br\/index.php?rest_route=\/wp\/v2\/users\/1"}],"replies":[{"embeddable":true,"href":"https:\/\/noticiasbahia360.com.br\/index.php?rest_route=%2Fwp%2Fv2%2Fcomments&post=129035"}],"version-history":[{"count":0,"href":"https:\/\/noticiasbahia360.com.br\/index.php?rest_route=\/wp\/v2\/posts\/129035\/revisions"}],"wp:featuredmedia":[{"embeddable":true,"href":"https:\/\/noticiasbahia360.com.br\/index.php?rest_route=\/wp\/v2\/media\/129036"}],"wp:attachment":[{"href":"https:\/\/noticiasbahia360.com.br\/index.php?rest_route=%2Fwp%2Fv2%2Fmedia&parent=129035"}],"wp:term":[{"taxonomy":"category","embeddable":true,"href":"https:\/\/noticiasbahia360.com.br\/index.php?rest_route=%2Fwp%2Fv2%2Fcategories&post=129035"},{"taxonomy":"post_tag","embeddable":true,"href":"https:\/\/noticiasbahia360.com.br\/index.php?rest_route=%2Fwp%2Fv2%2Ftags&post=129035"}],"curies":[{"name":"wp","href":"https:\/\/api.w.org\/{rel}","templated":true}]}} 