{"id":129038,"date":"2026-04-30T10:35:57","date_gmt":"2026-04-30T13:35:57","guid":{"rendered":"https:\/\/noticiasbahia360.com.br\/?p=129038"},"modified":"2026-04-30T10:35:57","modified_gmt":"2026-04-30T13:35:57","slug":"a-potencia-dos-encontros-seduc-lanca-semana-mundial-do-brincar","status":"publish","type":"post","link":"https:\/\/noticiasbahia360.com.br\/?p=129038","title":{"rendered":"\u201cA Pot\u00eancia dos Encontros\u201d: Seduc lan\u00e7a Semana Mundial do Brincar"},"content":{"rendered":"<div>\n<div>\n<figure><img decoding=\"async\" src=\"http:\/\/noticiasbahia360.com.br\/wp-content\/uploads\/2026\/04\/A-Potencia-dos-Encontros-Seduc-lanca-Semana-Mundial-do-Brincar-Foto-Brenda-Santos-300426.jpg\" alt=\"\u201cA Pot\u00eancia dos Encontros\u201d: Seduc lan\u00e7a Semana Mundial do Brincar\"><figcaption>Seduc lan\u00e7a Semana Mundial do Brincar  | Foto: Brenda Santos <\/figcaption><\/figure>\n<\/div>\n<p>A Secretaria Municipal de Educa\u00e7\u00e3o (Seduc) realizou, na manh\u00e3 desta quarta-feira (29) a cerim\u00f4nia de sensibiliza\u00e7\u00e3o da Semana Mundial do Brincar 2026, com o tema \u201cA Pot\u00eancia dos Encontros\u201d. O momento deu in\u00edcio \u00e0s mobiliza\u00e7\u00f5es para a Semana Mundial do Brincar, que acontece entre os dias 23 e 31 de maio, e reuniu educadores, gestores, crian\u00e7as e representantes de institui\u00e7\u00f5es parceiras em uma programa\u00e7\u00e3o com viv\u00eancias, arte, reflex\u00f5es e brincadeiras.<\/p>\n<p>A acolhida do p\u00fablico aconteceu ainda no foyer do audit\u00f3rio, conduzida por Kelly Rossinholli e Daiane Teles, com cantigas, movimentos corporais e brincadeiras interativas que convidaram os participantes a resgatarem mem\u00f3rias da inf\u00e2ncia, e a compreenderem o brincar como presen\u00e7a, afeto e encontro.<\/p>\n<figure class=\"wp-block-image size-full\"><img fetchpriority=\"high\" fetchpriority=\"high\" decoding=\"async\" width=\"1200\" height=\"800\" src=\"http:\/\/noticiasbahia360.com.br\/wp-content\/uploads\/2026\/04\/A-Potencia-dos-Encontros-Seduc-lanca-Semana-Mundial-do-Brincar-Foto-Brenda-Santos-4-300426.jpg\" alt=\"\u201cA Pot\u00eancia dos Encontros\u201d: Seduc lan\u00e7a Semana Mundial do Brincar\" class=\"wp-image-651299\" srcset=\"http:\/\/noticiasbahia360.com.br\/wp-content\/uploads\/2026\/04\/A-Potencia-dos-Encontros-Seduc-lanca-Semana-Mundial-do-Brincar-Foto-Brenda-Santos-4-300426.jpg 1200w, https:\/\/uploads.acordacidade.com.br\/2026\/04\/A-Potencia-dos-Encontros-Seduc-lanca-Semana-Mundial-do-Brincar-Foto-Brenda-Santos-4-300426-750x500.jpg 750w, https:\/\/uploads.acordacidade.com.br\/2026\/04\/A-Potencia-dos-Encontros-Seduc-lanca-Semana-Mundial-do-Brincar-Foto-Brenda-Santos-4-300426-1000x667.jpg 1000w, https:\/\/uploads.acordacidade.com.br\/2026\/04\/A-Potencia-dos-Encontros-Seduc-lanca-Semana-Mundial-do-Brincar-Foto-Brenda-Santos-4-300426-450x300.jpg 450w, https:\/\/uploads.acordacidade.com.br\/2026\/04\/A-Potencia-dos-Encontros-Seduc-lanca-Semana-Mundial-do-Brincar-Foto-Brenda-Santos-4-300426-150x100.jpg 150w\" sizes=\"(max-width: 1200px) 100vw, 1200px\"><figcaption class=\"wp-element-caption\">Foto: Brenda Santos <\/figcaption><\/figure>\n<p>Durante a abertura oficial, a cerim\u00f4nia destacou a import\u00e2ncia do brincar como direito das crian\u00e7as e como ferramenta fundamental para a aprendizagem, a conviv\u00eancia e o desenvolvimento humano. A programa\u00e7\u00e3o contou ainda com a participa\u00e7\u00e3o das crian\u00e7as da Escola Municipal Dr. C\u00edcero de Carvalho, acompanhadas pela professora Gisele e pela gestora Carenina, em uma apresenta\u00e7\u00e3o l\u00fadica com brincadeiras tradicionais como \u201cEsconde-esconde\u201d e \u201cChicotinho Queimado\u201d, envolvendo tamb\u00e9m a plateia e familiares.<\/p>\n<p>O evento contou ainda com o espet\u00e1culo \u201cCiranda, as hist\u00f3rias que dan\u00e7am\u201d, com Lorena Carvalho e Su e seus fantoches, proporcionando um momento art\u00edstico de intera\u00e7\u00e3o e sensibiliza\u00e7\u00e3o. Em seguida, a professora aposentada da rede municipal, Darlene, conduziu uma viv\u00eancia formativa sobre o papel do educador no brincar e a pot\u00eancia dos encontros na pr\u00e1tica pedag\u00f3gica.<\/p>\n<figure class=\"wp-block-image size-full\"><img decoding=\"async\" width=\"1200\" height=\"800\" src=\"http:\/\/noticiasbahia360.com.br\/wp-content\/uploads\/2026\/04\/A-Potencia-dos-Encontros-Seduc-lanca-Semana-Mundial-do-Brincar-Foto-Brenda-Santos-2-300426.jpg\" alt=\"\u201cA Pot\u00eancia dos Encontros\u201d: Seduc lan\u00e7a Semana Mundial do Brincar\" class=\"wp-image-651300\" srcset=\"http:\/\/noticiasbahia360.com.br\/wp-content\/uploads\/2026\/04\/A-Potencia-dos-Encontros-Seduc-lanca-Semana-Mundial-do-Brincar-Foto-Brenda-Santos-2-300426.jpg 1200w, https:\/\/uploads.acordacidade.com.br\/2026\/04\/A-Potencia-dos-Encontros-Seduc-lanca-Semana-Mundial-do-Brincar-Foto-Brenda-Santos-2-300426-750x500.jpg 750w, https:\/\/uploads.acordacidade.com.br\/2026\/04\/A-Potencia-dos-Encontros-Seduc-lanca-Semana-Mundial-do-Brincar-Foto-Brenda-Santos-2-300426-1000x667.jpg 1000w, https:\/\/uploads.acordacidade.com.br\/2026\/04\/A-Potencia-dos-Encontros-Seduc-lanca-Semana-Mundial-do-Brincar-Foto-Brenda-Santos-2-300426-450x300.jpg 450w, https:\/\/uploads.acordacidade.com.br\/2026\/04\/A-Potencia-dos-Encontros-Seduc-lanca-Semana-Mundial-do-Brincar-Foto-Brenda-Santos-2-300426-150x100.jpg 150w\" sizes=\"(max-width: 1200px) 100vw, 1200px\"><figcaption class=\"wp-element-caption\">Foto: Brenda Santos <\/figcaption><\/figure>\n<p>Entre temas como inclus\u00e3o, v\u00ednculos afetivos, criatividade e a reinven\u00e7\u00e3o de recursos para o apoio pedag\u00f3gico, Darlene destacou a import\u00e2ncia do brincar nas pr\u00e1ticas de ensino, ressaltando o desenvolvimento da imagina\u00e7\u00e3o, da inventividade e da autonomia. \u201cNeste ano, o Dia do Brincar tem como prioridade as intera\u00e7\u00f5es coletivas, como jogos e brincadeiras cooperativas, para fortalecer v\u00ednculos, estimular a empatia e promover o desenvolvimento social\u201d, afirmou a professora.<\/p>\n<p>O lan\u00e7amento oficial do Dia do Brincar acontecer\u00e1 na pr\u00f3xima quarta-feira, 6 de maio, com propostas de atividades articuladas pela Secretaria de Educa\u00e7\u00e3o.<\/p>\n<figure class=\"wp-block-image size-full\"><img decoding=\"async\" width=\"1200\" height=\"800\" src=\"http:\/\/noticiasbahia360.com.br\/wp-content\/uploads\/2026\/04\/A-Potencia-dos-Encontros-Seduc-lanca-Semana-Mundial-do-Brincar-Foto-Brenda-Santos-3-300426.jpg\" alt=\"\u201cA Pot\u00eancia dos Encontros\u201d: Seduc lan\u00e7a Semana Mundial do Brincar\" class=\"wp-image-651301\" srcset=\"http:\/\/noticiasbahia360.com.br\/wp-content\/uploads\/2026\/04\/A-Potencia-dos-Encontros-Seduc-lanca-Semana-Mundial-do-Brincar-Foto-Brenda-Santos-3-300426.jpg 1200w, https:\/\/uploads.acordacidade.com.br\/2026\/04\/A-Potencia-dos-Encontros-Seduc-lanca-Semana-Mundial-do-Brincar-Foto-Brenda-Santos-3-300426-750x500.jpg 750w, https:\/\/uploads.acordacidade.com.br\/2026\/04\/A-Potencia-dos-Encontros-Seduc-lanca-Semana-Mundial-do-Brincar-Foto-Brenda-Santos-3-300426-1000x667.jpg 1000w, https:\/\/uploads.acordacidade.com.br\/2026\/04\/A-Potencia-dos-Encontros-Seduc-lanca-Semana-Mundial-do-Brincar-Foto-Brenda-Santos-3-300426-450x300.jpg 450w, https:\/\/uploads.acordacidade.com.br\/2026\/04\/A-Potencia-dos-Encontros-Seduc-lanca-Semana-Mundial-do-Brincar-Foto-Brenda-Santos-3-300426-150x100.jpg 150w\" sizes=\"(max-width: 1200px) 100vw, 1200px\"><figcaption class=\"wp-element-caption\">Foto: Brenda Santos <\/figcaption><\/figure>\n<p><em>As informa\u00e7\u00f5es s\u00e3o da Secretaria de Comunica\u00e7\u00e3o de Feira de Santana<\/em><\/p>\n<p><em>Siga o Acorda Cidade no\u00a0<\/em><a href=\"https:\/\/news.google.com\/search?q=acorda%20cidade&amp;hl=pt-BR&amp;gl=BR&amp;ceid=BR%3Apt-419\"><strong><em>Google Not\u00edcias<\/em><\/strong><\/a><em>\u00a0e receba os principais destaques do dia. Participe tamb\u00e9m dos nossos canais no\u00a0<\/em><a href=\"https:\/\/www.whatsapp.com\/channel\/0029Va6Rb4v3WHTNnsh8WI3N\"><strong><em>WhatsApp<\/em><\/strong><\/a><em>\u00a0e\u00a0<\/em><a href=\"https:\/\/www.youtube.com\/@acordacidadenoticias\/videos\"><strong>YouTube<\/strong><\/a><em>\u00a0e grupo de\u00a0<\/em><a href=\"https:\/\/t.me\/+sSz0khrgARA0ZmRh\"><strong><em>Telegram<\/em><\/strong><\/a><em>.<\/em><\/p>\n<\/div>\n","protected":false},"excerpt":{"rendered":"<div>\n<div>\n<figure><img decoding=\"async\" src=\"https:\/\/uploads.acordacidade.com.br\/2026\/04\/A-Potencia-dos-Encontros-Seduc-lanca-Semana-Mundial-do-Brincar-Foto-Brenda-Santos-300426.jpg\" alt=\"\u201cA Pot\u00eancia dos Encontros\u201d: Seduc lan\u00e7a Semana Mundial do Brincar\"><figcaption>Seduc lan\u00e7a Semana Mundial do Brincar  | Foto: Brenda Santos <\/figcaption><\/figure>\n<\/div>\n<p>A acolhida do p\u00fablico aconteceu ainda no foyer do audit\u00f3rio. O lan\u00e7amento oficial do Dia do Brincar acontecer\u00e1 na quarta-feira, 6 de maio.<\/p><\/div>\n","protected":false},"author":1,"featured_media":129039,"comment_status":"closed","ping_status":"closed","sticky":false,"template":"","format":"gallery","meta":{"footnotes":""},"categories":[8,9,6,57,56,10],"tags":[],"class_list":["post-129038","post","type-post","status-publish","format-gallery","has-post-thumbnail","hentry","category-bahia","category-brasil","category-feira-de-santana","category-mundo","category-policia","category-politica","post_format-post-format-gallery"],"featured_image_urls":{"full":["https:\/\/noticiasbahia360.com.br\/wp-content\/uploads\/2026\/04\/A-Potencia-dos-Encontros-Seduc-lanca-Semana-Mundial-do-Brincar-Foto-Brenda-Santos-300426.jpg",1200,799,false],"thumbnail":["https:\/\/noticiasbahia360.com.br\/wp-content\/uploads\/2026\/04\/A-Potencia-dos-Encontros-Seduc-lanca-Semana-Mundial-do-Brincar-Foto-Brenda-Santos-300426-150x150.jpg",150,150,true],"medium":["https:\/\/noticiasbahia360.com.br\/wp-content\/uploads\/2026\/04\/A-Potencia-dos-Encontros-Seduc-lanca-Semana-Mundial-do-Brincar-Foto-Brenda-Santos-300426-300x200.jpg",300,200,true],"medium_large":["https:\/\/noticiasbahia360.com.br\/wp-content\/uploads\/2026\/04\/A-Potencia-dos-Encontros-Seduc-lanca-Semana-Mundial-do-Brincar-Foto-Brenda-Santos-300426-768x511.jpg",640,426,true],"large":["https:\/\/noticiasbahia360.com.br\/wp-content\/uploads\/2026\/04\/A-Potencia-dos-Encontros-Seduc-lanca-Semana-Mundial-do-Brincar-Foto-Brenda-Santos-300426-1024x682.jpg",640,426,true],"1536x1536":["https:\/\/noticiasbahia360.com.br\/wp-content\/uploads\/2026\/04\/A-Potencia-dos-Encontros-Seduc-lanca-Semana-Mundial-do-Brincar-Foto-Brenda-Santos-300426.jpg",1200,799,false],"2048x2048":["https:\/\/noticiasbahia360.com.br\/wp-content\/uploads\/2026\/04\/A-Potencia-dos-Encontros-Seduc-lanca-Semana-Mundial-do-Brincar-Foto-Brenda-Santos-300426.jpg",1200,799,false],"chromenews-featured":["https:\/\/noticiasbahia360.com.br\/wp-content\/uploads\/2026\/04\/A-Potencia-dos-Encontros-Seduc-lanca-Semana-Mundial-do-Brincar-Foto-Brenda-Santos-300426-1024x682.jpg",1024,682,true],"chromenews-large":["https:\/\/noticiasbahia360.com.br\/wp-content\/uploads\/2026\/04\/A-Potencia-dos-Encontros-Seduc-lanca-Semana-Mundial-do-Brincar-Foto-Brenda-Santos-300426-825x575.jpg",825,575,true],"chromenews-medium":["https:\/\/noticiasbahia360.com.br\/wp-content\/uploads\/2026\/04\/A-Potencia-dos-Encontros-Seduc-lanca-Semana-Mundial-do-Brincar-Foto-Brenda-Santos-300426-590x410.jpg",590,410,true]},"author_info":{"display_name":"noticiasbahia360.com.br","author_link":"https:\/\/noticiasbahia360.com.br\/?author=1"},"category_info":"<a href=\"https:\/\/noticiasbahia360.com.br\/?cat=8\" rel=\"category\">Bahia<\/a> <a href=\"https:\/\/noticiasbahia360.com.br\/?cat=9\" rel=\"category\">Brasil<\/a> <a href=\"https:\/\/noticiasbahia360.com.br\/?cat=6\" rel=\"category\">Feira de Santana<\/a> <a href=\"https:\/\/noticiasbahia360.com.br\/?cat=57\" rel=\"category\">Mundo<\/a> <a href=\"https:\/\/noticiasbahia360.com.br\/?cat=56\" rel=\"category\">Pol\u00edcia<\/a> <a href=\"https:\/\/noticiasbahia360.com.br\/?cat=10\" rel=\"category\">Pol\u00edtica<\/a>","tag_info":"Pol\u00edtica","comment_count":"0","_links":{"self":[{"href":"https:\/\/noticiasbahia360.com.br\/index.php?rest_route=\/wp\/v2\/posts\/129038","targetHints":{"allow":["GET"]}}],"collection":[{"href":"https:\/\/noticiasbahia360.com.br\/index.php?rest_route=\/wp\/v2\/posts"}],"about":[{"href":"https:\/\/noticiasbahia360.com.br\/index.php?rest_route=\/wp\/v2\/types\/post"}],"author":[{"embeddable":true,"href":"https:\/\/noticiasbahia360.com.br\/index.php?rest_route=\/wp\/v2\/users\/1"}],"replies":[{"embeddable":true,"href":"https:\/\/noticiasbahia360.com.br\/index.php?rest_route=%2Fwp%2Fv2%2Fcomments&post=129038"}],"version-history":[{"count":0,"href":"https:\/\/noticiasbahia360.com.br\/index.php?rest_route=\/wp\/v2\/posts\/129038\/revisions"}],"wp:featuredmedia":[{"embeddable":true,"href":"https:\/\/noticiasbahia360.com.br\/index.php?rest_route=\/wp\/v2\/media\/129039"}],"wp:attachment":[{"href":"https:\/\/noticiasbahia360.com.br\/index.php?rest_route=%2Fwp%2Fv2%2Fmedia&parent=129038"}],"wp:term":[{"taxonomy":"category","embeddable":true,"href":"https:\/\/noticiasbahia360.com.br\/index.php?rest_route=%2Fwp%2Fv2%2Fcategories&post=129038"},{"taxonomy":"post_tag","embeddable":true,"href":"https:\/\/noticiasbahia360.com.br\/index.php?rest_route=%2Fwp%2Fv2%2Ftags&post=129038"}],"curies":[{"name":"wp","href":"https:\/\/api.w.org\/{rel}","templated":true}]}}