{"id":129049,"date":"2026-04-30T12:05:57","date_gmt":"2026-04-30T15:05:57","guid":{"rendered":"https:\/\/noticiasbahia360.com.br\/?p=129049"},"modified":"2026-04-30T12:05:57","modified_gmt":"2026-04-30T15:05:57","slug":"aumento-nos-descontos-previdenciarios-gera-questionamentos-dos-servidores-sindesp-se-pronuncia","status":"publish","type":"post","link":"https:\/\/noticiasbahia360.com.br\/?p=129049","title":{"rendered":"Aumento nos descontos previdenci\u00e1rios gera questionamentos dos servidores; Sindesp se pronuncia"},"content":{"rendered":"<div>\n<div>\n<figure><img decoding=\"async\" src=\"http:\/\/noticiasbahia360.com.br\/wp-content\/uploads\/2026\/04\/Prefeitura-de-Feira-de-Santana-Foto-Reproducao-Secretaria-Municipal-de-Comunicacao-Social-de-Feira-de-Santana-2.jpg\" alt=\"precat\u00f3rios Prefeitura de Feira de Santana\"><figcaption>Foto: Reprodu\u00e7\u00e3o\/ Secretaria Municipal de Comunica\u00e7\u00e3o Social de Feira de Santana<\/figcaption><\/figure>\n<\/div>\n<p>O aumento no desconto relacionado \u00e0 previd\u00eancia municipal surpreendeu muitos servidores p\u00fablicos de Feira de Santana. Diante da situa\u00e7\u00e3o, diversos trabalhadores procuraram o Sindicato dos Servidores P\u00fablicos Municipais (<a href=\"https:\/\/www.acordacidade.com.br\/tag\/sindesp\/\" type=\"post_tag\" id=\"137295\">Sindesp<\/a>) em busca de esclarecimentos.<\/p>\n<p>Ap\u00f3s apura\u00e7\u00e3o, o sindicato informou que a medida segue uma legisla\u00e7\u00e3o aprovada no ano passado, o que explica a aplica\u00e7\u00e3o do novo percentual nos contracheques. Ainda assim, o impacto direto na renda dos servidores reacendeu o debate sobre a necessidade de valoriza\u00e7\u00e3o salarial da categoria.<\/p>\n<p>De acordo com o Sindesp, a solu\u00e7\u00e3o para o problema n\u00e3o passa apenas pela revis\u00e3o de descontos, mas principalmente pela cria\u00e7\u00e3o de condi\u00e7\u00f5es reais para garantir ganhos efetivos aos servidores. A entidade defende a implementa\u00e7\u00e3o de um projeto apresentado ao Governo Municipal no ano passado, que prop\u00f5e a eficientiza\u00e7\u00e3o da arrecada\u00e7\u00e3o sem aumento da carga tribut\u00e1ria.<\/p>\n<p>A presidente do sindicato, Lorena Moura, destaca que a proposta tem como foco a valoriza\u00e7\u00e3o do funcionalismo de forma sustent\u00e1vel. \u201cN\u00e3o podemos continuar assistindo \u00e0 perda salarial ano ap\u00f3s ano. Hoje, o que existe \u00e9 apenas a reposi\u00e7\u00e3o inflacion\u00e1ria, sem qualquer ganho real. O que defendemos \u00e9 um aumento substancial, com ganho acima da infla\u00e7\u00e3o\u201d, afirmou.<\/p>\n<p>Segundo o Sindesp, o projeto prev\u00ea que o prefeito possa contratar uma empresa de consultoria especializada para implantar um estudo t\u00e9cnico baseado na proposta da entidade. A iniciativa visa modernizar a gest\u00e3o tribut\u00e1ria do munic\u00edpio e tornar a arrecada\u00e7\u00e3o mais eficiente.<\/p>\n<p>A expectativa \u00e9 que, ap\u00f3s a implementa\u00e7\u00e3o das medidas, o munic\u00edpio amplie sua receita pr\u00f3pria. Com isso, seria poss\u00edvel criar margem financeira para conceder aumentos reais aos servidores \u2014 e n\u00e3o apenas reposi\u00e7\u00f5es inflacion\u00e1rias \u2014 promovendo uma valoriza\u00e7\u00e3o mais efetiva do funcionalismo p\u00fablico.<\/p>\n<p>Entre as a\u00e7\u00f5es previstas no projeto est\u00e3o a atualiza\u00e7\u00e3o cadastral, com revis\u00e3o do cadastro imobili\u00e1rio e comercial da cidade, garantindo maior justi\u00e7a na cobran\u00e7a de tributos, al\u00e9m da cria\u00e7\u00e3o do alvar\u00e1 provis\u00f3rio. A medida permitir\u00e1 que trabalhadores atualmente na informalidade possam regularizar suas atividades de forma mais simples e menos burocr\u00e1tica.<\/p>\n<p>Para o sindicato, a ado\u00e7\u00e3o dessas medidas pode gerar um incremento significativo na arrecada\u00e7\u00e3o municipal, criando uma fonte sustent\u00e1vel de recursos para viabilizar reajustes salariais expressivos e a atualiza\u00e7\u00e3o dos Planos de Cargos, Carreiras e Sal\u00e1rios (PCCS), sem comprometer os limites estabelecidos pela Lei de Responsabilidade Fiscal.<\/p>\n<p><em>Siga o Acorda Cidade no\u00a0<\/em><a href=\"https:\/\/news.google.com\/search?q=acorda%20cidade&amp;hl=pt-BR&amp;gl=BR&amp;ceid=BR%3Apt-419\"><strong><em>Google Not\u00edcias<\/em><\/strong><\/a><em>\u00a0e receba os principais destaques do dia. Participe tamb\u00e9m dos nossos canais no\u00a0<\/em><a href=\"https:\/\/www.whatsapp.com\/channel\/0029Va6Rb4v3WHTNnsh8WI3N\"><strong><em>WhatsApp<\/em><\/strong><\/a><em>\u00a0e\u00a0<\/em><a href=\"https:\/\/www.youtube.com\/@acordacidadenoticias\/videos\"><strong>YouTube<\/strong><\/a><em>\u00a0e grupo de\u00a0<\/em><a href=\"https:\/\/t.me\/+sSz0khrgARA0ZmRh\"><strong><em>Telegram<\/em><\/strong><\/a><em>.<\/em><\/p>\n<\/div>\n","protected":false},"excerpt":{"rendered":"<div>\n<div>\n<figure><img decoding=\"async\" src=\"https:\/\/uploads.acordacidade.com.br\/2026\/03\/Prefeitura-de-Feira-de-Santana-Foto-Reproducao-Secretaria-Municipal-de-Comunicacao-Social-de-Feira-de-Santana.jpg\" alt=\"precat\u00f3rios Prefeitura de Feira de Santana\"><figcaption>Foto: Reprodu\u00e7\u00e3o\/ Secretaria Municipal de Comunica\u00e7\u00e3o Social de Feira de Santana<\/figcaption><\/figure>\n<\/div>\n<p>O impacto direto na renda dos servidores reacendeu o debate sobre a necessidade de valoriza\u00e7\u00e3o salarial da categoria.<\/p><\/div>\n","protected":false},"author":1,"featured_media":129050,"comment_status":"closed","ping_status":"closed","sticky":false,"template":"","format":"gallery","meta":{"footnotes":""},"categories":[8,9,6,57,56,10],"tags":[],"class_list":["post-129049","post","type-post","status-publish","format-gallery","has-post-thumbnail","hentry","category-bahia","category-brasil","category-feira-de-santana","category-mundo","category-policia","category-politica","post_format-post-format-gallery"],"featured_image_urls":{"full":["https:\/\/noticiasbahia360.com.br\/wp-content\/uploads\/2026\/04\/Prefeitura-de-Feira-de-Santana-Foto-Reproducao-Secretaria-Municipal-de-Comunicacao-Social-de-Feira-de-Santana-2.jpg",1200,691,false],"thumbnail":["https:\/\/noticiasbahia360.com.br\/wp-content\/uploads\/2026\/04\/Prefeitura-de-Feira-de-Santana-Foto-Reproducao-Secretaria-Municipal-de-Comunicacao-Social-de-Feira-de-Santana-2-150x150.jpg",150,150,true],"medium":["https:\/\/noticiasbahia360.com.br\/wp-content\/uploads\/2026\/04\/Prefeitura-de-Feira-de-Santana-Foto-Reproducao-Secretaria-Municipal-de-Comunicacao-Social-de-Feira-de-Santana-2-300x173.jpg",300,173,true],"medium_large":["https:\/\/noticiasbahia360.com.br\/wp-content\/uploads\/2026\/04\/Prefeitura-de-Feira-de-Santana-Foto-Reproducao-Secretaria-Municipal-de-Comunicacao-Social-de-Feira-de-Santana-2-768x442.jpg",640,368,true],"large":["https:\/\/noticiasbahia360.com.br\/wp-content\/uploads\/2026\/04\/Prefeitura-de-Feira-de-Santana-Foto-Reproducao-Secretaria-Municipal-de-Comunicacao-Social-de-Feira-de-Santana-2-1024x590.jpg",640,369,true],"1536x1536":["https:\/\/noticiasbahia360.com.br\/wp-content\/uploads\/2026\/04\/Prefeitura-de-Feira-de-Santana-Foto-Reproducao-Secretaria-Municipal-de-Comunicacao-Social-de-Feira-de-Santana-2.jpg",1200,691,false],"2048x2048":["https:\/\/noticiasbahia360.com.br\/wp-content\/uploads\/2026\/04\/Prefeitura-de-Feira-de-Santana-Foto-Reproducao-Secretaria-Municipal-de-Comunicacao-Social-de-Feira-de-Santana-2.jpg",1200,691,false],"chromenews-featured":["https:\/\/noticiasbahia360.com.br\/wp-content\/uploads\/2026\/04\/Prefeitura-de-Feira-de-Santana-Foto-Reproducao-Secretaria-Municipal-de-Comunicacao-Social-de-Feira-de-Santana-2-1024x590.jpg",1024,590,true],"chromenews-large":["https:\/\/noticiasbahia360.com.br\/wp-content\/uploads\/2026\/04\/Prefeitura-de-Feira-de-Santana-Foto-Reproducao-Secretaria-Municipal-de-Comunicacao-Social-de-Feira-de-Santana-2-825x575.jpg",825,575,true],"chromenews-medium":["https:\/\/noticiasbahia360.com.br\/wp-content\/uploads\/2026\/04\/Prefeitura-de-Feira-de-Santana-Foto-Reproducao-Secretaria-Municipal-de-Comunicacao-Social-de-Feira-de-Santana-2-590x410.jpg",590,410,true]},"author_info":{"display_name":"noticiasbahia360.com.br","author_link":"https:\/\/noticiasbahia360.com.br\/?author=1"},"category_info":"<a href=\"https:\/\/noticiasbahia360.com.br\/?cat=8\" rel=\"category\">Bahia<\/a> <a href=\"https:\/\/noticiasbahia360.com.br\/?cat=9\" rel=\"category\">Brasil<\/a> <a href=\"https:\/\/noticiasbahia360.com.br\/?cat=6\" rel=\"category\">Feira de Santana<\/a> <a href=\"https:\/\/noticiasbahia360.com.br\/?cat=57\" rel=\"category\">Mundo<\/a> <a href=\"https:\/\/noticiasbahia360.com.br\/?cat=56\" rel=\"category\">Pol\u00edcia<\/a> <a href=\"https:\/\/noticiasbahia360.com.br\/?cat=10\" rel=\"category\">Pol\u00edtica<\/a>","tag_info":"Pol\u00edtica","comment_count":"0","_links":{"self":[{"href":"https:\/\/noticiasbahia360.com.br\/index.php?rest_route=\/wp\/v2\/posts\/129049","targetHints":{"allow":["GET"]}}],"collection":[{"href":"https:\/\/noticiasbahia360.com.br\/index.php?rest_route=\/wp\/v2\/posts"}],"about":[{"href":"https:\/\/noticiasbahia360.com.br\/index.php?rest_route=\/wp\/v2\/types\/post"}],"author":[{"embeddable":true,"href":"https:\/\/noticiasbahia360.com.br\/index.php?rest_route=\/wp\/v2\/users\/1"}],"replies":[{"embeddable":true,"href":"https:\/\/noticiasbahia360.com.br\/index.php?rest_route=%2Fwp%2Fv2%2Fcomments&post=129049"}],"version-history":[{"count":0,"href":"https:\/\/noticiasbahia360.com.br\/index.php?rest_route=\/wp\/v2\/posts\/129049\/revisions"}],"wp:featuredmedia":[{"embeddable":true,"href":"https:\/\/noticiasbahia360.com.br\/index.php?rest_route=\/wp\/v2\/media\/129050"}],"wp:attachment":[{"href":"https:\/\/noticiasbahia360.com.br\/index.php?rest_route=%2Fwp%2Fv2%2Fmedia&parent=129049"}],"wp:term":[{"taxonomy":"category","embeddable":true,"href":"https:\/\/noticiasbahia360.com.br\/index.php?rest_route=%2Fwp%2Fv2%2Fcategories&post=129049"},{"taxonomy":"post_tag","embeddable":true,"href":"https:\/\/noticiasbahia360.com.br\/index.php?rest_route=%2Fwp%2Fv2%2Ftags&post=129049"}],"curies":[{"name":"wp","href":"https:\/\/api.w.org\/{rel}","templated":true}]}}