{"id":129053,"date":"2026-04-30T12:21:35","date_gmt":"2026-04-30T15:21:35","guid":{"rendered":"https:\/\/noticiasbahia360.com.br\/?p=129053"},"modified":"2026-04-30T12:21:35","modified_gmt":"2026-04-30T15:21:35","slug":"de-olho-nos-eleitores-orfaos-de-pablo-roberto-carlos-geilson-reafirma-pre-candidatura-a-deputado-federal","status":"publish","type":"post","link":"https:\/\/noticiasbahia360.com.br\/?p=129053","title":{"rendered":"De olho nos \u2018eleitores \u00f3rf\u00e3os\u2019 de Pablo Roberto, Carlos Geilson reafirma pr\u00e9-candidatura a deputado federal"},"content":{"rendered":"<div>\n<div>\n<figure><img decoding=\"async\" src=\"http:\/\/noticiasbahia360.com.br\/wp-content\/uploads\/2026\/04\/carlos-geilson-1-1.jpg\" alt=\"Carlos Geilson\"><figcaption>Foto: Onildo Rodrigues<br \/>\n<\/figcaption><\/figure>\n<\/div>\n<div class=\"wp-block-group\">\n<div class=\"wp-block-group__inner-container is-layout-constrained wp-block-group-is-layout-constrained\">\n<p>O comunicador feirense <strong>Carlos Geilson<\/strong>, pr\u00e9-candidato ao cargo de deputado federal pela Bahia, confirmou que uma das estrat\u00e9gias da pr\u00f3pria campanha ser\u00e1 investir nos poss\u00edveis eleitores que votariam em Pablo Roberto (<a href=\"https:\/\/www.acordacidade.com.br\/tag\/pablo-roberto\/\" type=\"post_tag\" id=\"36950\">PSDB<\/a>).<\/p>\n<p>\u201cEle seria um candidato com potencial extraordin\u00e1rio de elei\u00e7\u00e3o, \u00e9 claro, eu n\u00e3o vou negar que isso aumentou ainda mais o meu desejo e a minha possibilidade de elei\u00e7\u00e3o. Na disputa com ele, n\u00e3o \u00e9 que a possibilidade de elei\u00e7\u00e3o n\u00e3o existisse, mas seria bem reduzida, extremamente reduzida\u201d, disse.<\/p>\n<p>A informa\u00e7\u00e3o foi confirmada pelo comunicador na manh\u00e3 desta quinta-feira (30), durante uma entrevista no programa <a href=\"https:\/\/www.acordacidade.com.br\/\">Acorda Cidade<\/a>. Geilson afirmou que a decis\u00e3o j\u00e1 estava tomada internamente, mas o desejo de ser candidato ficou mais forte ap\u00f3s a sa\u00edda do tucano.<\/p>\n<p>\u201cNa medida em que ele n\u00e3o se candidata, tem uma quantidade de votos a\u00ed que est\u00e3o boiando. E n\u00f3s vamos buscar esse espa\u00e7o, atrav\u00e9s do trabalho, vamos fazer muita divulga\u00e7\u00e3o para que as pessoas saibam que nessa elei\u00e7\u00e3o eu me candidato a deputado federal. Claro que \u00e9 um espa\u00e7o e voc\u00ea sabe que n\u00e3o tem espa\u00e7o vazio na pol\u00edtica\u201d, complementou o pr\u00e9-candidato.<\/p>\n<\/div>\n<\/div>\n<h3 class=\"wp-block-heading\" id=\"h-transferencia-de-votos\">Transfer\u00eancia de votos<\/h3>\n<p>Geilson explicou que pretende conquistar os chamados <strong>\u2018votos de simpatia\u2019<\/strong>, que s\u00e3o aqueles eleitores com um perfil mais aberto \u00e0 mudan\u00e7a, parcela que pode aderir ao projeto do comunicador uma vez que Pablo desistiu de concorrer.<\/p>\n<p>\u201cPensar que todo mundo que votaria em Pablo vai votar em mim \u00e9 uma estupidez, mas a gente pode conscientizar que na candidatura de Pablo Roberto tem um espa\u00e7o enorme e n\u00f3s vamos buscar preencher esse espa\u00e7o. Veja que nosso grupo pol\u00edtico sempre teve dois, tr\u00eas e at\u00e9 quatro nomes, ent\u00e3o o espa\u00e7o est\u00e1 a\u00ed\u201d, disse.<\/p>\n<p>Falando em grupo, Carlos Geilson aproveitou a entrevista para reafirmar que sempre fez parte da coaliz\u00e3o de pol\u00edticos de <a href=\"https:\/\/www.acordacidade.com.br\/tag\/feira-de-santana\/\" type=\"post_tag\" id=\"33807\">Feira de Santana<\/a> liderados pelo prefeito Jos\u00e9 Ronaldo de Carvalho (Uni\u00e3o Brasil), caracter\u00edstica que refor\u00e7a a possibilidade de ades\u00e3o de quem votaria em Pablo.<\/p>\n<p>\u201cEu sempre fui do grupo, nunca deixei o grupo. Mesmo num per\u00edodo em que estive afastado, nunca perdi as minhas liga\u00e7\u00f5es com o prefeito Jos\u00e9 Ronaldo. Tanto que antes de tomar essa decis\u00e3o estive no gabinete dele e depois o informei atrav\u00e9s de mensagem. Eu s\u00f3 fiz o an\u00fancio da minha candidatura depois de comunicar a ele\u201d, disse.<\/p>\n<p>\u201c\u00d3bvio que eu espero que tenha espa\u00e7o dentro do grupo e isso a gente s\u00f3 vai saber no decorrer da caminhada, at\u00e9 porque o grupo \u00e9 enorme e um candidato s\u00f3 n\u00e3o vai conseguir agradar todos os integrantes do grupo, sempre tem aqueles que preferem outros nomes e, ao inv\u00e9s de buscar candidatos de fora, que busque um candidato da cidade que tem liga\u00e7\u00f5es e que pertence ao grupo\u201d, finalizou Carlos Geilson.<\/p>\n<p><em>Siga o Acorda Cidade no\u00a0<\/em><a href=\"https:\/\/news.google.com\/search?q=acorda%20cidade&amp;hl=pt-BR&amp;gl=BR&amp;ceid=BR%3Apt-419\"><strong><em>Google Not\u00edcias<\/em><\/strong><\/a><em>\u00a0e receba os principais destaques do dia. Participe tamb\u00e9m dos nossos canais no\u00a0<\/em><a href=\"https:\/\/www.whatsapp.com\/channel\/0029Va6Rb4v3WHTNnsh8WI3N\"><strong><em>WhatsApp<\/em><\/strong><\/a><em>\u00a0e\u00a0<\/em><a href=\"https:\/\/www.youtube.com\/@acordacidadenoticias\/videos\"><strong>YouTube<\/strong><\/a><em>\u00a0e grupo de\u00a0<\/em><a href=\"https:\/\/t.me\/+sSz0khrgARA0ZmRh\"><strong><em>Telegram<\/em><\/strong><\/a><em>.<\/em><\/p>\n<\/div>\n","protected":false},"excerpt":{"rendered":"<div>\n<div>\n<figure><img decoding=\"async\" src=\"https:\/\/uploads.acordacidade.com.br\/2026\/04\/carlos-geilson-.jpg\" alt=\"Carlos Geilson\"><figcaption>Foto: Onildo Rodrigues<br \/>\n<\/figcaption><\/figure>\n<\/div>\n<p>\u201cEle seria um candidato com potencial extraordin\u00e1rio mas a desist\u00eancias aumentou a minha possibilidade de elei\u00e7\u00e3o&#8221;, disse Geilson.<\/p><\/div>\n","protected":false},"author":1,"featured_media":129054,"comment_status":"closed","ping_status":"closed","sticky":false,"template":"","format":"gallery","meta":{"footnotes":""},"categories":[8,9,6,57,56,10],"tags":[],"class_list":["post-129053","post","type-post","status-publish","format-gallery","has-post-thumbnail","hentry","category-bahia","category-brasil","category-feira-de-santana","category-mundo","category-policia","category-politica","post_format-post-format-gallery"],"featured_image_urls":{"full":["https:\/\/noticiasbahia360.com.br\/wp-content\/uploads\/2026\/04\/carlos-geilson-1-1.jpg",1200,859,false],"thumbnail":["https:\/\/noticiasbahia360.com.br\/wp-content\/uploads\/2026\/04\/carlos-geilson-1-1-150x150.jpg",150,150,true],"medium":["https:\/\/noticiasbahia360.com.br\/wp-content\/uploads\/2026\/04\/carlos-geilson-1-1-300x215.jpg",300,215,true],"medium_large":["https:\/\/noticiasbahia360.com.br\/wp-content\/uploads\/2026\/04\/carlos-geilson-1-1-768x550.jpg",640,458,true],"large":["https:\/\/noticiasbahia360.com.br\/wp-content\/uploads\/2026\/04\/carlos-geilson-1-1-1024x733.jpg",640,458,true],"1536x1536":["https:\/\/noticiasbahia360.com.br\/wp-content\/uploads\/2026\/04\/carlos-geilson-1-1.jpg",1200,859,false],"2048x2048":["https:\/\/noticiasbahia360.com.br\/wp-content\/uploads\/2026\/04\/carlos-geilson-1-1.jpg",1200,859,false],"chromenews-featured":["https:\/\/noticiasbahia360.com.br\/wp-content\/uploads\/2026\/04\/carlos-geilson-1-1-1024x733.jpg",1024,733,true],"chromenews-large":["https:\/\/noticiasbahia360.com.br\/wp-content\/uploads\/2026\/04\/carlos-geilson-1-1-825x575.jpg",825,575,true],"chromenews-medium":["https:\/\/noticiasbahia360.com.br\/wp-content\/uploads\/2026\/04\/carlos-geilson-1-1-590x410.jpg",590,410,true]},"author_info":{"display_name":"noticiasbahia360.com.br","author_link":"https:\/\/noticiasbahia360.com.br\/?author=1"},"category_info":"<a href=\"https:\/\/noticiasbahia360.com.br\/?cat=8\" rel=\"category\">Bahia<\/a> <a href=\"https:\/\/noticiasbahia360.com.br\/?cat=9\" rel=\"category\">Brasil<\/a> <a href=\"https:\/\/noticiasbahia360.com.br\/?cat=6\" rel=\"category\">Feira de Santana<\/a> <a href=\"https:\/\/noticiasbahia360.com.br\/?cat=57\" rel=\"category\">Mundo<\/a> <a href=\"https:\/\/noticiasbahia360.com.br\/?cat=56\" rel=\"category\">Pol\u00edcia<\/a> <a href=\"https:\/\/noticiasbahia360.com.br\/?cat=10\" rel=\"category\">Pol\u00edtica<\/a>","tag_info":"Pol\u00edtica","comment_count":"0","_links":{"self":[{"href":"https:\/\/noticiasbahia360.com.br\/index.php?rest_route=\/wp\/v2\/posts\/129053","targetHints":{"allow":["GET"]}}],"collection":[{"href":"https:\/\/noticiasbahia360.com.br\/index.php?rest_route=\/wp\/v2\/posts"}],"about":[{"href":"https:\/\/noticiasbahia360.com.br\/index.php?rest_route=\/wp\/v2\/types\/post"}],"author":[{"embeddable":true,"href":"https:\/\/noticiasbahia360.com.br\/index.php?rest_route=\/wp\/v2\/users\/1"}],"replies":[{"embeddable":true,"href":"https:\/\/noticiasbahia360.com.br\/index.php?rest_route=%2Fwp%2Fv2%2Fcomments&post=129053"}],"version-history":[{"count":0,"href":"https:\/\/noticiasbahia360.com.br\/index.php?rest_route=\/wp\/v2\/posts\/129053\/revisions"}],"wp:featuredmedia":[{"embeddable":true,"href":"https:\/\/noticiasbahia360.com.br\/index.php?rest_route=\/wp\/v2\/media\/129054"}],"wp:attachment":[{"href":"https:\/\/noticiasbahia360.com.br\/index.php?rest_route=%2Fwp%2Fv2%2Fmedia&parent=129053"}],"wp:term":[{"taxonomy":"category","embeddable":true,"href":"https:\/\/noticiasbahia360.com.br\/index.php?rest_route=%2Fwp%2Fv2%2Fcategories&post=129053"},{"taxonomy":"post_tag","embeddable":true,"href":"https:\/\/noticiasbahia360.com.br\/index.php?rest_route=%2Fwp%2Fv2%2Ftags&post=129053"}],"curies":[{"name":"wp","href":"https:\/\/api.w.org\/{rel}","templated":true}]}} 