{"id":129055,"date":"2026-04-30T12:26:03","date_gmt":"2026-04-30T15:26:03","guid":{"rendered":"https:\/\/noticiasbahia360.com.br\/?p=129055"},"modified":"2026-04-30T12:26:03","modified_gmt":"2026-04-30T15:26:03","slug":"policia-civil-intercepta-grupo-e-evita-roubo-de-r-800-mil-em-salvador","status":"publish","type":"post","link":"https:\/\/noticiasbahia360.com.br\/?p=129055","title":{"rendered":"Pol\u00edcia Civil intercepta grupo e evita roubo de R$ 800 mil em Salvador"},"content":{"rendered":"<div>\n<div>\n<figure><img decoding=\"async\" src=\"http:\/\/noticiasbahia360.com.br\/wp-content\/uploads\/2026\/04\/roubo-de-carga-.webp\" alt=\"Pol\u00edcia Civil intercepta grupo e evita roubo de R$ 800 mil em Salvador\"><figcaption>Foto: Ascom\/PCBA<\/figcaption><\/figure>\n<\/div>\n<p>Uma a\u00e7\u00e3o policial impediu o roubo de uma carga de aparelhos de refrigera\u00e7\u00e3o no bairro de Val\u00e9ria, em Salvador, na madrugada desta sexta-feira (30). Um homem foi preso em flagrante pelo crime de roubo, e um adolescente foi apreendido por ato infracional an\u00e1logo ao mesmo crime.<\/p>\n<p>Equipes da Delegacia de Repress\u00e3o a Furtos e Roubos (DRFR), unidade pertencente ao Departamento Especializado de Investiga\u00e7\u00f5es Criminais (Deic), foram at\u00e9 o local ap\u00f3s receberem informa\u00e7\u00f5es de intelig\u00eancia sobre a atua\u00e7\u00e3o de um grupo criminoso que realizava o transbordo de mercadorias provenientes de uma caminh\u00e3o.<\/p>\n<figure class=\"wp-block-image size-full\"><img fetchpriority=\"high\" fetchpriority=\"high\" decoding=\"async\" width=\"1200\" height=\"790\" src=\"http:\/\/noticiasbahia360.com.br\/wp-content\/uploads\/2026\/04\/roubo-de-carga.webp\" alt=\"Pol\u00edcia Civil intercepta grupo e evita roubo de R$ 800 mil em Salvador\" class=\"wp-image-651326\" srcset=\"http:\/\/noticiasbahia360.com.br\/wp-content\/uploads\/2026\/04\/roubo-de-carga.webp 1200w, https:\/\/uploads.acordacidade.com.br\/2026\/04\/roubo-de-carga-750x494.webp 750w, https:\/\/uploads.acordacidade.com.br\/2026\/04\/roubo-de-carga-1000x658.webp 1000w, https:\/\/uploads.acordacidade.com.br\/2026\/04\/roubo-de-carga-450x296.webp 450w, https:\/\/uploads.acordacidade.com.br\/2026\/04\/roubo-de-carga-150x99.webp 150w\" sizes=\"(max-width: 1200px) 100vw, 1200px\"><figcaption class=\"wp-element-caption\">Foto: Ascom\/PCBA<\/figcaption><\/figure>\n<p>Os policiais se deslocaram imediatamente at\u00e9 a \u00e1rea e conseguiram interceptar um caminh\u00e3o que deixava o local transportando parte da carga. Durante a progress\u00e3o da equipe, os agentes foram surpreendidos por disparos de arma de fogo efetuados por outros integrantes do grupo criminoso, que faziam a vigil\u00e2ncia da carga e mantinham o motorista da carreta sob restri\u00e7\u00e3o.<\/p>\n<p>Houve confronto, e os suspeitos fugiram, abandonando grande parte do material, o que permitiu frustrar o roubo em sua maior parte e libertando o motorista respons\u00e1vel pela carga. O material, avaliado em aproximadamente R$ 800 mil, e o ve\u00edculo utilizado na a\u00e7\u00e3o foram apreendidos.<\/p>\n<figure class=\"wp-block-image size-full\"><img decoding=\"async\" width=\"1200\" height=\"786\" src=\"http:\/\/noticiasbahia360.com.br\/wp-content\/uploads\/2026\/04\/roubo-de-carga-1.webp\" alt=\"Pol\u00edcia Civil intercepta grupo e evita roubo de R$ 800 mil em Salvador\" class=\"wp-image-651324\" srcset=\"http:\/\/noticiasbahia360.com.br\/wp-content\/uploads\/2026\/04\/roubo-de-carga-1.webp 1200w, https:\/\/uploads.acordacidade.com.br\/2026\/04\/roubo-de-carga-1-750x491.webp 750w, https:\/\/uploads.acordacidade.com.br\/2026\/04\/roubo-de-carga-1-1000x655.webp 1000w, https:\/\/uploads.acordacidade.com.br\/2026\/04\/roubo-de-carga-1-450x295.webp 450w, https:\/\/uploads.acordacidade.com.br\/2026\/04\/roubo-de-carga-1-150x98.webp 150w\" sizes=\"(max-width: 1200px) 100vw, 1200px\"><figcaption class=\"wp-element-caption\">Foto: Ascom\/PCBA<\/figcaption><\/figure>\n<p>O adulto foi preso em flagrante e conduzido \u00e0 DRFR, onde foi lavrado o Auto de Pris\u00e3o em Flagrante (APF). O adolescente foi apreendido e encaminhado \u00e0 Delegacia do Adolescente Infrator (DAI), onde foi lavrado um Auto de Apreens\u00e3o em Flagrante de Ato Infracional (AIAI). Ambos seguem custodiados, \u00e0 disposi\u00e7\u00e3o do Poder Judici\u00e1rio.<\/p>\n<p><em>Siga o Acorda Cidade no\u00a0<\/em><a href=\"https:\/\/news.google.com\/search?q=acorda%20cidade&amp;hl=pt-BR&amp;gl=BR&amp;ceid=BR%3Apt-419\"><strong><em>Google Not\u00edcias<\/em><\/strong><\/a><em>\u00a0e receba os principais destaques do dia. Participe tamb\u00e9m dos nossos canais no\u00a0<\/em><a href=\"https:\/\/www.whatsapp.com\/channel\/0029Va6Rb4v3WHTNnsh8WI3N\"><strong><em>WhatsApp<\/em><\/strong><\/a><em>\u00a0e\u00a0<\/em><a href=\"https:\/\/www.youtube.com\/@acordacidadenoticias\/videos\"><strong>YouTube<\/strong><\/a><em>\u00a0e grupo de\u00a0<\/em><a href=\"https:\/\/t.me\/+sSz0khrgARA0ZmRh\"><strong><em>Telegram<\/em><\/strong><\/a><em>.<\/em><\/p>\n<\/div>\n","protected":false},"excerpt":{"rendered":"<div>\n<div>\n<figure><img decoding=\"async\" src=\"https:\/\/uploads.acordacidade.com.br\/2026\/04\/roubo-de-carga-.webp\" alt=\"Pol\u00edcia Civil intercepta grupo e evita roubo de R$ 800 mil em Salvador\"><figcaption>Foto: Ascom\/PCBA<\/figcaption><\/figure>\n<\/div>\n<p>A\u00e7\u00e3o resultou na pris\u00e3o de um homem e na apreens\u00e3o de um adolescente que integram um grupo criminoso que realizava o transbordo do material.<\/p><\/div>\n","protected":false},"author":1,"featured_media":129056,"comment_status":"closed","ping_status":"closed","sticky":false,"template":"","format":"gallery","meta":{"footnotes":""},"categories":[8,9,6,57,56,10],"tags":[],"class_list":["post-129055","post","type-post","status-publish","format-gallery","has-post-thumbnail","hentry","category-bahia","category-brasil","category-feira-de-santana","category-mundo","category-policia","category-politica","post_format-post-format-gallery"],"featured_image_urls":{"full":["https:\/\/noticiasbahia360.com.br\/wp-content\/uploads\/2026\/04\/roubo-de-carga-.webp",1200,786,false],"thumbnail":["https:\/\/noticiasbahia360.com.br\/wp-content\/uploads\/2026\/04\/roubo-de-carga--150x150.webp",150,150,true],"medium":["https:\/\/noticiasbahia360.com.br\/wp-content\/uploads\/2026\/04\/roubo-de-carga--300x197.webp",300,197,true],"medium_large":["https:\/\/noticiasbahia360.com.br\/wp-content\/uploads\/2026\/04\/roubo-de-carga--768x503.webp",640,419,true],"large":["https:\/\/noticiasbahia360.com.br\/wp-content\/uploads\/2026\/04\/roubo-de-carga--1024x671.webp",640,419,true],"1536x1536":["https:\/\/noticiasbahia360.com.br\/wp-content\/uploads\/2026\/04\/roubo-de-carga-.webp",1200,786,false],"2048x2048":["https:\/\/noticiasbahia360.com.br\/wp-content\/uploads\/2026\/04\/roubo-de-carga-.webp",1200,786,false],"chromenews-featured":["https:\/\/noticiasbahia360.com.br\/wp-content\/uploads\/2026\/04\/roubo-de-carga--1024x671.webp",1024,671,true],"chromenews-large":["https:\/\/noticiasbahia360.com.br\/wp-content\/uploads\/2026\/04\/roubo-de-carga--825x575.webp",825,575,true],"chromenews-medium":["https:\/\/noticiasbahia360.com.br\/wp-content\/uploads\/2026\/04\/roubo-de-carga--590x410.webp",590,410,true]},"author_info":{"display_name":"noticiasbahia360.com.br","author_link":"https:\/\/noticiasbahia360.com.br\/?author=1"},"category_info":"<a href=\"https:\/\/noticiasbahia360.com.br\/?cat=8\" rel=\"category\">Bahia<\/a> <a href=\"https:\/\/noticiasbahia360.com.br\/?cat=9\" rel=\"category\">Brasil<\/a> <a href=\"https:\/\/noticiasbahia360.com.br\/?cat=6\" rel=\"category\">Feira de Santana<\/a> <a href=\"https:\/\/noticiasbahia360.com.br\/?cat=57\" rel=\"category\">Mundo<\/a> <a href=\"https:\/\/noticiasbahia360.com.br\/?cat=56\" rel=\"category\">Pol\u00edcia<\/a> <a href=\"https:\/\/noticiasbahia360.com.br\/?cat=10\" rel=\"category\">Pol\u00edtica<\/a>","tag_info":"Pol\u00edtica","comment_count":"0","_links":{"self":[{"href":"https:\/\/noticiasbahia360.com.br\/index.php?rest_route=\/wp\/v2\/posts\/129055","targetHints":{"allow":["GET"]}}],"collection":[{"href":"https:\/\/noticiasbahia360.com.br\/index.php?rest_route=\/wp\/v2\/posts"}],"about":[{"href":"https:\/\/noticiasbahia360.com.br\/index.php?rest_route=\/wp\/v2\/types\/post"}],"author":[{"embeddable":true,"href":"https:\/\/noticiasbahia360.com.br\/index.php?rest_route=\/wp\/v2\/users\/1"}],"replies":[{"embeddable":true,"href":"https:\/\/noticiasbahia360.com.br\/index.php?rest_route=%2Fwp%2Fv2%2Fcomments&post=129055"}],"version-history":[{"count":0,"href":"https:\/\/noticiasbahia360.com.br\/index.php?rest_route=\/wp\/v2\/posts\/129055\/revisions"}],"wp:featuredmedia":[{"embeddable":true,"href":"https:\/\/noticiasbahia360.com.br\/index.php?rest_route=\/wp\/v2\/media\/129056"}],"wp:attachment":[{"href":"https:\/\/noticiasbahia360.com.br\/index.php?rest_route=%2Fwp%2Fv2%2Fmedia&parent=129055"}],"wp:term":[{"taxonomy":"category","embeddable":true,"href":"https:\/\/noticiasbahia360.com.br\/index.php?rest_route=%2Fwp%2Fv2%2Fcategories&post=129055"},{"taxonomy":"post_tag","embeddable":true,"href":"https:\/\/noticiasbahia360.com.br\/index.php?rest_route=%2Fwp%2Fv2%2Ftags&post=129055"}],"curies":[{"name":"wp","href":"https:\/\/api.w.org\/{rel}","templated":true}]}}