{"id":129059,"date":"2026-04-30T12:35:55","date_gmt":"2026-04-30T15:35:55","guid":{"rendered":"https:\/\/noticiasbahia360.com.br\/?p=129059"},"modified":"2026-04-30T12:35:55","modified_gmt":"2026-04-30T15:35:55","slug":"cooperfeira-articula-aproximacao-entre-pecuaristas-e-bancos-para-ampliar-acesso-a-credito","status":"publish","type":"post","link":"https:\/\/noticiasbahia360.com.br\/?p=129059","title":{"rendered":"Cooperfeira articula aproxima\u00e7\u00e3o entre pecuaristas e bancos para ampliar acesso a cr\u00e9dito"},"content":{"rendered":"<div>\n<div>\n<figure><img decoding=\"async\" src=\"http:\/\/noticiasbahia360.com.br\/wp-content\/uploads\/2026\/04\/Cooperfeira-articula-aproximacao-entre-pecuaristas-e-bancos-para-ampliar-acesso-a-credito-Foto-Reproducao-300426.jpg\" alt=\"Cooperfeira articula aproxima\u00e7\u00e3o entre pecuaristas e bancos para ampliar acesso a cr\u00e9dito\"><figcaption>Foto: Reprodu\u00e7\u00e3o <\/figcaption><\/figure>\n<\/div>\n<p>A Cooperfeira deu mais um passo no fortalecimento da sua base produtiva ao promover uma reuni\u00e3o entre sua diretoria e representantes de institui\u00e7\u00f5es financeiras com atua\u00e7\u00e3o no cr\u00e9dito rural. O encontro teve como foco principal estreitar a rela\u00e7\u00e3o entre os pecuaristas, especialmente os cooperados, e os bancos, ampliando o acesso a informa\u00e7\u00f5es sobre linhas de financiamento e oportunidades para o setor.<\/p>\n<p>Participaram da reuni\u00e3o o presidente Beto Falc\u00e3o, e os diretores Agenor Campos e Pepe Morais. Pelas institui\u00e7\u00f5es financeiras, estiveram presentes Rosalvo Morais (Banco do Nordeste), Alexsandro Prado (Banco do Brasil) e Carlos Novais (Sicredi), todos gestores de carteiras voltadas ao agroneg\u00f3cio.<\/p>\n<p>Segundo o presidente Beto Falc\u00e3o, a iniciativa refor\u00e7a o papel institucional da Cooperfeira como representante dos interesses dos seus cerca de 800 cooperados. \u201cNosso objetivo \u00e9 aproximar o produtor das institui\u00e7\u00f5es financeiras, facilitar o acesso \u00e0s informa\u00e7\u00f5es e, consequentemente, \u00e0s linhas de cr\u00e9dito dispon\u00edveis. Cooperado forte faz a cooperativa forte\u201d, destacou.<\/p>\n<p>Durante o encontro, foi ressaltado que bancos oficiais como Banco do Brasil e Banco do Nordeste operam com linhas espec\u00edficas para o setor, como recursos do FNE Rural e do Pronaf, com taxas em torno de 8% ao ano. Apesar disso, ainda h\u00e1 relatos de dificuldade de acesso por parte dos produtores, muitas vezes por falta de informa\u00e7\u00e3o ou entraves no cumprimento de exig\u00eancias, especialmente garantias reais.<\/p>\n<p>Os representantes das institui\u00e7\u00f5es reconheceram os desafios, mas refor\u00e7aram a disposi\u00e7\u00e3o em estreitar o di\u00e1logo com o setor produtivo. O Banco do Nordeste, inclusive, destacou que a pecu\u00e1ria de corte e leite est\u00e1 entre as prioridades estrat\u00e9gicas da institui\u00e7\u00e3o para os pr\u00f3ximos dois anos, alinhando-se diretamente ao perfil dos cooperados da Cooperfeira.<\/p>\n<p>J\u00e1 o Sicredi, com atua\u00e7\u00e3o no mercado privado e opera\u00e7\u00f5es com recursos do BNDES, tamb\u00e9m apresentou alternativas de cr\u00e9dito com condi\u00e7\u00f5es diferenciadas, al\u00e9m de sinalizar a\u00e7\u00f5es futuras, como a oferta de cursos sobre cooperativismo.<\/p>\n<p>O encontro serviu ainda como ponto de partida para novas iniciativas conjuntas. A diretoria da Cooperfeira pretende ampliar esse di\u00e1logo, com a realiza\u00e7\u00e3o de um evento mais abrangente, envolvendo diretamente os cooperados. \u201cFoi um primeiro momento muito positivo. Vamos avan\u00e7ar para uma agenda mais ampla, com a participa\u00e7\u00e3o dos produtores, fortalecendo esse elo com as institui\u00e7\u00f5es financeiras\u201d, concluiu Beto Falc\u00e3o.<\/p>\n<p><em>Siga o Acorda Cidade no\u00a0<\/em><a href=\"https:\/\/news.google.com\/search?q=acorda%20cidade&amp;hl=pt-BR&amp;gl=BR&amp;ceid=BR%3Apt-419\"><strong><em>Google Not\u00edcias<\/em><\/strong><\/a><em>\u00a0e receba os principais destaques do dia. Participe tamb\u00e9m dos nossos canais no\u00a0<\/em><a href=\"https:\/\/www.whatsapp.com\/channel\/0029Va6Rb4v3WHTNnsh8WI3N\"><strong><em>WhatsApp<\/em><\/strong><\/a><em>\u00a0e\u00a0<\/em><a href=\"https:\/\/www.youtube.com\/@acordacidadenoticias\/videos\"><strong>YouTube<\/strong><\/a><em>\u00a0e grupo de\u00a0<\/em><a href=\"https:\/\/t.me\/+sSz0khrgARA0ZmRh\"><strong><em>Telegram<\/em><\/strong><\/a><em>.<\/em><\/p>\n<\/div>\n","protected":false},"excerpt":{"rendered":"<div>\n<div>\n<figure><img decoding=\"async\" src=\"https:\/\/uploads.acordacidade.com.br\/2026\/04\/Cooperfeira-articula-aproximacao-entre-pecuaristas-e-bancos-para-ampliar-acesso-a-credito-Foto-Reproducao-300426.jpg\" alt=\"Cooperfeira articula aproxima\u00e7\u00e3o entre pecuaristas e bancos para ampliar acesso a cr\u00e9dito\"><figcaption>Foto: Reprodu\u00e7\u00e3o <\/figcaption><\/figure>\n<\/div>\n<p>A Cooperfeira pretende ampliar esse di\u00e1logo, com a realiza\u00e7\u00e3o de um evento mais abrangente, envolvendo diretamente os cooperados.<\/p><\/div>\n","protected":false},"author":1,"featured_media":129060,"comment_status":"closed","ping_status":"closed","sticky":false,"template":"","format":"gallery","meta":{"footnotes":""},"categories":[8,9,6,57,56,10],"tags":[],"class_list":["post-129059","post","type-post","status-publish","format-gallery","has-post-thumbnail","hentry","category-bahia","category-brasil","category-feira-de-santana","category-mundo","category-policia","category-politica","post_format-post-format-gallery"],"featured_image_urls":{"full":["https:\/\/noticiasbahia360.com.br\/wp-content\/uploads\/2026\/04\/Cooperfeira-articula-aproximacao-entre-pecuaristas-e-bancos-para-ampliar-acesso-a-credito-Foto-Reproducao-300426.jpg",1200,745,false],"thumbnail":["https:\/\/noticiasbahia360.com.br\/wp-content\/uploads\/2026\/04\/Cooperfeira-articula-aproximacao-entre-pecuaristas-e-bancos-para-ampliar-acesso-a-credito-Foto-Reproducao-300426-150x150.jpg",150,150,true],"medium":["https:\/\/noticiasbahia360.com.br\/wp-content\/uploads\/2026\/04\/Cooperfeira-articula-aproximacao-entre-pecuaristas-e-bancos-para-ampliar-acesso-a-credito-Foto-Reproducao-300426-300x186.jpg",300,186,true],"medium_large":["https:\/\/noticiasbahia360.com.br\/wp-content\/uploads\/2026\/04\/Cooperfeira-articula-aproximacao-entre-pecuaristas-e-bancos-para-ampliar-acesso-a-credito-Foto-Reproducao-300426-768x477.jpg",640,398,true],"large":["https:\/\/noticiasbahia360.com.br\/wp-content\/uploads\/2026\/04\/Cooperfeira-articula-aproximacao-entre-pecuaristas-e-bancos-para-ampliar-acesso-a-credito-Foto-Reproducao-300426-1024x636.jpg",640,398,true],"1536x1536":["https:\/\/noticiasbahia360.com.br\/wp-content\/uploads\/2026\/04\/Cooperfeira-articula-aproximacao-entre-pecuaristas-e-bancos-para-ampliar-acesso-a-credito-Foto-Reproducao-300426.jpg",1200,745,false],"2048x2048":["https:\/\/noticiasbahia360.com.br\/wp-content\/uploads\/2026\/04\/Cooperfeira-articula-aproximacao-entre-pecuaristas-e-bancos-para-ampliar-acesso-a-credito-Foto-Reproducao-300426.jpg",1200,745,false],"chromenews-featured":["https:\/\/noticiasbahia360.com.br\/wp-content\/uploads\/2026\/04\/Cooperfeira-articula-aproximacao-entre-pecuaristas-e-bancos-para-ampliar-acesso-a-credito-Foto-Reproducao-300426-1024x636.jpg",1024,636,true],"chromenews-large":["https:\/\/noticiasbahia360.com.br\/wp-content\/uploads\/2026\/04\/Cooperfeira-articula-aproximacao-entre-pecuaristas-e-bancos-para-ampliar-acesso-a-credito-Foto-Reproducao-300426-825x575.jpg",825,575,true],"chromenews-medium":["https:\/\/noticiasbahia360.com.br\/wp-content\/uploads\/2026\/04\/Cooperfeira-articula-aproximacao-entre-pecuaristas-e-bancos-para-ampliar-acesso-a-credito-Foto-Reproducao-300426-590x410.jpg",590,410,true]},"author_info":{"display_name":"noticiasbahia360.com.br","author_link":"https:\/\/noticiasbahia360.com.br\/?author=1"},"category_info":"<a href=\"https:\/\/noticiasbahia360.com.br\/?cat=8\" rel=\"category\">Bahia<\/a> <a href=\"https:\/\/noticiasbahia360.com.br\/?cat=9\" rel=\"category\">Brasil<\/a> <a href=\"https:\/\/noticiasbahia360.com.br\/?cat=6\" rel=\"category\">Feira de Santana<\/a> <a href=\"https:\/\/noticiasbahia360.com.br\/?cat=57\" rel=\"category\">Mundo<\/a> <a href=\"https:\/\/noticiasbahia360.com.br\/?cat=56\" rel=\"category\">Pol\u00edcia<\/a> <a href=\"https:\/\/noticiasbahia360.com.br\/?cat=10\" rel=\"category\">Pol\u00edtica<\/a>","tag_info":"Pol\u00edtica","comment_count":"0","_links":{"self":[{"href":"https:\/\/noticiasbahia360.com.br\/index.php?rest_route=\/wp\/v2\/posts\/129059","targetHints":{"allow":["GET"]}}],"collection":[{"href":"https:\/\/noticiasbahia360.com.br\/index.php?rest_route=\/wp\/v2\/posts"}],"about":[{"href":"https:\/\/noticiasbahia360.com.br\/index.php?rest_route=\/wp\/v2\/types\/post"}],"author":[{"embeddable":true,"href":"https:\/\/noticiasbahia360.com.br\/index.php?rest_route=\/wp\/v2\/users\/1"}],"replies":[{"embeddable":true,"href":"https:\/\/noticiasbahia360.com.br\/index.php?rest_route=%2Fwp%2Fv2%2Fcomments&post=129059"}],"version-history":[{"count":0,"href":"https:\/\/noticiasbahia360.com.br\/index.php?rest_route=\/wp\/v2\/posts\/129059\/revisions"}],"wp:featuredmedia":[{"embeddable":true,"href":"https:\/\/noticiasbahia360.com.br\/index.php?rest_route=\/wp\/v2\/media\/129060"}],"wp:attachment":[{"href":"https:\/\/noticiasbahia360.com.br\/index.php?rest_route=%2Fwp%2Fv2%2Fmedia&parent=129059"}],"wp:term":[{"taxonomy":"category","embeddable":true,"href":"https:\/\/noticiasbahia360.com.br\/index.php?rest_route=%2Fwp%2Fv2%2Fcategories&post=129059"},{"taxonomy":"post_tag","embeddable":true,"href":"https:\/\/noticiasbahia360.com.br\/index.php?rest_route=%2Fwp%2Fv2%2Ftags&post=129059"}],"curies":[{"name":"wp","href":"https:\/\/api.w.org\/{rel}","templated":true}]}}