{"id":129061,"date":"2026-04-30T13:36:05","date_gmt":"2026-04-30T16:36:05","guid":{"rendered":"https:\/\/noticiasbahia360.com.br\/?p=129061"},"modified":"2026-04-30T13:36:05","modified_gmt":"2026-04-30T16:36:05","slug":"duas-pessoas-morrem-em-grave-colisao-na-ba-026","status":"publish","type":"post","link":"https:\/\/noticiasbahia360.com.br\/?p=129061","title":{"rendered":"Duas pessoas morrem em grave colis\u00e3o na BA-026"},"content":{"rendered":"<div>\n<div>\n<figure><img decoding=\"async\" src=\"http:\/\/noticiasbahia360.com.br\/wp-content\/uploads\/2026\/04\/Duas-pessoas-morrem-em-grave-colisao-na-BA-026-Foto-Reproducao-Blog-Marcos-Frahm-300426.jpg\" alt=\"Os v\u00edtimas mortas e outras duas feridas estavam no carro modelo Eco Sport\"><figcaption>As v\u00edtimas mortas e outras duas feridas estavam no carro modelo Eco Sport | Foto: Reprodu\u00e7\u00e3o\/ Blog Marcos Frahm <\/figcaption><\/figure>\n<\/div>\n<p>Por volta das 2h da madrugada desta quinta-feira (30), duas pessoas morreram ap\u00f3s uma grave colis\u00e3o entre dois carros de passeio na BA-026, na regi\u00e3o do Vale do Jiquiri\u00e7\u00e1.<\/p>\n<p>De acordo com o Blog Marcos Frah, site parceiro do Acorda Cidade, outras tr\u00eas pessoas envolvidas no acidente foram socorridas pelo Servi\u00e7o de Atendimento M\u00f3vel de Urg\u00eancia (Samu 192). Os mortos foram identificados como Jo\u00e3o Ferreira de Almeida, de 31 anos, e Rodrigo Pereira Cruz, de apenas 6 anos.<\/p>\n<p>A colis\u00e3o foi registrada no trecho da rodovia com frequentes acidentes, pr\u00f3ximo \u00e0 localidade de Covas, no sudoeste da Bahia. Os sobreviventes foram encaminhados ao Hospital Geral Prado Valadares (HGPV), em Jequi\u00e9, e ao Hospital \u00c1lvaro Bezerra, em Marac\u00e1s.<\/p>\n<figure class=\"wp-block-image size-full\"><img fetchpriority=\"high\" fetchpriority=\"high\" decoding=\"async\" width=\"1200\" height=\"675\" src=\"http:\/\/noticiasbahia360.com.br\/wp-content\/uploads\/2026\/04\/Duas-pessoas-morrem-em-grave-colisao-na-BA-026-Foto-Reproducao-Blog-Marcos-Frahm-2-300426.jpg\" alt=\"O motorista do ve\u00edculo Jeep tamb\u00e9m ficou ferido \" class=\"wp-image-651344\" srcset=\"http:\/\/noticiasbahia360.com.br\/wp-content\/uploads\/2026\/04\/Duas-pessoas-morrem-em-grave-colisao-na-BA-026-Foto-Reproducao-Blog-Marcos-Frahm-2-300426.jpg 1200w, https:\/\/uploads.acordacidade.com.br\/2026\/04\/Duas-pessoas-morrem-em-grave-colisao-na-BA-026-Foto-Reproducao-Blog-Marcos-Frahm-2-300426-750x422.jpg 750w, https:\/\/uploads.acordacidade.com.br\/2026\/04\/Duas-pessoas-morrem-em-grave-colisao-na-BA-026-Foto-Reproducao-Blog-Marcos-Frahm-2-300426-1000x563.jpg 1000w, https:\/\/uploads.acordacidade.com.br\/2026\/04\/Duas-pessoas-morrem-em-grave-colisao-na-BA-026-Foto-Reproducao-Blog-Marcos-Frahm-2-300426-450x253.jpg 450w, https:\/\/uploads.acordacidade.com.br\/2026\/04\/Duas-pessoas-morrem-em-grave-colisao-na-BA-026-Foto-Reproducao-Blog-Marcos-Frahm-2-300426-150x84.jpg 150w\" sizes=\"(max-width: 1200px) 100vw, 1200px\"><figcaption class=\"wp-element-caption\">O motorista do ve\u00edculo Jeep tamb\u00e9m ficou ferido | Foto: Reprodu\u00e7\u00e3o\/ Blog Marcos Frahm <\/figcaption><\/figure>\n<p>O Departamento de Pol\u00edcia T\u00e9cnica (DPT) realizou a remo\u00e7\u00e3o dos corpos para o Instituto M\u00e9dico Legal (IML) de Jequi\u00e9. N\u00e3o h\u00e1 informa\u00e7\u00f5es sobre o estado de sa\u00fade dos feridos. As causas do acidente ainda s\u00e3o investigadas. <\/p>\n<p><em>Siga o Acorda Cidade no\u00a0<\/em><a href=\"https:\/\/news.google.com\/search?q=acorda%20cidade&amp;hl=pt-BR&amp;gl=BR&amp;ceid=BR%3Apt-419\"><strong><em>Google Not\u00edcias<\/em><\/strong><\/a><em>\u00a0e receba os principais destaques do dia. Participe tamb\u00e9m dos nossos canais no\u00a0<\/em><a href=\"https:\/\/www.whatsapp.com\/channel\/0029Va6Rb4v3WHTNnsh8WI3N\"><strong><em>WhatsApp<\/em><\/strong><\/a><em>\u00a0e\u00a0<\/em><a href=\"https:\/\/www.youtube.com\/@acordacidadenoticias\/videos\"><strong>YouTube<\/strong><\/a><em>\u00a0e grupo de\u00a0<\/em><a href=\"https:\/\/t.me\/+sSz0khrgARA0ZmRh\"><strong><em>Telegram<\/em><\/strong><\/a><em>.<\/em><\/p>\n<\/div>\n","protected":false},"excerpt":{"rendered":"<div>\n<div>\n<figure><img decoding=\"async\" src=\"https:\/\/uploads.acordacidade.com.br\/2026\/04\/Duas-pessoas-morrem-em-grave-colisao-na-BA-026-Foto-Reproducao-Blog-Marcos-Frahm-300426.jpg\" alt=\"Os v\u00edtimas mortas e outras duas feridas estavam no carro modelo Eco Sport\"><figcaption>As v\u00edtimas mortas e outras duas feridas estavam no carro modelo Eco Sport | Foto: Reprodu\u00e7\u00e3o\/ Blog Marcos Frahm <\/figcaption><\/figure>\n<\/div>\n<p>Os mortos na colis\u00e3o foram identificados como Jo\u00e3o Ferreira de Almeida, de 31 anos, e Rodrigo Pereira Cruz, de apenas 6 anos.<\/p><\/div>\n","protected":false},"author":1,"featured_media":129062,"comment_status":"closed","ping_status":"closed","sticky":false,"template":"","format":"gallery","meta":{"footnotes":""},"categories":[8,9,6,57,56,10],"tags":[],"class_list":["post-129061","post","type-post","status-publish","format-gallery","has-post-thumbnail","hentry","category-bahia","category-brasil","category-feira-de-santana","category-mundo","category-policia","category-politica","post_format-post-format-gallery"],"featured_image_urls":{"full":["https:\/\/noticiasbahia360.com.br\/wp-content\/uploads\/2026\/04\/Duas-pessoas-morrem-em-grave-colisao-na-BA-026-Foto-Reproducao-Blog-Marcos-Frahm-300426.jpg",1200,675,false],"thumbnail":["https:\/\/noticiasbahia360.com.br\/wp-content\/uploads\/2026\/04\/Duas-pessoas-morrem-em-grave-colisao-na-BA-026-Foto-Reproducao-Blog-Marcos-Frahm-300426-150x150.jpg",150,150,true],"medium":["https:\/\/noticiasbahia360.com.br\/wp-content\/uploads\/2026\/04\/Duas-pessoas-morrem-em-grave-colisao-na-BA-026-Foto-Reproducao-Blog-Marcos-Frahm-300426-300x169.jpg",300,169,true],"medium_large":["https:\/\/noticiasbahia360.com.br\/wp-content\/uploads\/2026\/04\/Duas-pessoas-morrem-em-grave-colisao-na-BA-026-Foto-Reproducao-Blog-Marcos-Frahm-300426-768x432.jpg",640,360,true],"large":["https:\/\/noticiasbahia360.com.br\/wp-content\/uploads\/2026\/04\/Duas-pessoas-morrem-em-grave-colisao-na-BA-026-Foto-Reproducao-Blog-Marcos-Frahm-300426-1024x576.jpg",640,360,true],"1536x1536":["https:\/\/noticiasbahia360.com.br\/wp-content\/uploads\/2026\/04\/Duas-pessoas-morrem-em-grave-colisao-na-BA-026-Foto-Reproducao-Blog-Marcos-Frahm-300426.jpg",1200,675,false],"2048x2048":["https:\/\/noticiasbahia360.com.br\/wp-content\/uploads\/2026\/04\/Duas-pessoas-morrem-em-grave-colisao-na-BA-026-Foto-Reproducao-Blog-Marcos-Frahm-300426.jpg",1200,675,false],"chromenews-featured":["https:\/\/noticiasbahia360.com.br\/wp-content\/uploads\/2026\/04\/Duas-pessoas-morrem-em-grave-colisao-na-BA-026-Foto-Reproducao-Blog-Marcos-Frahm-300426-1024x576.jpg",1024,576,true],"chromenews-large":["https:\/\/noticiasbahia360.com.br\/wp-content\/uploads\/2026\/04\/Duas-pessoas-morrem-em-grave-colisao-na-BA-026-Foto-Reproducao-Blog-Marcos-Frahm-300426-825x575.jpg",825,575,true],"chromenews-medium":["https:\/\/noticiasbahia360.com.br\/wp-content\/uploads\/2026\/04\/Duas-pessoas-morrem-em-grave-colisao-na-BA-026-Foto-Reproducao-Blog-Marcos-Frahm-300426-590x410.jpg",590,410,true]},"author_info":{"display_name":"noticiasbahia360.com.br","author_link":"https:\/\/noticiasbahia360.com.br\/?author=1"},"category_info":"<a href=\"https:\/\/noticiasbahia360.com.br\/?cat=8\" rel=\"category\">Bahia<\/a> <a href=\"https:\/\/noticiasbahia360.com.br\/?cat=9\" rel=\"category\">Brasil<\/a> <a href=\"https:\/\/noticiasbahia360.com.br\/?cat=6\" rel=\"category\">Feira de Santana<\/a> <a href=\"https:\/\/noticiasbahia360.com.br\/?cat=57\" rel=\"category\">Mundo<\/a> <a href=\"https:\/\/noticiasbahia360.com.br\/?cat=56\" rel=\"category\">Pol\u00edcia<\/a> <a href=\"https:\/\/noticiasbahia360.com.br\/?cat=10\" rel=\"category\">Pol\u00edtica<\/a>","tag_info":"Pol\u00edtica","comment_count":"0","_links":{"self":[{"href":"https:\/\/noticiasbahia360.com.br\/index.php?rest_route=\/wp\/v2\/posts\/129061","targetHints":{"allow":["GET"]}}],"collection":[{"href":"https:\/\/noticiasbahia360.com.br\/index.php?rest_route=\/wp\/v2\/posts"}],"about":[{"href":"https:\/\/noticiasbahia360.com.br\/index.php?rest_route=\/wp\/v2\/types\/post"}],"author":[{"embeddable":true,"href":"https:\/\/noticiasbahia360.com.br\/index.php?rest_route=\/wp\/v2\/users\/1"}],"replies":[{"embeddable":true,"href":"https:\/\/noticiasbahia360.com.br\/index.php?rest_route=%2Fwp%2Fv2%2Fcomments&post=129061"}],"version-history":[{"count":0,"href":"https:\/\/noticiasbahia360.com.br\/index.php?rest_route=\/wp\/v2\/posts\/129061\/revisions"}],"wp:featuredmedia":[{"embeddable":true,"href":"https:\/\/noticiasbahia360.com.br\/index.php?rest_route=\/wp\/v2\/media\/129062"}],"wp:attachment":[{"href":"https:\/\/noticiasbahia360.com.br\/index.php?rest_route=%2Fwp%2Fv2%2Fmedia&parent=129061"}],"wp:term":[{"taxonomy":"category","embeddable":true,"href":"https:\/\/noticiasbahia360.com.br\/index.php?rest_route=%2Fwp%2Fv2%2Fcategories&post=129061"},{"taxonomy":"post_tag","embeddable":true,"href":"https:\/\/noticiasbahia360.com.br\/index.php?rest_route=%2Fwp%2Fv2%2Ftags&post=129061"}],"curies":[{"name":"wp","href":"https:\/\/api.w.org\/{rel}","templated":true}]}}