{"id":129064,"date":"2026-04-30T13:46:03","date_gmt":"2026-04-30T16:46:03","guid":{"rendered":"https:\/\/noticiasbahia360.com.br\/?p=129064"},"modified":"2026-04-30T13:46:03","modified_gmt":"2026-04-30T16:46:03","slug":"geilson-comenta-apoio-de-vereadores-de-feira-a-candidatos-forasteiros-sera-que-na-cidade-nao-tem-bons-nomes","status":"publish","type":"post","link":"https:\/\/noticiasbahia360.com.br\/?p=129064","title":{"rendered":"Geilson comenta apoio de vereadores de Feira a candidatos forasteiros: \u201cSer\u00e1 que na cidade n\u00e3o tem bons nomes?\u201d"},"content":{"rendered":"<div>\n<div>\n<figure><img decoding=\"async\" src=\"http:\/\/noticiasbahia360.com.br\/wp-content\/uploads\/2026\/04\/carlos-geilson-1-2.jpg\" alt=\"Carlos Geilson\"><figcaption>Foto: Onildo Rodrigues<br \/>\n<\/figcaption><\/figure>\n<\/div>\n<p>O pr\u00e9-candidato a deputado federal, Carlos Geilson (Republicanos), defendeu que pol\u00edticos de Feira de Santana apoiem candidatos da terra nas pr\u00f3ximas elei\u00e7\u00f5es. A declara\u00e7\u00e3o foi dada na manh\u00e3 desta quinta-feira (30), durante o programa Acorda Cidade.<\/p>\n<p>Ao falar sobre as estrat\u00e9gias que pretende adotar no pr\u00f3ximo pleito, sendo uma das principais conquistar os votos que poderiam ir para Pablo Roberto (PSDB), o pr\u00e9-candidato foi provocado a comentar uma pesquisa sobre o apoio dos parlamentares a candidatos \u201cforasteiros\u201d.<\/p>\n<p>Segundo o material desenvolvido pelo jornalista Jair Onofre, do Blog Bahia na Pol\u00edtica, 80% dos vereadores que s\u00e3o da base do governo Jos\u00e9 Ronaldo de Carvalho (Uni\u00e3o Brasil) est\u00e3o apoiando candidatos que n\u00e3o s\u00e3o de Feira de Santana.<\/p>\n<p>\u201cClaro que cada pol\u00edtico que exerce o mandato tem toda a liberdade para fazer suas escolhas. S\u00f3 eles mesmos podem responder por que d\u00e3o op\u00e7\u00e3o por pol\u00edticos de fora e n\u00e3o por pol\u00edticos da cidade. Ser\u00e1 que na cidade n\u00e3o tem bons nomes, n\u00e3o tem pol\u00edticos que possam defender bandeiras que convenham convergir com os vereadores?\u201d, disse.<\/p>\n<p>\u201cSeria importante que todos estivessem marchando com candidatos da cidade, independente de ser eu, Z\u00e9 Chico, Z\u00e9 Neto, tantos outros que venham se candidatar a deputado federal. N\u00f3s que defendemos a democracia, \u00e9 \u00f3bvio que respeitamos, entendemos a posi\u00e7\u00e3o de cada um, mas seria muito melhor se todos escolhessem nomes de forma umbilical e ligados \u00e0 cidade\u201d, completou Geilson.<\/p>\n<p>Mesmo sendo pr\u00e9-candidato em um grupo que j\u00e1 conta com nomes como o do ex-prefeito de Feira de Santana, Colbert Martins (PSDB), e do empres\u00e1rio Z\u00e9 Chico (Uni\u00e3o Brasil), Carlos Geilson reafirmou que pretende se dedicar ao m\u00e1ximo para conseguir a t\u00e3o sonhada cadeira na mais alta casa do Legislativo no Brasil.<\/p>\n<p>\u201cNa minha vida, tudo foi conseguido com muita luta, sacrif\u00edcio e esfor\u00e7o, n\u00e3o tem nada f\u00e1cil, \u00e9 dif\u00edcil, mas eu acredito na for\u00e7a do eleitorado de Feira de Santana. A cidade n\u00e3o pode ficar presa, com apenas uma voz na C\u00e2mara dos Deputados, j\u00e1 tivemos cinco deputados federais, hoje temos apenas um. O que aconteceu de l\u00e1 para c\u00e1?\u201d, finalizou.<\/p>\n<p><em>Siga o Acorda Cidade no\u00a0<\/em><a href=\"https:\/\/news.google.com\/search?q=acorda%20cidade&amp;hl=pt-BR&amp;gl=BR&amp;ceid=BR%3Apt-419\"><strong><em>Google Not\u00edcias<\/em><\/strong><\/a><em>\u00a0e receba os principais destaques do dia. Participe tamb\u00e9m dos nossos canais no\u00a0<\/em><a href=\"https:\/\/www.whatsapp.com\/channel\/0029Va6Rb4v3WHTNnsh8WI3N\"><strong><em>WhatsApp<\/em><\/strong><\/a><em>\u00a0e\u00a0<\/em><a href=\"https:\/\/www.youtube.com\/@acordacidadenoticias\/videos\"><strong>YouTube<\/strong><\/a><em>\u00a0e grupo de\u00a0<\/em><a href=\"https:\/\/t.me\/+sSz0khrgARA0ZmRh\"><strong><em>Telegram<\/em><\/strong><\/a><em>.<\/em><\/p>\n<\/p>\n<\/div>\n","protected":false},"excerpt":{"rendered":"<div>\n<div>\n<figure><img decoding=\"async\" src=\"https:\/\/uploads.acordacidade.com.br\/2026\/04\/carlos-geilson-.jpg\" alt=\"Carlos Geilson\"><figcaption>Foto: Onildo Rodrigues<br \/>\n<\/figcaption><\/figure>\n<\/div>\n<p>\u201cSeria importante que todos estivessem marchando com candidatos da cidade, independente de ser eu, Z\u00e9 Chico ou Z\u00e9 Neto&#8221;, disse Geilson.<\/p><\/div>\n","protected":false},"author":1,"featured_media":129065,"comment_status":"closed","ping_status":"closed","sticky":false,"template":"","format":"gallery","meta":{"footnotes":""},"categories":[8,9,6,57,56,10],"tags":[],"class_list":["post-129064","post","type-post","status-publish","format-gallery","has-post-thumbnail","hentry","category-bahia","category-brasil","category-feira-de-santana","category-mundo","category-policia","category-politica","post_format-post-format-gallery"],"featured_image_urls":{"full":["https:\/\/noticiasbahia360.com.br\/wp-content\/uploads\/2026\/04\/carlos-geilson-1-2.jpg",1200,859,false],"thumbnail":["https:\/\/noticiasbahia360.com.br\/wp-content\/uploads\/2026\/04\/carlos-geilson-1-2-150x150.jpg",150,150,true],"medium":["https:\/\/noticiasbahia360.com.br\/wp-content\/uploads\/2026\/04\/carlos-geilson-1-2-300x215.jpg",300,215,true],"medium_large":["https:\/\/noticiasbahia360.com.br\/wp-content\/uploads\/2026\/04\/carlos-geilson-1-2-768x550.jpg",640,458,true],"large":["https:\/\/noticiasbahia360.com.br\/wp-content\/uploads\/2026\/04\/carlos-geilson-1-2-1024x733.jpg",640,458,true],"1536x1536":["https:\/\/noticiasbahia360.com.br\/wp-content\/uploads\/2026\/04\/carlos-geilson-1-2.jpg",1200,859,false],"2048x2048":["https:\/\/noticiasbahia360.com.br\/wp-content\/uploads\/2026\/04\/carlos-geilson-1-2.jpg",1200,859,false],"chromenews-featured":["https:\/\/noticiasbahia360.com.br\/wp-content\/uploads\/2026\/04\/carlos-geilson-1-2-1024x733.jpg",1024,733,true],"chromenews-large":["https:\/\/noticiasbahia360.com.br\/wp-content\/uploads\/2026\/04\/carlos-geilson-1-2-825x575.jpg",825,575,true],"chromenews-medium":["https:\/\/noticiasbahia360.com.br\/wp-content\/uploads\/2026\/04\/carlos-geilson-1-2-590x410.jpg",590,410,true]},"author_info":{"display_name":"noticiasbahia360.com.br","author_link":"https:\/\/noticiasbahia360.com.br\/?author=1"},"category_info":"<a href=\"https:\/\/noticiasbahia360.com.br\/?cat=8\" rel=\"category\">Bahia<\/a> <a href=\"https:\/\/noticiasbahia360.com.br\/?cat=9\" rel=\"category\">Brasil<\/a> <a href=\"https:\/\/noticiasbahia360.com.br\/?cat=6\" rel=\"category\">Feira de Santana<\/a> <a href=\"https:\/\/noticiasbahia360.com.br\/?cat=57\" rel=\"category\">Mundo<\/a> <a href=\"https:\/\/noticiasbahia360.com.br\/?cat=56\" rel=\"category\">Pol\u00edcia<\/a> <a href=\"https:\/\/noticiasbahia360.com.br\/?cat=10\" rel=\"category\">Pol\u00edtica<\/a>","tag_info":"Pol\u00edtica","comment_count":"0","_links":{"self":[{"href":"https:\/\/noticiasbahia360.com.br\/index.php?rest_route=\/wp\/v2\/posts\/129064","targetHints":{"allow":["GET"]}}],"collection":[{"href":"https:\/\/noticiasbahia360.com.br\/index.php?rest_route=\/wp\/v2\/posts"}],"about":[{"href":"https:\/\/noticiasbahia360.com.br\/index.php?rest_route=\/wp\/v2\/types\/post"}],"author":[{"embeddable":true,"href":"https:\/\/noticiasbahia360.com.br\/index.php?rest_route=\/wp\/v2\/users\/1"}],"replies":[{"embeddable":true,"href":"https:\/\/noticiasbahia360.com.br\/index.php?rest_route=%2Fwp%2Fv2%2Fcomments&post=129064"}],"version-history":[{"count":0,"href":"https:\/\/noticiasbahia360.com.br\/index.php?rest_route=\/wp\/v2\/posts\/129064\/revisions"}],"wp:featuredmedia":[{"embeddable":true,"href":"https:\/\/noticiasbahia360.com.br\/index.php?rest_route=\/wp\/v2\/media\/129065"}],"wp:attachment":[{"href":"https:\/\/noticiasbahia360.com.br\/index.php?rest_route=%2Fwp%2Fv2%2Fmedia&parent=129064"}],"wp:term":[{"taxonomy":"category","embeddable":true,"href":"https:\/\/noticiasbahia360.com.br\/index.php?rest_route=%2Fwp%2Fv2%2Fcategories&post=129064"},{"taxonomy":"post_tag","embeddable":true,"href":"https:\/\/noticiasbahia360.com.br\/index.php?rest_route=%2Fwp%2Fv2%2Ftags&post=129064"}],"curies":[{"name":"wp","href":"https:\/\/api.w.org\/{rel}","templated":true}]}}