{"id":129068,"date":"2026-04-30T14:40:59","date_gmt":"2026-04-30T17:40:59","guid":{"rendered":"https:\/\/noticiasbahia360.com.br\/?p=129068"},"modified":"2026-04-30T14:40:59","modified_gmt":"2026-04-30T17:40:59","slug":"morte-de-jovem-no-viveiros-pode-ter-sido-motivada-por-retaliacao-do-tribunal-do-crime","status":"publish","type":"post","link":"https:\/\/noticiasbahia360.com.br\/?p=129068","title":{"rendered":"Morte de jovem no Viveiros pode ter sido motivada por retalia\u00e7\u00e3o do tribunal do crime"},"content":{"rendered":"<div>\n<div>\n<figure><img decoding=\"async\" src=\"http:\/\/noticiasbahia360.com.br\/wp-content\/uploads\/2026\/04\/Departamento-de-Policia-Tecnica-DPT-FT-Ed-Santos-acorda-cidade.webp\" alt=\"Morte de jovem no Viveiros pode ter sido motivada por retalia\u00e7\u00e3o do tribunal do crime\"><figcaption>Foto: Ed Santos\/Acorda Cidade<\/figcaption><\/figure>\n<\/div>\n<p>A <a href=\"https:\/\/www.acordacidade.com.br\/tag\/policia-civil\/\" type=\"post_tag\" id=\"65445\">Pol\u00edcia Civil de Feira de Santana<\/a> j\u00e1 trabalha com duas hip\u00f3teses sobre a motiva\u00e7\u00e3o do assassinato de <a href=\"https:\/\/www.acordacidade.com.br\/policia\/homem-de-19-anos-e-encontrado-morto-a-tiros-em-feira-de-santana\/\" type=\"link\" id=\"https:\/\/www.acordacidade.com.br\/policia\/homem-de-19-anos-e-encontrado-morto-a-tiros-em-feira-de-santana\/\"><strong>John Lucas Costa Vieira, de 19 anos<\/strong><\/a>. Segundo o delegado Fabr\u00edcio Linard, adjunto da Delegacia de Homic\u00eddios (DH\/Feira), o caso pode estar ligado a uma retalia\u00e7\u00e3o de criminosos por ele possuir uma passagem por estupro de vulner\u00e1vel ou pela disputa do tr\u00e1fico de drogas.<\/p>\n<p>De acordo com as investiga\u00e7\u00f5es, o jovem foi visto pela \u00faltima vez na quarta-feira (29), por volta das 17h, e, logo depois, teria sa\u00eddo com um homem, ainda n\u00e3o identificado, para ir at\u00e9 um local.<\/p>\n<p>Depois disso, o corpo de John foi encontrado alvejado por diversos disparos de arma de fogo nas proximidades da Estrada do CIS, no Conjunto Viveiros. No local, foram encontradas em torno de 30 c\u00e1psulas calibre .380 A pol\u00edcia suspeita que dois homens tenham praticado o homic\u00eddio.<\/p>\n<p>\u201cEle foi atra\u00eddo ou levado for\u00e7adamente a esse local para ser executado\u201d, confirmou o delegado.<\/p>\n<p>Segundo Linard, o homem era natural de Sapea\u00e7u e estava em Feira de Santana h\u00e1 quatro meses. O jovem chegou \u00e0 cidade acompanhado de uma adolescente de 15 anos, gr\u00e1vida dele, com quem j\u00e1 possu\u00eda outro filho.<\/p>\n<p>Linard confirmou que o jovem j\u00e1 possui uma passagem pela pol\u00edcia por tr\u00e1fico de drogas em Sapea\u00e7u e outra por estupro de vulner\u00e1vel no mesmo munic\u00edpio por ter abusado da jovem com quem mantinha o relacionamento.<\/p>\n<p>\u201cEle responde a um procedimento em Sapea\u00e7u por ter abusado sexualmente dessa jovem, porque na \u00e9poca ela tinha 12 ou 13 anos de idade.\u201d<\/p>\n<p>A pol\u00edcia suspeita ainda que esse envolvimento com a adolescente pode ter motivado o homic\u00eddio, assim como o suposto envolvimento com o tr\u00e1fico de drogas.<\/p>\n<figure class=\"wp-block-image size-full\"><img fetchpriority=\"high\" fetchpriority=\"high\" decoding=\"async\" width=\"1200\" height=\"675\" src=\"http:\/\/noticiasbahia360.com.br\/wp-content\/uploads\/2026\/04\/Fabricio-Linard-FT-Ed-Santos-acorda-cidade.webp\" alt=\"Morte de jovem no Viveiros pode ter sido motivada por retalia\u00e7\u00e3o do tribunal do crime\" class=\"wp-image-651357\" srcset=\"http:\/\/noticiasbahia360.com.br\/wp-content\/uploads\/2026\/04\/Fabricio-Linard-FT-Ed-Santos-acorda-cidade.webp 1200w, https:\/\/uploads.acordacidade.com.br\/2026\/04\/Fabricio-Linard-FT-Ed-Santos-acorda-cidade-750x422.webp 750w, https:\/\/uploads.acordacidade.com.br\/2026\/04\/Fabricio-Linard-FT-Ed-Santos-acorda-cidade-1000x563.webp 1000w, https:\/\/uploads.acordacidade.com.br\/2026\/04\/Fabricio-Linard-FT-Ed-Santos-acorda-cidade-450x253.webp 450w, https:\/\/uploads.acordacidade.com.br\/2026\/04\/Fabricio-Linard-FT-Ed-Santos-acorda-cidade-150x84.webp 150w\" sizes=\"(max-width: 1200px) 100vw, 1200px\"><figcaption class=\"wp-element-caption\">Fabr\u00edcio Linard | Foto: Ed Santos\/Acorda Cidade<\/figcaption><\/figure>\n<p>\u201cSabemos que a regi\u00e3o do Viveiros, onde ele estava residindo, \u00e9 conflagrada, com tr\u00e1fico de drogas e fac\u00e7\u00e3o criminosa atuante, e esse tipo de organiza\u00e7\u00e3o n\u00e3o aceita muito esse tipo de crime de conota\u00e7\u00e3o sexual. Um dos motivos pode ter sido a descoberta por parte dessas lideran\u00e7as locais dessa acusa\u00e7\u00e3o que ele respondia e ter agido dessa forma, mas tamb\u00e9m pode ter sido por conta desse j\u00e1 envolvimento dele com o tr\u00e1fico de drogas, por ter chegado num local desconhecido\u201d, afirmou.<\/p>\n<p>\u201cJ\u00e1 os recepcionam com desconfian\u00e7a, se \u00e9 bandeira A, se \u00e9 bandeira B, aqueles apelidos todos que eles usam. Acreditamos mais ter sido alguma quest\u00e3o relacionada ao tr\u00e1fico de drogas, at\u00e9 porque a suposta v\u00edtima de quem ele seria acusado de ter abusado sexualmente era companheira dele, morava com ele, criava um filho com ele. Ent\u00e3o, acreditamos mais ser alguma coisa relacionada realmente ao tr\u00e1fico de drogas naquele local.\u201d<\/p>\n<h2 class=\"wp-block-heading\" id=\"h-balanco-da-violencia-em-abril\">Balan\u00e7o da viol\u00eancia em abril<\/h2>\n<p>O m\u00eas chega ao final nesta quinta-feira (30), contabilizando 12 homic\u00eddios em Feira de Santana. Para o delegado, apesar das mortes, o n\u00famero \u00e9 considerado positivo, pois vem com uma redu\u00e7\u00e3o de cinco homic\u00eddios comparado ao m\u00eas do ano anterior, que registrou 16 casos.<\/p>\n<p>\u201cS\u00e3o 12 fam\u00edlias que com certeza v\u00e3o lamentar a perda do seu familiar. Mas n\u00f3s observamos, at\u00e9 h\u00e1 poucos anos, que n\u00f3s t\u00ednhamos uma m\u00e9dia de 30 casos por m\u00eas. Eu trabalho com homic\u00eddio aqui desde 2016, ent\u00e3o sempre tivemos essa m\u00e9dia hist\u00f3rica de 30 casos por m\u00eas. Temos agora meses com 10 casos, 11 casos, 15 casos; realmente \u00e9 uma vit\u00f3ria.\u201d<\/p>\n<figure class=\"wp-block-image size-large\"><img decoding=\"async\" width=\"1139\" height=\"768\" src=\"http:\/\/noticiasbahia360.com.br\/wp-content\/uploads\/2026\/04\/Complexo-de-Delegacias-ft-ney-silva-acorda-cidade-1-1139x768-1.webp\" alt=\"Complexo de Delegacias - suspeito\" class=\"wp-image-617781\" srcset=\"http:\/\/noticiasbahia360.com.br\/wp-content\/uploads\/2026\/04\/Complexo-de-Delegacias-ft-ney-silva-acorda-cidade-1-1139x768-1.webp 1139w, https:\/\/www.acordacidade.com.br\/wp-content\/uploads\/2025\/12\/Complexo-de-Delegacias-ft-ney-silva-acorda-cidade-1-541x365.webp 541w, https:\/\/www.acordacidade.com.br\/wp-content\/uploads\/2025\/12\/Complexo-de-Delegacias-ft-ney-silva-acorda-cidade-1-820x553.webp 820w, https:\/\/www.acordacidade.com.br\/wp-content\/uploads\/2025\/12\/Complexo-de-Delegacias-ft-ney-silva-acorda-cidade-1-140x94.webp 140w, https:\/\/www.acordacidade.com.br\/wp-content\/uploads\/2025\/12\/Complexo-de-Delegacias-ft-ney-silva-acorda-cidade-1-352x237.webp 352w, https:\/\/www.acordacidade.com.br\/wp-content\/uploads\/2025\/12\/Complexo-de-Delegacias-ft-ney-silva-acorda-cidade-1-150x101.webp 150w, https:\/\/www.acordacidade.com.br\/wp-content\/uploads\/2025\/12\/Complexo-de-Delegacias-ft-ney-silva-acorda-cidade-1.webp 1200w\" sizes=\"(max-width: 1139px) 100vw, 1139px\"><figcaption class=\"wp-element-caption\">Foto: Ney Silva\/Acorda Cidade<\/figcaption><\/figure>\n<p>\u201cDesde 2023 para c\u00e1, da mudan\u00e7a estrutural que n\u00f3s tivemos aqui na delegacia, que veio eu, doutora Fernanda, doutora Ludmila, doutor Gustavo, desde essa \u00e9poca n\u00f3s vemos, m\u00eas a m\u00eas, ano a ano, essas redu\u00e7\u00f5es vindo a ocorrer. Ent\u00e3o, eu acho como grande trunfo o grande resultado positivo da DH nesse momento, que \u00e9 essa redu\u00e7\u00e3o constante do n\u00famero de casos\u201d, acrescentou.<\/p>\n<p>Apesar da redu\u00e7\u00e3o de 30% dos Crimes Violentos Letais Intencionais (CVLIs), Linard refor\u00e7ou que a Pol\u00edcia Civil est\u00e1 trabalhando cada vez mais para reduzir esse n\u00famero.<\/p>\n<p>\u201cVamos aguardar os trabalhos, intensificar com opera\u00e7\u00f5es, com pris\u00f5es, para mantermos essa redu\u00e7\u00e3o e essa qualifica\u00e7\u00e3o do trabalho da DH, para fechar o semestre com resultados mais positivos ainda.\u201d<\/p>\n<p><em>Com informa\u00e7\u00f5es do rep\u00f3rter Ed Santos, do Acorda Cidade<\/em><\/p>\n<p><strong>Leia tamb\u00e9m: <a href=\"https:\/\/www.acordacidade.com.br\/policia\/homem-de-19-anos-e-encontrado-morto-a-tiros-em-feira-de-santana\/\" type=\"link\" id=\"https:\/\/www.acordacidade.com.br\/policia\/homem-de-19-anos-e-encontrado-morto-a-tiros-em-feira-de-santana\/\">Homem de 19 anos \u00e9 encontrado morto a tiros em Feira de Santana<\/a><\/strong><\/p>\n<p><em>Siga o Acorda Cidade no<\/em><a href=\"https:\/\/news.google.com\/search?q=acorda%20cidade&amp;hl=pt-BR&amp;gl=BR&amp;ceid=BR%3Apt-419\"><strong><em>\u00a0Google Not\u00edcias<\/em><\/strong><\/a><em>\u00a0e receba os principais destaques do dia. Participe tamb\u00e9m dos nossos canais no\u00a0<\/em><a href=\"https:\/\/www.whatsapp.com\/channel\/0029Va6Rb4v3WHTNnsh8WI3N\"><strong><em>WhatsApp<\/em><\/strong><\/a><em>\u00a0e\u00a0<\/em><a href=\"https:\/\/www.youtube.com\/@acordacidadenoticias\/videos\"><strong>YouTube<\/strong><\/a><em>\u00a0e grupo de\u00a0<\/em><a href=\"https:\/\/t.me\/+sSz0khrgARA0ZmRh\"><strong><em>Telegram<\/em><\/strong><\/a><em>.<\/em><\/p>\n<\/div>\n","protected":false},"excerpt":{"rendered":"<div>\n<div>\n<figure><img decoding=\"async\" src=\"https:\/\/uploads.acordacidade.com.br\/2026\/04\/Departamento-de-Policia-Tecnica-DPT-FT-Ed-Santos-acorda-cidade.webp\" alt=\"Morte de jovem no Viveiros pode ter sido motivada por retalia\u00e7\u00e3o do tribunal do crime\"><figcaption>Foto: Ed Santos\/Acorda Cidade<\/figcaption><\/figure>\n<\/div>\n<p>O corpo de John foi encontrado alvejado por diversos disparos de arma de fogo nas proximidades da Estrada do CIS, no Conjunto Viveiros.<\/p><\/div>\n","protected":false},"author":1,"featured_media":129069,"comment_status":"closed","ping_status":"closed","sticky":false,"template":"","format":"gallery","meta":{"footnotes":""},"categories":[8,9,6,57,56,10],"tags":[],"class_list":["post-129068","post","type-post","status-publish","format-gallery","has-post-thumbnail","hentry","category-bahia","category-brasil","category-feira-de-santana","category-mundo","category-policia","category-politica","post_format-post-format-gallery"],"featured_image_urls":{"full":["https:\/\/noticiasbahia360.com.br\/wp-content\/uploads\/2026\/04\/Departamento-de-Policia-Tecnica-DPT-FT-Ed-Santos-acorda-cidade.webp",1200,675,false],"thumbnail":["https:\/\/noticiasbahia360.com.br\/wp-content\/uploads\/2026\/04\/Departamento-de-Policia-Tecnica-DPT-FT-Ed-Santos-acorda-cidade-150x150.webp",150,150,true],"medium":["https:\/\/noticiasbahia360.com.br\/wp-content\/uploads\/2026\/04\/Departamento-de-Policia-Tecnica-DPT-FT-Ed-Santos-acorda-cidade-300x169.webp",300,169,true],"medium_large":["https:\/\/noticiasbahia360.com.br\/wp-content\/uploads\/2026\/04\/Departamento-de-Policia-Tecnica-DPT-FT-Ed-Santos-acorda-cidade-768x432.webp",640,360,true],"large":["https:\/\/noticiasbahia360.com.br\/wp-content\/uploads\/2026\/04\/Departamento-de-Policia-Tecnica-DPT-FT-Ed-Santos-acorda-cidade-1024x576.webp",640,360,true],"1536x1536":["https:\/\/noticiasbahia360.com.br\/wp-content\/uploads\/2026\/04\/Departamento-de-Policia-Tecnica-DPT-FT-Ed-Santos-acorda-cidade.webp",1200,675,false],"2048x2048":["https:\/\/noticiasbahia360.com.br\/wp-content\/uploads\/2026\/04\/Departamento-de-Policia-Tecnica-DPT-FT-Ed-Santos-acorda-cidade.webp",1200,675,false],"chromenews-featured":["https:\/\/noticiasbahia360.com.br\/wp-content\/uploads\/2026\/04\/Departamento-de-Policia-Tecnica-DPT-FT-Ed-Santos-acorda-cidade-1024x576.webp",1024,576,true],"chromenews-large":["https:\/\/noticiasbahia360.com.br\/wp-content\/uploads\/2026\/04\/Departamento-de-Policia-Tecnica-DPT-FT-Ed-Santos-acorda-cidade-825x575.webp",825,575,true],"chromenews-medium":["https:\/\/noticiasbahia360.com.br\/wp-content\/uploads\/2026\/04\/Departamento-de-Policia-Tecnica-DPT-FT-Ed-Santos-acorda-cidade-590x410.webp",590,410,true]},"author_info":{"display_name":"noticiasbahia360.com.br","author_link":"https:\/\/noticiasbahia360.com.br\/?author=1"},"category_info":"<a href=\"https:\/\/noticiasbahia360.com.br\/?cat=8\" rel=\"category\">Bahia<\/a> <a href=\"https:\/\/noticiasbahia360.com.br\/?cat=9\" rel=\"category\">Brasil<\/a> <a href=\"https:\/\/noticiasbahia360.com.br\/?cat=6\" rel=\"category\">Feira de Santana<\/a> <a href=\"https:\/\/noticiasbahia360.com.br\/?cat=57\" rel=\"category\">Mundo<\/a> <a href=\"https:\/\/noticiasbahia360.com.br\/?cat=56\" rel=\"category\">Pol\u00edcia<\/a> <a href=\"https:\/\/noticiasbahia360.com.br\/?cat=10\" rel=\"category\">Pol\u00edtica<\/a>","tag_info":"Pol\u00edtica","comment_count":"0","_links":{"self":[{"href":"https:\/\/noticiasbahia360.com.br\/index.php?rest_route=\/wp\/v2\/posts\/129068","targetHints":{"allow":["GET"]}}],"collection":[{"href":"https:\/\/noticiasbahia360.com.br\/index.php?rest_route=\/wp\/v2\/posts"}],"about":[{"href":"https:\/\/noticiasbahia360.com.br\/index.php?rest_route=\/wp\/v2\/types\/post"}],"author":[{"embeddable":true,"href":"https:\/\/noticiasbahia360.com.br\/index.php?rest_route=\/wp\/v2\/users\/1"}],"replies":[{"embeddable":true,"href":"https:\/\/noticiasbahia360.com.br\/index.php?rest_route=%2Fwp%2Fv2%2Fcomments&post=129068"}],"version-history":[{"count":0,"href":"https:\/\/noticiasbahia360.com.br\/index.php?rest_route=\/wp\/v2\/posts\/129068\/revisions"}],"wp:featuredmedia":[{"embeddable":true,"href":"https:\/\/noticiasbahia360.com.br\/index.php?rest_route=\/wp\/v2\/media\/129069"}],"wp:attachment":[{"href":"https:\/\/noticiasbahia360.com.br\/index.php?rest_route=%2Fwp%2Fv2%2Fmedia&parent=129068"}],"wp:term":[{"taxonomy":"category","embeddable":true,"href":"https:\/\/noticiasbahia360.com.br\/index.php?rest_route=%2Fwp%2Fv2%2Fcategories&post=129068"},{"taxonomy":"post_tag","embeddable":true,"href":"https:\/\/noticiasbahia360.com.br\/index.php?rest_route=%2Fwp%2Fv2%2Ftags&post=129068"}],"curies":[{"name":"wp","href":"https:\/\/api.w.org\/{rel}","templated":true}]}}