{"id":129072,"date":"2026-04-30T15:31:44","date_gmt":"2026-04-30T18:31:44","guid":{"rendered":"https:\/\/noticiasbahia360.com.br\/?p=129072"},"modified":"2026-04-30T15:31:44","modified_gmt":"2026-04-30T18:31:44","slug":"presidente-da-fecomercio-bahia-e-reeleito-para-o-quadrienio-2026-2030","status":"publish","type":"post","link":"https:\/\/noticiasbahia360.com.br\/?p=129072","title":{"rendered":"Presidente da Fecom\u00e9rcio Bahia \u00e9 reeleito para o quadri\u00eanio 2026\u20132030"},"content":{"rendered":"<div>\n<div>\n<figure><img decoding=\"async\" src=\"http:\/\/noticiasbahia360.com.br\/wp-content\/uploads\/2026\/04\/Eleicao-do-Fecomercio-.webp\" alt=\"Presidente da Fecom\u00e9rcio Bahia \u00e9 reeleito para o quadri\u00eanio 2026\u20132030\"><figcaption>Foto: Divulga\u00e7\u00e3o<\/figcaption><\/figure>\n<\/div>\n<p>Em elei\u00e7\u00e3o realizada na quarta-feira (29), com chapa \u00fanica, Kelsor Fernandes foi reconduzido \u00e0 presid\u00eancia da Federa\u00e7\u00e3o do Com\u00e9rcio de Bens, Servi\u00e7os e Turismo do Estado da Bahia (Fecom\u00e9rcio-BA) para o mandato 2026\u20132030.<\/p>\n<p>A nova composi\u00e7\u00e3o da diretoria refor\u00e7a a representatividade do interior do estado, com destaque para a participa\u00e7\u00e3o do presidente do Sindicato Empresarial do Com\u00e9rcio de Feira de Santana, Marco Silva, eleito como segundo secret\u00e1rio da entidade.<\/p>\n<p>A presen\u00e7a de Marco Silva na diretoria da Fecom\u00e9rcio evidencia o fortalecimento do com\u00e9rcio feirense no cen\u00e1rio estadual. Sua atua\u00e7\u00e3o \u00e0 frente do sindicato tem sido marcada pelo di\u00e1logo com o setor produtivo, defesa dos interesses empresariais e incentivo ao desenvolvimento econ\u00f4mico local, credenciando-o a contribuir de forma ainda mais ativa nas decis\u00f5es estrat\u00e9gicas da federa\u00e7\u00e3o.<\/p>\n<p>A reelei\u00e7\u00e3o de Kelsor Fernandes sinaliza continuidade administrativa e estabilidade institucional, em um momento em que o setor do com\u00e9rcio enfrenta desafios importantes e, ao mesmo tempo, novas oportunidades de crescimento.<\/p>\n<p>Com a nova diretoria, a expectativa \u00e9 de amplia\u00e7\u00e3o das a\u00e7\u00f5es voltadas ao fortalecimento do com\u00e9rcio, servi\u00e7os e turismo em toda a Bahia, promovendo integra\u00e7\u00e3o entre capital e interior, al\u00e9m de estimular iniciativas que impulsionem a gera\u00e7\u00e3o de emprego, renda e competitividade no estado.<\/p>\n<p><em>Siga o Acorda Cidade no<\/em><a href=\"https:\/\/news.google.com\/search?q=acorda%20cidade&amp;hl=pt-BR&amp;gl=BR&amp;ceid=BR%3Apt-419\"><strong><em>\u00a0Google Not\u00edcias<\/em><\/strong><\/a><em>\u00a0e receba os principais destaques do dia. Participe tamb\u00e9m dos nossos canais no\u00a0<\/em><a href=\"https:\/\/www.whatsapp.com\/channel\/0029Va6Rb4v3WHTNnsh8WI3N\"><strong><em>WhatsApp<\/em><\/strong><\/a><em>\u00a0e\u00a0<\/em><a href=\"https:\/\/www.youtube.com\/@acordacidadenoticias\/videos\"><strong>YouTube<\/strong><\/a><em>\u00a0e grupo de\u00a0<\/em><a href=\"https:\/\/t.me\/+sSz0khrgARA0ZmRh\"><strong><em>Telegram<\/em><\/strong><\/a><em>.<\/em><\/p>\n<\/div>\n","protected":false},"excerpt":{"rendered":"<div>\n<div>\n<figure><img decoding=\"async\" src=\"https:\/\/uploads.acordacidade.com.br\/2026\/04\/Eleicao-do-Fecomercio-.webp\" alt=\"Presidente da Fecom\u00e9rcio Bahia \u00e9 reeleito para o quadri\u00eanio 2026\u20132030\"><figcaption>Foto: Divulga\u00e7\u00e3o<\/figcaption><\/figure>\n<\/div>\n<p>A reelei\u00e7\u00e3o sinaliza continuidade administrativa e estabilidade institucional, em um momento em que o setor do com\u00e9rcio enfrenta desafio.<\/p><\/div>\n","protected":false},"author":1,"featured_media":129073,"comment_status":"closed","ping_status":"closed","sticky":false,"template":"","format":"gallery","meta":{"footnotes":""},"categories":[8,9,6,57,56,10],"tags":[],"class_list":["post-129072","post","type-post","status-publish","format-gallery","has-post-thumbnail","hentry","category-bahia","category-brasil","category-feira-de-santana","category-mundo","category-policia","category-politica","post_format-post-format-gallery"],"featured_image_urls":{"full":["https:\/\/noticiasbahia360.com.br\/wp-content\/uploads\/2026\/04\/Eleicao-do-Fecomercio-.webp",1200,851,false],"thumbnail":["https:\/\/noticiasbahia360.com.br\/wp-content\/uploads\/2026\/04\/Eleicao-do-Fecomercio--150x150.webp",150,150,true],"medium":["https:\/\/noticiasbahia360.com.br\/wp-content\/uploads\/2026\/04\/Eleicao-do-Fecomercio--300x213.webp",300,213,true],"medium_large":["https:\/\/noticiasbahia360.com.br\/wp-content\/uploads\/2026\/04\/Eleicao-do-Fecomercio--768x545.webp",640,454,true],"large":["https:\/\/noticiasbahia360.com.br\/wp-content\/uploads\/2026\/04\/Eleicao-do-Fecomercio--1024x726.webp",640,454,true],"1536x1536":["https:\/\/noticiasbahia360.com.br\/wp-content\/uploads\/2026\/04\/Eleicao-do-Fecomercio-.webp",1200,851,false],"2048x2048":["https:\/\/noticiasbahia360.com.br\/wp-content\/uploads\/2026\/04\/Eleicao-do-Fecomercio-.webp",1200,851,false],"chromenews-featured":["https:\/\/noticiasbahia360.com.br\/wp-content\/uploads\/2026\/04\/Eleicao-do-Fecomercio--1024x726.webp",1024,726,true],"chromenews-large":["https:\/\/noticiasbahia360.com.br\/wp-content\/uploads\/2026\/04\/Eleicao-do-Fecomercio--825x575.webp",825,575,true],"chromenews-medium":["https:\/\/noticiasbahia360.com.br\/wp-content\/uploads\/2026\/04\/Eleicao-do-Fecomercio--590x410.webp",590,410,true]},"author_info":{"display_name":"noticiasbahia360.com.br","author_link":"https:\/\/noticiasbahia360.com.br\/?author=1"},"category_info":"<a href=\"https:\/\/noticiasbahia360.com.br\/?cat=8\" rel=\"category\">Bahia<\/a> <a href=\"https:\/\/noticiasbahia360.com.br\/?cat=9\" rel=\"category\">Brasil<\/a> <a href=\"https:\/\/noticiasbahia360.com.br\/?cat=6\" rel=\"category\">Feira de Santana<\/a> <a href=\"https:\/\/noticiasbahia360.com.br\/?cat=57\" rel=\"category\">Mundo<\/a> <a href=\"https:\/\/noticiasbahia360.com.br\/?cat=56\" rel=\"category\">Pol\u00edcia<\/a> <a href=\"https:\/\/noticiasbahia360.com.br\/?cat=10\" rel=\"category\">Pol\u00edtica<\/a>","tag_info":"Pol\u00edtica","comment_count":"0","_links":{"self":[{"href":"https:\/\/noticiasbahia360.com.br\/index.php?rest_route=\/wp\/v2\/posts\/129072","targetHints":{"allow":["GET"]}}],"collection":[{"href":"https:\/\/noticiasbahia360.com.br\/index.php?rest_route=\/wp\/v2\/posts"}],"about":[{"href":"https:\/\/noticiasbahia360.com.br\/index.php?rest_route=\/wp\/v2\/types\/post"}],"author":[{"embeddable":true,"href":"https:\/\/noticiasbahia360.com.br\/index.php?rest_route=\/wp\/v2\/users\/1"}],"replies":[{"embeddable":true,"href":"https:\/\/noticiasbahia360.com.br\/index.php?rest_route=%2Fwp%2Fv2%2Fcomments&post=129072"}],"version-history":[{"count":0,"href":"https:\/\/noticiasbahia360.com.br\/index.php?rest_route=\/wp\/v2\/posts\/129072\/revisions"}],"wp:featuredmedia":[{"embeddable":true,"href":"https:\/\/noticiasbahia360.com.br\/index.php?rest_route=\/wp\/v2\/media\/129073"}],"wp:attachment":[{"href":"https:\/\/noticiasbahia360.com.br\/index.php?rest_route=%2Fwp%2Fv2%2Fmedia&parent=129072"}],"wp:term":[{"taxonomy":"category","embeddable":true,"href":"https:\/\/noticiasbahia360.com.br\/index.php?rest_route=%2Fwp%2Fv2%2Fcategories&post=129072"},{"taxonomy":"post_tag","embeddable":true,"href":"https:\/\/noticiasbahia360.com.br\/index.php?rest_route=%2Fwp%2Fv2%2Ftags&post=129072"}],"curies":[{"name":"wp","href":"https:\/\/api.w.org\/{rel}","templated":true}]}} 