{"id":129074,"date":"2026-04-30T15:50:58","date_gmt":"2026-04-30T18:50:58","guid":{"rendered":"https:\/\/noticiasbahia360.com.br\/?p=129074"},"modified":"2026-04-30T15:50:58","modified_gmt":"2026-04-30T18:50:58","slug":"primeira-mulher-contadora-de-feira-de-santana-e-homenageada-na-camara-municipal","status":"publish","type":"post","link":"https:\/\/noticiasbahia360.com.br\/?p=129074","title":{"rendered":"Primeira mulher contadora de Feira de Santana \u00e9 homenageada na C\u00e2mara Municipal"},"content":{"rendered":"<div>\n<div>\n<figure><img decoding=\"async\" src=\"http:\/\/noticiasbahia360.com.br\/wp-content\/uploads\/2026\/04\/dia-do-contador-camara-municipal-.jpg\" alt=\"dia do contador c\u00e2mara municipal Primeira mulher contadora\"><figcaption>Foto: Divulga\u00e7\u00e3o<\/figcaption><\/figure>\n<\/div>\n<p>A trajet\u00f3ria pioneira da contadora Luiza Brand\u00e3o, primeira mulher de Feira de Santana a ser registrada no Conselho Regional de Contabilidade da Bahia e tamb\u00e9m a primeira a exercer oficialmente a profiss\u00e3o no munic\u00edpio, foi celebrada em Sess\u00e3o Especial da <a href=\"https:\/\/www.acordacidade.com.br\/tag\/camara-municipal-de-feira-de-santana\/\" type=\"post_tag\" id=\"39830\">C\u00e2mara Municipal<\/a> na \u00faltima ter\u00e7a (28), em homenagem ao Dia do Contador, comemorado em 25 de abril.<\/p>\n<p>Durante a solenidade, Luiza Brand\u00e3o recebeu a Medalha Enock Cruz, honraria concedida pelo Legislativo e pelo Sindicato dos Contabilistas, entidade da qual ela foi uma das fundadoras e que destacou sua contribui\u00e7\u00e3o hist\u00f3rica para a categoria. Ao completar 60 anos de registro no CRC, a homenagem refor\u00e7ou o legado da profissional na constru\u00e7\u00e3o e no fortalecimento da contabilidade no munic\u00edpio.<\/p>\n<p>Luiza destacou a emo\u00e7\u00e3o e o valor simb\u00f3lico da homenagem em vida, afirmando que esse tipo de reconhecimento tem um significado especial. Ela refor\u00e7ou sua gratid\u00e3o \u00e0 C\u00e2mara Municipal e aos colegas de profiss\u00e3o. \u201cGratificante esse reconhecimento do Sindicato dos Contabilistas, o qual fui um dos fundadores e hoje me honra com essa homenagem.<br \/>Gratid\u00e3o a C\u00e2mara Municipal e aos colegas pela Honraria!\u201d, afirmou a contadora. <\/p>\n<p><em>Siga o Acorda Cidade no<\/em><a href=\"https:\/\/news.google.com\/search?q=acorda%20cidade&amp;hl=pt-BR&amp;gl=BR&amp;ceid=BR%3Apt-419\"><strong><em>\u00a0Google Not\u00edcias<\/em><\/strong><\/a><em>\u00a0e receba os principais destaques do dia. Participe tamb\u00e9m dos nossos canais no\u00a0<\/em><a href=\"https:\/\/www.whatsapp.com\/channel\/0029Va6Rb4v3WHTNnsh8WI3N\"><strong><em>WhatsApp<\/em><\/strong><\/a><em>\u00a0e\u00a0<\/em><a href=\"https:\/\/www.youtube.com\/@acordacidadenoticias\/videos\"><strong>YouTube<\/strong><\/a><em>\u00a0e grupo de\u00a0<\/em><a href=\"https:\/\/t.me\/+sSz0khrgARA0ZmRh\"><strong><em>Telegram<\/em><\/strong><\/a><em>.<\/em><\/p>\n<\/div>\n","protected":false},"excerpt":{"rendered":"<div>\n<div>\n<figure><img decoding=\"async\" src=\"https:\/\/uploads.acordacidade.com.br\/2026\/04\/dia-do-contador-camara-municipal-.jpg\" alt=\"dia do contador c\u00e2mara municipal Primeira mulher contadora\"><figcaption>Foto: Divulga\u00e7\u00e3o<\/figcaption><\/figure>\n<\/div>\n<p>A contadora Luiza Brand\u00e3o destacou a emo\u00e7\u00e3o e o valor simb\u00f3lico da homenagem.<\/p><\/div>\n","protected":false},"author":1,"featured_media":129075,"comment_status":"closed","ping_status":"closed","sticky":false,"template":"","format":"gallery","meta":{"footnotes":""},"categories":[8,9,6,57,56,10],"tags":[],"class_list":["post-129074","post","type-post","status-publish","format-gallery","has-post-thumbnail","hentry","category-bahia","category-brasil","category-feira-de-santana","category-mundo","category-policia","category-politica","post_format-post-format-gallery"],"featured_image_urls":{"full":["https:\/\/noticiasbahia360.com.br\/wp-content\/uploads\/2026\/04\/dia-do-contador-camara-municipal-.jpg",1200,657,false],"thumbnail":["https:\/\/noticiasbahia360.com.br\/wp-content\/uploads\/2026\/04\/dia-do-contador-camara-municipal--150x150.jpg",150,150,true],"medium":["https:\/\/noticiasbahia360.com.br\/wp-content\/uploads\/2026\/04\/dia-do-contador-camara-municipal--300x164.jpg",300,164,true],"medium_large":["https:\/\/noticiasbahia360.com.br\/wp-content\/uploads\/2026\/04\/dia-do-contador-camara-municipal--768x420.jpg",640,350,true],"large":["https:\/\/noticiasbahia360.com.br\/wp-content\/uploads\/2026\/04\/dia-do-contador-camara-municipal--1024x561.jpg",640,351,true],"1536x1536":["https:\/\/noticiasbahia360.com.br\/wp-content\/uploads\/2026\/04\/dia-do-contador-camara-municipal-.jpg",1200,657,false],"2048x2048":["https:\/\/noticiasbahia360.com.br\/wp-content\/uploads\/2026\/04\/dia-do-contador-camara-municipal-.jpg",1200,657,false],"chromenews-featured":["https:\/\/noticiasbahia360.com.br\/wp-content\/uploads\/2026\/04\/dia-do-contador-camara-municipal--1024x561.jpg",1024,561,true],"chromenews-large":["https:\/\/noticiasbahia360.com.br\/wp-content\/uploads\/2026\/04\/dia-do-contador-camara-municipal--825x575.jpg",825,575,true],"chromenews-medium":["https:\/\/noticiasbahia360.com.br\/wp-content\/uploads\/2026\/04\/dia-do-contador-camara-municipal--590x410.jpg",590,410,true]},"author_info":{"display_name":"noticiasbahia360.com.br","author_link":"https:\/\/noticiasbahia360.com.br\/?author=1"},"category_info":"<a href=\"https:\/\/noticiasbahia360.com.br\/?cat=8\" rel=\"category\">Bahia<\/a> <a href=\"https:\/\/noticiasbahia360.com.br\/?cat=9\" rel=\"category\">Brasil<\/a> <a href=\"https:\/\/noticiasbahia360.com.br\/?cat=6\" rel=\"category\">Feira de Santana<\/a> <a href=\"https:\/\/noticiasbahia360.com.br\/?cat=57\" rel=\"category\">Mundo<\/a> <a href=\"https:\/\/noticiasbahia360.com.br\/?cat=56\" rel=\"category\">Pol\u00edcia<\/a> <a href=\"https:\/\/noticiasbahia360.com.br\/?cat=10\" rel=\"category\">Pol\u00edtica<\/a>","tag_info":"Pol\u00edtica","comment_count":"0","_links":{"self":[{"href":"https:\/\/noticiasbahia360.com.br\/index.php?rest_route=\/wp\/v2\/posts\/129074","targetHints":{"allow":["GET"]}}],"collection":[{"href":"https:\/\/noticiasbahia360.com.br\/index.php?rest_route=\/wp\/v2\/posts"}],"about":[{"href":"https:\/\/noticiasbahia360.com.br\/index.php?rest_route=\/wp\/v2\/types\/post"}],"author":[{"embeddable":true,"href":"https:\/\/noticiasbahia360.com.br\/index.php?rest_route=\/wp\/v2\/users\/1"}],"replies":[{"embeddable":true,"href":"https:\/\/noticiasbahia360.com.br\/index.php?rest_route=%2Fwp%2Fv2%2Fcomments&post=129074"}],"version-history":[{"count":0,"href":"https:\/\/noticiasbahia360.com.br\/index.php?rest_route=\/wp\/v2\/posts\/129074\/revisions"}],"wp:featuredmedia":[{"embeddable":true,"href":"https:\/\/noticiasbahia360.com.br\/index.php?rest_route=\/wp\/v2\/media\/129075"}],"wp:attachment":[{"href":"https:\/\/noticiasbahia360.com.br\/index.php?rest_route=%2Fwp%2Fv2%2Fmedia&parent=129074"}],"wp:term":[{"taxonomy":"category","embeddable":true,"href":"https:\/\/noticiasbahia360.com.br\/index.php?rest_route=%2Fwp%2Fv2%2Fcategories&post=129074"},{"taxonomy":"post_tag","embeddable":true,"href":"https:\/\/noticiasbahia360.com.br\/index.php?rest_route=%2Fwp%2Fv2%2Ftags&post=129074"}],"curies":[{"name":"wp","href":"https:\/\/api.w.org\/{rel}","templated":true}]}}