{"id":129076,"date":"2026-04-30T15:55:57","date_gmt":"2026-04-30T18:55:57","guid":{"rendered":"https:\/\/noticiasbahia360.com.br\/?p=129076"},"modified":"2026-04-30T15:55:57","modified_gmt":"2026-04-30T18:55:57","slug":"colegio-asas-promove-acao-de-bem-estar-para-pais-e-responsaveis-em-parceria-com-a-unef","status":"publish","type":"post","link":"https:\/\/noticiasbahia360.com.br\/?p=129076","title":{"rendered":"Col\u00e9gio Asas promove a\u00e7\u00e3o de bem-estar para pais e respons\u00e1veis em parceria com a Unef"},"content":{"rendered":"<div>\n<div>\n<figure><img decoding=\"async\" src=\"http:\/\/noticiasbahia360.com.br\/wp-content\/uploads\/2026\/04\/Acao-do-colegio-Asas-e-Unef.webp\" alt=\"\"><figcaption>Foto: Divulga\u00e7\u00e3o<\/figcaption><\/figure>\n<\/div>\n<p>O cuidado come\u00e7a por quem est\u00e1 na base de tudo: a fam\u00edlia. Pensando nisso, o Col\u00e9gio Asas realizou a a\u00e7\u00e3o \u201cCuidar de Quem Cuida\u201d, uma iniciativa voltada para pais, m\u00e3es e respons\u00e1veis da comunidade escolar, com foco em sa\u00fade, bem-estar e acolhimento.<\/p>\n<p>Em parceria com a <a href=\"https:\/\/www.acordacidade.com.br\/tag\/unef\/\" type=\"post_tag\" id=\"35999\">Unef,<\/a> a a\u00e7\u00e3o levou para dentro do ambiente escolar uma s\u00e9rie de atendimentos gratuitos, incluindo cuidados com a pele e sess\u00f5es de massoterapia. Os servi\u00e7os foram realizados por alunos dos cursos de Biomedicina e Fisioterapia, proporcionando tamb\u00e9m uma importante viv\u00eancia pr\u00e1tica para os estudantes da institui\u00e7\u00e3o parceira.<\/p>\n<figure class=\"wp-block-image size-full\"><img fetchpriority=\"high\" fetchpriority=\"high\" decoding=\"async\" width=\"1200\" height=\"724\" src=\"http:\/\/noticiasbahia360.com.br\/wp-content\/uploads\/2026\/04\/Acao-do-colegio-Asas-e-Unef-.webp\" alt=\"\" class=\"wp-image-651377\" srcset=\"http:\/\/noticiasbahia360.com.br\/wp-content\/uploads\/2026\/04\/Acao-do-colegio-Asas-e-Unef-.webp 1200w, https:\/\/uploads.acordacidade.com.br\/2026\/04\/Acao-do-colegio-Asas-e-Unef--750x453.webp 750w, https:\/\/uploads.acordacidade.com.br\/2026\/04\/Acao-do-colegio-Asas-e-Unef--1000x603.webp 1000w, https:\/\/uploads.acordacidade.com.br\/2026\/04\/Acao-do-colegio-Asas-e-Unef--450x272.webp 450w, https:\/\/uploads.acordacidade.com.br\/2026\/04\/Acao-do-colegio-Asas-e-Unef--150x91.webp 150w\" sizes=\"(max-width: 1200px) 100vw, 1200px\"><figcaption class=\"wp-element-caption\">Foto: Divulga\u00e7\u00e3o<\/figcaption><\/figure>\n<p>A atividade aconteceu nas depend\u00eancias do Col\u00e9gio e contou com a participa\u00e7\u00e3o ativa da comunidade escolar, que p\u00f4de desfrutar de momentos de relaxamento, autocuidado e aten\u00e7\u00e3o \u00e0 sa\u00fade \u2014 muitas vezes deixados de lado na rotina intensa do dia a dia.<\/p>\n<p>Para Lili\u00e3 Meneses, supervisora pedag\u00f3gica, iniciativas como essa fortalecem os la\u00e7os entre escola e comunidade.<\/p>\n<p>\u201cEssa a\u00e7\u00e3o aproxima o cuidado da comunidade. \u00c9 uma forma de olhar com mais carinho para quem est\u00e1 sempre cuidando dos nossos alunos\u201d, destacou.<\/p>\n<figure class=\"wp-block-image size-full\"><img decoding=\"async\" width=\"1200\" height=\"792\" src=\"http:\/\/noticiasbahia360.com.br\/wp-content\/uploads\/2026\/04\/Acao-do-colegio-Asas-e-Unef-3.webp\" alt=\"\" class=\"wp-image-651374\" srcset=\"http:\/\/noticiasbahia360.com.br\/wp-content\/uploads\/2026\/04\/Acao-do-colegio-Asas-e-Unef-3.webp 1200w, https:\/\/uploads.acordacidade.com.br\/2026\/04\/Acao-do-colegio-Asas-e-Unef-3-750x495.webp 750w, https:\/\/uploads.acordacidade.com.br\/2026\/04\/Acao-do-colegio-Asas-e-Unef-3-1000x660.webp 1000w, https:\/\/uploads.acordacidade.com.br\/2026\/04\/Acao-do-colegio-Asas-e-Unef-3-450x297.webp 450w, https:\/\/uploads.acordacidade.com.br\/2026\/04\/Acao-do-colegio-Asas-e-Unef-3-150x99.webp 150w\" sizes=\"(max-width: 1200px) 100vw, 1200px\"><figcaption class=\"wp-element-caption\">Foto: Divulga\u00e7\u00e3o<\/figcaption><\/figure>\n<p>No segundo dia da programa\u00e7\u00e3o, a proposta ganhou ainda mais significado com a realiza\u00e7\u00e3o de uma din\u00e2mica entre pais, respons\u00e1veis afetivos e alunos. Em um primeiro momento, todos participaram juntos no audit\u00f3rio, em uma atividade coletiva de integra\u00e7\u00e3o e reflex\u00e3o. Em seguida, a experi\u00eancia seguiu de forma individual, promovendo conex\u00f5es mais profundas, escuta ativa e fortalecimento dos v\u00ednculos familiares.<\/p>\n<div id=\"gallery_69f3a4d1adad8\" class=\"seox-gallery-block template-gallery-grid my-5\">\n<div class=\"g-col-12 grid gap-1\">\n\t\t\t\t\t<a data-fancybox=\"gallery_69f3a4d1adad8\" data-caption=\"Foto: Divulga\u00e7\u00e3o\" class=\"g-col-12 lg:g-col-6 d-flex w-100 h-auto no-styled position-relative seox-gallery-item gallery-image-651376\" href=\"https:\/\/uploads.acordacidade.com.br\/2026\/04\/Acao-do-colegio-Asas-e-Unef-1.webp\"><\/p>\n<figure class=\"wp-caption alignnone img-fluid\"><img decoding=\"async\" width=\"1091\" height=\"720\" src=\"http:\/\/noticiasbahia360.com.br\/wp-content\/uploads\/2026\/04\/Acao-do-colegio-Asas-e-Unef-1-1000x660-1.webp\" class=\"aspect-16x9 lg:aspect-4x3 w-100 h-auto fit-cover\" alt=\"Foto: Divulga\u00e7\u00e3o\" title=\"Foto: Divulga\u00e7\u00e3o\" srcset=\"http:\/\/noticiasbahia360.com.br\/wp-content\/uploads\/2026\/04\/Acao-do-colegio-Asas-e-Unef-1-1000x660-1.webp 1200w\" sizes=\"100vw\"><figcaption class=\"wp-caption-text\">Foto: Divulga\u00e7\u00e3o<\/figcaption><\/figure>\n<p>\t\t\t<\/a><br \/>\n\t\t\t\t\t\t<a data-fancybox=\"gallery_69f3a4d1adad8\" data-caption=\"Foto: Divulga\u00e7\u00e3o\" class=\"g-col-12 lg:g-col-6 d-flex w-100 h-auto no-styled position-relative seox-gallery-item gallery-image-651375\" href=\"https:\/\/uploads.acordacidade.com.br\/2026\/04\/Acao-do-colegio-Asas-e-Unef-2.webp\"><\/p>\n<figure class=\"wp-caption alignnone img-fluid\"><img decoding=\"async\" width=\"1091\" height=\"720\" src=\"http:\/\/noticiasbahia360.com.br\/wp-content\/uploads\/2026\/04\/Acao-do-colegio-Asas-e-Unef-2-1000x660-1.webp\" class=\"aspect-16x9 lg:aspect-4x3 w-100 h-auto fit-cover\" alt=\"Foto: Divulga\u00e7\u00e3o\" title=\"Foto: Divulga\u00e7\u00e3o\" srcset=\"http:\/\/noticiasbahia360.com.br\/wp-content\/uploads\/2026\/04\/Acao-do-colegio-Asas-e-Unef-2-1000x660-1.webp 1200w\" sizes=\"100vw\"><figcaption class=\"wp-caption-text\">Foto: Divulga\u00e7\u00e3o<\/figcaption><\/figure>\n<p>\t\t\t<\/a>\n\t\t\t\t<\/div>\n<\/div>\n<p>Al\u00e9m de promover o bem-estar, o projeto tamb\u00e9m refor\u00e7a o compromisso do Col\u00e9gio com uma educa\u00e7\u00e3o que vai al\u00e9m da sala de aula, valorizando as rela\u00e7\u00f5es humanas e o cuidado integral com todos que fazem parte do seu ecossistema.<\/p>\n<p><em>Siga o Acorda Cidade no<\/em><a href=\"https:\/\/news.google.com\/search?q=acorda%20cidade&amp;hl=pt-BR&amp;gl=BR&amp;ceid=BR%3Apt-419\"><strong><em>\u00a0Google Not\u00edcias<\/em><\/strong><\/a><em>\u00a0e receba os principais destaques do dia. Participe tamb\u00e9m dos nossos canais no\u00a0<\/em><a href=\"https:\/\/www.whatsapp.com\/channel\/0029Va6Rb4v3WHTNnsh8WI3N\"><strong><em>WhatsApp<\/em><\/strong><\/a><em>\u00a0e\u00a0<\/em><a href=\"https:\/\/www.youtube.com\/@acordacidadenoticias\/videos\"><strong>YouTube<\/strong><\/a><em>\u00a0e grupo de\u00a0<\/em><a href=\"https:\/\/t.me\/+sSz0khrgARA0ZmRh\"><strong><em>Telegram<\/em><\/strong><\/a><em>.<\/em><\/p>\n<\/div>\n","protected":false},"excerpt":{"rendered":"<div>\n<div>\n<figure><img decoding=\"async\" src=\"https:\/\/uploads.acordacidade.com.br\/2026\/04\/Acao-do-colegio-Asas-e-Unef.webp\" alt=\"\"><figcaption>Foto: Divulga\u00e7\u00e3o<\/figcaption><\/figure>\n<\/div>\n<p>Para Lili\u00e3 Meneses, supervisora pedag\u00f3gica, iniciativas como essa fortalecem os la\u00e7os entre escola e comunidade.<\/p><\/div>\n","protected":false},"author":1,"featured_media":129077,"comment_status":"closed","ping_status":"closed","sticky":false,"template":"","format":"gallery","meta":{"footnotes":""},"categories":[8,9,6,57,56,10],"tags":[],"class_list":["post-129076","post","type-post","status-publish","format-gallery","has-post-thumbnail","hentry","category-bahia","category-brasil","category-feira-de-santana","category-mundo","category-policia","category-politica","post_format-post-format-gallery"],"featured_image_urls":{"full":["https:\/\/noticiasbahia360.com.br\/wp-content\/uploads\/2026\/04\/Acao-do-colegio-Asas-e-Unef.webp",1200,675,false],"thumbnail":["https:\/\/noticiasbahia360.com.br\/wp-content\/uploads\/2026\/04\/Acao-do-colegio-Asas-e-Unef-150x150.webp",150,150,true],"medium":["https:\/\/noticiasbahia360.com.br\/wp-content\/uploads\/2026\/04\/Acao-do-colegio-Asas-e-Unef-300x169.webp",300,169,true],"medium_large":["https:\/\/noticiasbahia360.com.br\/wp-content\/uploads\/2026\/04\/Acao-do-colegio-Asas-e-Unef-768x432.webp",640,360,true],"large":["https:\/\/noticiasbahia360.com.br\/wp-content\/uploads\/2026\/04\/Acao-do-colegio-Asas-e-Unef-1024x576.webp",640,360,true],"1536x1536":["https:\/\/noticiasbahia360.com.br\/wp-content\/uploads\/2026\/04\/Acao-do-colegio-Asas-e-Unef.webp",1200,675,false],"2048x2048":["https:\/\/noticiasbahia360.com.br\/wp-content\/uploads\/2026\/04\/Acao-do-colegio-Asas-e-Unef.webp",1200,675,false],"chromenews-featured":["https:\/\/noticiasbahia360.com.br\/wp-content\/uploads\/2026\/04\/Acao-do-colegio-Asas-e-Unef-1024x576.webp",1024,576,true],"chromenews-large":["https:\/\/noticiasbahia360.com.br\/wp-content\/uploads\/2026\/04\/Acao-do-colegio-Asas-e-Unef-825x575.webp",825,575,true],"chromenews-medium":["https:\/\/noticiasbahia360.com.br\/wp-content\/uploads\/2026\/04\/Acao-do-colegio-Asas-e-Unef-590x410.webp",590,410,true]},"author_info":{"display_name":"noticiasbahia360.com.br","author_link":"https:\/\/noticiasbahia360.com.br\/?author=1"},"category_info":"<a href=\"https:\/\/noticiasbahia360.com.br\/?cat=8\" rel=\"category\">Bahia<\/a> <a href=\"https:\/\/noticiasbahia360.com.br\/?cat=9\" rel=\"category\">Brasil<\/a> <a href=\"https:\/\/noticiasbahia360.com.br\/?cat=6\" rel=\"category\">Feira de Santana<\/a> <a href=\"https:\/\/noticiasbahia360.com.br\/?cat=57\" rel=\"category\">Mundo<\/a> <a href=\"https:\/\/noticiasbahia360.com.br\/?cat=56\" rel=\"category\">Pol\u00edcia<\/a> <a href=\"https:\/\/noticiasbahia360.com.br\/?cat=10\" rel=\"category\">Pol\u00edtica<\/a>","tag_info":"Pol\u00edtica","comment_count":"0","_links":{"self":[{"href":"https:\/\/noticiasbahia360.com.br\/index.php?rest_route=\/wp\/v2\/posts\/129076","targetHints":{"allow":["GET"]}}],"collection":[{"href":"https:\/\/noticiasbahia360.com.br\/index.php?rest_route=\/wp\/v2\/posts"}],"about":[{"href":"https:\/\/noticiasbahia360.com.br\/index.php?rest_route=\/wp\/v2\/types\/post"}],"author":[{"embeddable":true,"href":"https:\/\/noticiasbahia360.com.br\/index.php?rest_route=\/wp\/v2\/users\/1"}],"replies":[{"embeddable":true,"href":"https:\/\/noticiasbahia360.com.br\/index.php?rest_route=%2Fwp%2Fv2%2Fcomments&post=129076"}],"version-history":[{"count":0,"href":"https:\/\/noticiasbahia360.com.br\/index.php?rest_route=\/wp\/v2\/posts\/129076\/revisions"}],"wp:featuredmedia":[{"embeddable":true,"href":"https:\/\/noticiasbahia360.com.br\/index.php?rest_route=\/wp\/v2\/media\/129077"}],"wp:attachment":[{"href":"https:\/\/noticiasbahia360.com.br\/index.php?rest_route=%2Fwp%2Fv2%2Fmedia&parent=129076"}],"wp:term":[{"taxonomy":"category","embeddable":true,"href":"https:\/\/noticiasbahia360.com.br\/index.php?rest_route=%2Fwp%2Fv2%2Fcategories&post=129076"},{"taxonomy":"post_tag","embeddable":true,"href":"https:\/\/noticiasbahia360.com.br\/index.php?rest_route=%2Fwp%2Fv2%2Ftags&post=129076"}],"curies":[{"name":"wp","href":"https:\/\/api.w.org\/{rel}","templated":true}]}} 