{"id":129082,"date":"2026-04-30T16:06:01","date_gmt":"2026-04-30T19:06:01","guid":{"rendered":"https:\/\/noticiasbahia360.com.br\/?p=129082"},"modified":"2026-04-30T16:06:01","modified_gmt":"2026-04-30T19:06:01","slug":"pastor-isidorio-chama-atencao-nas-ruas-de-feira-de-santana-contra-as-drogas-e-pela-paz","status":"publish","type":"post","link":"https:\/\/noticiasbahia360.com.br\/?p=129082","title":{"rendered":"Pastor Isid\u00f3rio chama aten\u00e7\u00e3o nas ruas de Feira de Santana: \u201cContra as drogas e pela paz\u201d"},"content":{"rendered":"<div>\n<div>\n<figure><img decoding=\"async\" src=\"http:\/\/noticiasbahia360.com.br\/wp-content\/uploads\/2026\/04\/Pastor-Isidorio-faz-caminhada-em-Feira-de-Santana-Ney-Silva-acorda-cidade-2.webp\" alt=\"Pastor Isid\u00f3rio chama aten\u00e7\u00e3o nas ruas de Feira de Santana: \u201cContra as drogas e pela paz\u201d\"><figcaption>Foto: Ney Silva\/Acorda Cidade<\/figcaption><\/figure>\n<\/div>\n<p>Mais uma vez, o deputado federal Pastor Isid\u00f3rio n\u00e3o passou despercebido por Feira de Santana. Na manh\u00e3 desta quinta-feira (30), v\u00e9spera do feriado do Dia do Trabalhador, ele voltou a chamar aten\u00e7\u00e3o ao percorrer ruas da cidade acompanhado por homens assistidos pela Funda\u00e7\u00e3o Dr. Jesus, institui\u00e7\u00e3o que lidera e que atua no acolhimento de dependentes qu\u00edmicos.<\/p>\n<p>Figura j\u00e1 conhecida na Bahia pela irrever\u00eancia e pela atua\u00e7\u00e3o em projetos sociais, o parlamentar retornou \u00e0 Princesa do Sert\u00e3o com uma caminhada que, segundo ele, busca alertar sobre os impactos das drogas nas fam\u00edlias e na sociedade.<\/p>\n<figure class=\"wp-block-image size-full\"><img fetchpriority=\"high\" fetchpriority=\"high\" decoding=\"async\" width=\"1200\" height=\"675\" src=\"http:\/\/noticiasbahia360.com.br\/wp-content\/uploads\/2026\/04\/Pastor-Isidorio-faz-caminhada-em-Feira-de-Santana-Ney-Silva-acorda-cidade-3.webp\" alt=\"Pastor Isid\u00f3rio chama aten\u00e7\u00e3o nas ruas de Feira de Santana: \u201cContra as drogas e pela paz\u201d\" class=\"wp-image-651380\" srcset=\"http:\/\/noticiasbahia360.com.br\/wp-content\/uploads\/2026\/04\/Pastor-Isidorio-faz-caminhada-em-Feira-de-Santana-Ney-Silva-acorda-cidade-3.webp 1200w, https:\/\/uploads.acordacidade.com.br\/2026\/04\/Pastor-Isidorio-faz-caminhada-em-Feira-de-Santana-Ney-Silva-acorda-cidade-3-750x422.webp 750w, https:\/\/uploads.acordacidade.com.br\/2026\/04\/Pastor-Isidorio-faz-caminhada-em-Feira-de-Santana-Ney-Silva-acorda-cidade-3-1000x563.webp 1000w, https:\/\/uploads.acordacidade.com.br\/2026\/04\/Pastor-Isidorio-faz-caminhada-em-Feira-de-Santana-Ney-Silva-acorda-cidade-3-450x253.webp 450w, https:\/\/uploads.acordacidade.com.br\/2026\/04\/Pastor-Isidorio-faz-caminhada-em-Feira-de-Santana-Ney-Silva-acorda-cidade-3-150x84.webp 150w\" sizes=\"(max-width: 1200px) 100vw, 1200px\"><figcaption class=\"wp-element-caption\">Pastor Isid\u00f3rio | Foto: Ney Silva\/Acorda Cidade<\/figcaption><\/figure>\n<p>A mobiliza\u00e7\u00e3o reuniu os  em um trajeto organizado em fila \u00fanica, estrat\u00e9gia adotada para evitar transtornos no tr\u00e2nsito e, ao mesmo tempo, dar visibilidade ao ato.<\/p>\n<p>Durante o percurso, Isid\u00f3rio relacionou o n\u00famero de pessoas em tratamento nas comunidades terap\u00eauticas com \u00edndices de viol\u00eancia em diferentes cidades baianas.<\/p>\n<p>\u201cAs cidades que t\u00eam mais gente internada l\u00e1 na Funda\u00e7\u00e3o, eu estou com 2.538 pessoas internadas. Salvador tem 1.380, Feira tem 170 e tantas pessoas, a\u00ed vem Cama\u00e7ari, Lauro, Sim\u00f5es Filho, ent\u00e3o toda cidade que est\u00e1 com muita gente internada, est\u00e1 com viol\u00eancia\u201d, afirmou.<\/p>\n<figure class=\"wp-block-image size-full\"><img decoding=\"async\" width=\"1200\" height=\"675\" src=\"http:\/\/noticiasbahia360.com.br\/wp-content\/uploads\/2026\/04\/Pastor-Isidorio-faz-caminhada-em-Feira-de-Santana-Ney-Silva-acorda-cidade-1.webp\" alt=\"Pastor Isid\u00f3rio chama aten\u00e7\u00e3o nas ruas de Feira de Santana: \u201cContra as drogas e pela paz\u201d\" class=\"wp-image-651382\" srcset=\"http:\/\/noticiasbahia360.com.br\/wp-content\/uploads\/2026\/04\/Pastor-Isidorio-faz-caminhada-em-Feira-de-Santana-Ney-Silva-acorda-cidade-1.webp 1200w, https:\/\/uploads.acordacidade.com.br\/2026\/04\/Pastor-Isidorio-faz-caminhada-em-Feira-de-Santana-Ney-Silva-acorda-cidade-1-750x422.webp 750w, https:\/\/uploads.acordacidade.com.br\/2026\/04\/Pastor-Isidorio-faz-caminhada-em-Feira-de-Santana-Ney-Silva-acorda-cidade-1-1000x563.webp 1000w, https:\/\/uploads.acordacidade.com.br\/2026\/04\/Pastor-Isidorio-faz-caminhada-em-Feira-de-Santana-Ney-Silva-acorda-cidade-1-450x253.webp 450w, https:\/\/uploads.acordacidade.com.br\/2026\/04\/Pastor-Isidorio-faz-caminhada-em-Feira-de-Santana-Ney-Silva-acorda-cidade-1-150x84.webp 150w\" sizes=\"(max-width: 1200px) 100vw, 1200px\"><figcaption class=\"wp-element-caption\">Foto: Ney Silva\/Acorda Cidade<\/figcaption><\/figure>\n<p>A caminhada teve in\u00edcio por volta das 9h30 da manh\u00e3 e seguiu por algumas das principais vias da cidade. Ap\u00f3s o percurso, o grupo fez uma pausa para o almo\u00e7o antes de retomar as atividades do dia. Ap\u00f3s o trabalho, vem o lazer. O pastor pretende levar o grupo para praia.<\/p>\n<p>Ao falar sobre o objetivo da a\u00e7\u00e3o, o deputado refor\u00e7ou o car\u00e1ter social da iniciativa.<\/p>\n<p>\u201cEnt\u00e3o a gente faz essa caminhada pela paz, contra as drogas, pelo fortalecimento das fam\u00edlias. A gente faz essa caminhada para que as pessoas saibam que droga destr\u00f3i o usu\u00e1rio e a fam\u00edlia\u201d, destacou.<\/p>\n<figure class=\"wp-block-image size-full\"><img decoding=\"async\" width=\"1200\" height=\"675\" src=\"http:\/\/noticiasbahia360.com.br\/wp-content\/uploads\/2026\/04\/Pastor-Isidorio-faz-caminhada-em-Feira-de-Santana-Ney-Silva-acorda-cidade-.webp\" alt=\"Pastor Isid\u00f3rio chama aten\u00e7\u00e3o nas ruas de Feira de Santana: \u201cContra as drogas e pela paz\u201d\" class=\"wp-image-651383\" srcset=\"http:\/\/noticiasbahia360.com.br\/wp-content\/uploads\/2026\/04\/Pastor-Isidorio-faz-caminhada-em-Feira-de-Santana-Ney-Silva-acorda-cidade-.webp 1200w, https:\/\/uploads.acordacidade.com.br\/2026\/04\/Pastor-Isidorio-faz-caminhada-em-Feira-de-Santana-Ney-Silva-acorda-cidade--750x422.webp 750w, https:\/\/uploads.acordacidade.com.br\/2026\/04\/Pastor-Isidorio-faz-caminhada-em-Feira-de-Santana-Ney-Silva-acorda-cidade--1000x563.webp 1000w, https:\/\/uploads.acordacidade.com.br\/2026\/04\/Pastor-Isidorio-faz-caminhada-em-Feira-de-Santana-Ney-Silva-acorda-cidade--450x253.webp 450w, https:\/\/uploads.acordacidade.com.br\/2026\/04\/Pastor-Isidorio-faz-caminhada-em-Feira-de-Santana-Ney-Silva-acorda-cidade--150x84.webp 150w\" sizes=\"(max-width: 1200px) 100vw, 1200px\"><figcaption class=\"wp-element-caption\">Foto: Ney Silva\/Acorda Cidade<\/figcaption><\/figure>\n<p>Isid\u00f3rio tamb\u00e9m ressaltou sua rotina \u00e0 frente da Funda\u00e7\u00e3o Dr. Jesus e o trabalho direto com pessoas em recupera\u00e7\u00e3o. Ele afirmou viver no espa\u00e7o de acolhimento junto \u00e0 fam\u00edlia e acompanhar de perto o tratamento dos internos.<\/p>\n<p>\u201cEu moro dentro do Centro de Recupera\u00e7\u00e3o, de segunda a segunda, com minha esposa e meus filhos com 2.500 dependentes, tenho ajuda do governo para tomar conta de mil, 2.538 pessoas\u201d, refor\u00e7ou.<\/p>\n<div id=\"gallery_69f3a73b0e79b\" class=\"seox-gallery-block template-gallery-grid my-5\">\n<div class=\"g-col-12 grid gap-1\">\n\t\t\t\t\t<a data-fancybox=\"gallery_69f3a73b0e79b\" data-caption=\"Foto: Ney Silva\/Acorda Cidade\" class=\"g-col-12 lg:g-col-6 d-flex w-100 h-auto no-styled position-relative seox-gallery-item gallery-image-651384\" href=\"https:\/\/uploads.acordacidade.com.br\/2026\/04\/Pastor-Isidorio-faz-caminhada-em-Feira-de-Santana-Ney-Silva-acorda-cidade.webp\"><\/p>\n<figure class=\"wp-caption alignnone img-fluid\"><img decoding=\"async\" width=\"1200\" height=\"675\" src=\"http:\/\/noticiasbahia360.com.br\/wp-content\/uploads\/2026\/04\/Pastor-Isidorio-faz-caminhada-em-Feira-de-Santana-Ney-Silva-acorda-cidade-1000x563-1.webp\" class=\"aspect-16x9 lg:aspect-4x3 w-100 h-auto fit-cover\" alt=\"Pastor Isid\u00f3rio chama aten\u00e7\u00e3o nas ruas de Feira de Santana: \u201cContra as drogas e pela paz\u201d\" title=\"Pastor Isid\u00f3rio chama aten\u00e7\u00e3o nas ruas de Feira de Santana: \u201cContra as drogas e pela paz\u201d\" srcset=\"http:\/\/noticiasbahia360.com.br\/wp-content\/uploads\/2026\/04\/Pastor-Isidorio-faz-caminhada-em-Feira-de-Santana-Ney-Silva-acorda-cidade-1000x563-1.webp 1200w\" sizes=\"100vw\"><figcaption class=\"wp-caption-text\">Foto: Ney Silva\/Acorda Cidade<\/figcaption><\/figure>\n<p>\t\t\t<\/a><br \/>\n\t\t\t\t\t\t<a data-fancybox=\"gallery_69f3a73b0e79b\" data-caption=\"Foto: Ney Silva\/Acorda Cidade\" class=\"g-col-12 lg:g-col-6 d-flex w-100 h-auto no-styled position-relative seox-gallery-item gallery-image-651385\" href=\"https:\/\/uploads.acordacidade.com.br\/2026\/04\/Pastor-Isidorio-faz-caminhada-em-Feira-de-Santana.webp\"><\/p>\n<figure class=\"wp-caption alignnone img-fluid\"><img loading=\"lazy\" decoding=\"async\" width=\"1200\" height=\"675\" src=\"http:\/\/noticiasbahia360.com.br\/wp-content\/uploads\/2026\/04\/Pastor-Isidorio-faz-caminhada-em-Feira-de-Santana-1000x563-1.webp\" class=\"aspect-16x9 lg:aspect-4x3 w-100 h-auto fit-cover\" alt=\"Pastor Isid\u00f3rio chama aten\u00e7\u00e3o nas ruas de Feira de Santana: \u201cContra as drogas e pela paz\u201d\" title=\"Pastor Isid\u00f3rio chama aten\u00e7\u00e3o nas ruas de Feira de Santana: \u201cContra as drogas e pela paz\u201d\" srcset=\"http:\/\/noticiasbahia360.com.br\/wp-content\/uploads\/2026\/04\/Pastor-Isidorio-faz-caminhada-em-Feira-de-Santana-1000x563-1.webp 1200w\" sizes=\"100vw\"><figcaption class=\"wp-caption-text\">Foto: Ney Silva\/Acorda Cidade<\/figcaption><\/figure>\n<p>\t\t\t<\/a>\n\t\t\t\t<\/div>\n<\/div>\n<p>A passagem por Feira de Santana integra uma s\u00e9rie de caminhadas realizadas pelo parlamentar em diferentes munic\u00edpios baianos, como Salvador, Cama\u00e7ari, Sim\u00f5es Filho e Vit\u00f3ria da Conquista, sempre com foco na preven\u00e7\u00e3o ao uso de drogas e no fortalecimento dos v\u00ednculos familiares.<\/p>\n<p><em>Com informa\u00e7\u00f5es do rep\u00f3rter Ney Silva, do Acorda Cidade<\/em><\/p>\n<p><em>Siga o Acorda Cidade no<\/em><a href=\"https:\/\/news.google.com\/search?q=acorda%20cidade&amp;hl=pt-BR&amp;gl=BR&amp;ceid=BR%3Apt-419\"><strong><em>\u00a0Google Not\u00edcias<\/em><\/strong><\/a><em>\u00a0e receba os principais destaques do dia. Participe tamb\u00e9m dos nossos canais no\u00a0<\/em><a href=\"https:\/\/www.whatsapp.com\/channel\/0029Va6Rb4v3WHTNnsh8WI3N\"><strong><em>WhatsApp<\/em><\/strong><\/a><em>\u00a0e\u00a0<\/em><a href=\"https:\/\/www.youtube.com\/@acordacidadenoticias\/videos\"><strong>YouTube<\/strong><\/a><em>\u00a0e grupo de\u00a0<\/em><a href=\"https:\/\/t.me\/+sSz0khrgARA0ZmRh\"><strong><em>Telegram<\/em><\/strong><\/a><em>.<\/em><\/p>\n<\/div>\n","protected":false},"excerpt":{"rendered":"<div>\n<div>\n<figure><img decoding=\"async\" src=\"https:\/\/uploads.acordacidade.com.br\/2026\/04\/Pastor-Isidorio-faz-caminhada-em-Feira-de-Santana-Ney-Silva-acorda-cidade-2.webp\" alt=\"Pastor Isid\u00f3rio chama aten\u00e7\u00e3o nas ruas de Feira de Santana: \u201cContra as drogas e pela paz\u201d\"><figcaption>Foto: Ney Silva\/Acorda Cidade<\/figcaption><\/figure>\n<\/div>\n<p>A caminhada do pastor teve in\u00edcio por volta das 9h30 da manh\u00e3 e seguiu por algumas das principais vias da cidade.<\/p><\/div>\n","protected":false},"author":1,"featured_media":129083,"comment_status":"closed","ping_status":"closed","sticky":false,"template":"","format":"gallery","meta":{"footnotes":""},"categories":[8,9,6,57,56,10],"tags":[],"class_list":["post-129082","post","type-post","status-publish","format-gallery","has-post-thumbnail","hentry","category-bahia","category-brasil","category-feira-de-santana","category-mundo","category-policia","category-politica","post_format-post-format-gallery"],"featured_image_urls":{"full":["https:\/\/noticiasbahia360.com.br\/wp-content\/uploads\/2026\/04\/Pastor-Isidorio-faz-caminhada-em-Feira-de-Santana-Ney-Silva-acorda-cidade-2.webp",1200,675,false],"thumbnail":["https:\/\/noticiasbahia360.com.br\/wp-content\/uploads\/2026\/04\/Pastor-Isidorio-faz-caminhada-em-Feira-de-Santana-Ney-Silva-acorda-cidade-2-150x150.webp",150,150,true],"medium":["https:\/\/noticiasbahia360.com.br\/wp-content\/uploads\/2026\/04\/Pastor-Isidorio-faz-caminhada-em-Feira-de-Santana-Ney-Silva-acorda-cidade-2-300x169.webp",300,169,true],"medium_large":["https:\/\/noticiasbahia360.com.br\/wp-content\/uploads\/2026\/04\/Pastor-Isidorio-faz-caminhada-em-Feira-de-Santana-Ney-Silva-acorda-cidade-2-768x432.webp",640,360,true],"large":["https:\/\/noticiasbahia360.com.br\/wp-content\/uploads\/2026\/04\/Pastor-Isidorio-faz-caminhada-em-Feira-de-Santana-Ney-Silva-acorda-cidade-2-1024x576.webp",640,360,true],"1536x1536":["https:\/\/noticiasbahia360.com.br\/wp-content\/uploads\/2026\/04\/Pastor-Isidorio-faz-caminhada-em-Feira-de-Santana-Ney-Silva-acorda-cidade-2.webp",1200,675,false],"2048x2048":["https:\/\/noticiasbahia360.com.br\/wp-content\/uploads\/2026\/04\/Pastor-Isidorio-faz-caminhada-em-Feira-de-Santana-Ney-Silva-acorda-cidade-2.webp",1200,675,false],"chromenews-featured":["https:\/\/noticiasbahia360.com.br\/wp-content\/uploads\/2026\/04\/Pastor-Isidorio-faz-caminhada-em-Feira-de-Santana-Ney-Silva-acorda-cidade-2-1024x576.webp",1024,576,true],"chromenews-large":["https:\/\/noticiasbahia360.com.br\/wp-content\/uploads\/2026\/04\/Pastor-Isidorio-faz-caminhada-em-Feira-de-Santana-Ney-Silva-acorda-cidade-2-825x575.webp",825,575,true],"chromenews-medium":["https:\/\/noticiasbahia360.com.br\/wp-content\/uploads\/2026\/04\/Pastor-Isidorio-faz-caminhada-em-Feira-de-Santana-Ney-Silva-acorda-cidade-2-590x410.webp",590,410,true]},"author_info":{"display_name":"noticiasbahia360.com.br","author_link":"https:\/\/noticiasbahia360.com.br\/?author=1"},"category_info":"<a href=\"https:\/\/noticiasbahia360.com.br\/?cat=8\" rel=\"category\">Bahia<\/a> <a href=\"https:\/\/noticiasbahia360.com.br\/?cat=9\" rel=\"category\">Brasil<\/a> <a href=\"https:\/\/noticiasbahia360.com.br\/?cat=6\" rel=\"category\">Feira de Santana<\/a> <a href=\"https:\/\/noticiasbahia360.com.br\/?cat=57\" rel=\"category\">Mundo<\/a> <a href=\"https:\/\/noticiasbahia360.com.br\/?cat=56\" rel=\"category\">Pol\u00edcia<\/a> <a href=\"https:\/\/noticiasbahia360.com.br\/?cat=10\" rel=\"category\">Pol\u00edtica<\/a>","tag_info":"Pol\u00edtica","comment_count":"0","_links":{"self":[{"href":"https:\/\/noticiasbahia360.com.br\/index.php?rest_route=\/wp\/v2\/posts\/129082","targetHints":{"allow":["GET"]}}],"collection":[{"href":"https:\/\/noticiasbahia360.com.br\/index.php?rest_route=\/wp\/v2\/posts"}],"about":[{"href":"https:\/\/noticiasbahia360.com.br\/index.php?rest_route=\/wp\/v2\/types\/post"}],"author":[{"embeddable":true,"href":"https:\/\/noticiasbahia360.com.br\/index.php?rest_route=\/wp\/v2\/users\/1"}],"replies":[{"embeddable":true,"href":"https:\/\/noticiasbahia360.com.br\/index.php?rest_route=%2Fwp%2Fv2%2Fcomments&post=129082"}],"version-history":[{"count":0,"href":"https:\/\/noticiasbahia360.com.br\/index.php?rest_route=\/wp\/v2\/posts\/129082\/revisions"}],"wp:featuredmedia":[{"embeddable":true,"href":"https:\/\/noticiasbahia360.com.br\/index.php?rest_route=\/wp\/v2\/media\/129083"}],"wp:attachment":[{"href":"https:\/\/noticiasbahia360.com.br\/index.php?rest_route=%2Fwp%2Fv2%2Fmedia&parent=129082"}],"wp:term":[{"taxonomy":"category","embeddable":true,"href":"https:\/\/noticiasbahia360.com.br\/index.php?rest_route=%2Fwp%2Fv2%2Fcategories&post=129082"},{"taxonomy":"post_tag","embeddable":true,"href":"https:\/\/noticiasbahia360.com.br\/index.php?rest_route=%2Fwp%2Fv2%2Ftags&post=129082"}],"curies":[{"name":"wp","href":"https:\/\/api.w.org\/{rel}","templated":true}]}}