{"id":129089,"date":"2026-04-30T16:32:39","date_gmt":"2026-04-30T19:32:39","guid":{"rendered":"https:\/\/noticiasbahia360.com.br\/?p=129089"},"modified":"2026-04-30T16:32:39","modified_gmt":"2026-04-30T19:32:39","slug":"homem-suspeito-de-estuprar-a-propria-filha-e-preso-em-serrinha","status":"publish","type":"post","link":"https:\/\/noticiasbahia360.com.br\/?p=129089","title":{"rendered":"Homem suspeito de estuprar a pr\u00f3pria filha \u00e9 preso em Serrinha"},"content":{"rendered":"<div>\n<div>\n<figure><img decoding=\"async\" src=\"http:\/\/noticiasbahia360.com.br\/wp-content\/uploads\/2026\/04\/Policia-Civic-Divulgacao-Ascom-PCBA-2.jpg\" alt=\"Pol\u00edcia Civil\"><figcaption>Foto: Divulga\u00e7\u00e3o\/ Ascom-PCBA<\/figcaption><\/figure>\n<\/div>\n<p>Um mandado de pris\u00e3o preventiva foi cumprido nesta quarta-feira (29), em Serrinha, contra um suspeito de 41 anos, que \u00e9 investigado pela pr\u00e1tica de abuso sexual contra menor de idade. A ordem foi cumprida pela equipe do N\u00facleo Especializado de Atendimento \u00e0 Mulher (Neam\/Serrinha).<\/p>\n<p>Na \u00e9poca do fato, ocorrido em 2022, foram deferidas medidas protetivas pelo ju\u00edzo da Vara Criminal de Serrinha, para que o pai n\u00e3o se aproximasse da filha. No entanto, em 2025, ele tentou se aproximar novamente da v\u00edtima em um estabelecimento comercial. Atualmente a crian\u00e7a tem 7 anos de idade.<\/p>\n<p>A partir disso, foram solicitadas as imagens das c\u00e2meras de seguran\u00e7a do local. Os fatos foram comunicados ao Ju\u00edzo, que expediu o mandado de pris\u00e3o do investigado, por meio da Vara Criminal da Inf\u00e2ncia e Juventude da Comarca de Serrinha\/BA.<\/p>\n<p>Ap\u00f3s tomar conhecimento da ordem judicial, o Neam, juntamente com a Delegacia Territorial (DT\/Serrinha), iniciou as buscas pelo acusado na ter\u00e7a-feira (28), mas n\u00e3o conseguiu localiz\u00e1-lo. No dia seguinte, o investigado se apresentou voluntariamente na unidade policial, acompanhado de um advogado.<\/p>\n<p>Ap\u00f3s o cumprimento do mandado, o suspeito aguarda decis\u00e3o da Justi\u00e7a.<\/p>\n<p><em>Siga o Acorda Cidade no\u00a0<\/em><a href=\"https:\/\/news.google.com\/search?q=acorda%20cidade&amp;hl=pt-BR&amp;gl=BR&amp;ceid=BR%3Apt-419\"><strong><em>Google Not\u00edcias<\/em><\/strong><\/a><em>\u00a0e receba os principais destaques do dia. Participe tamb\u00e9m dos nossos canais no\u00a0<\/em><a href=\"https:\/\/www.whatsapp.com\/channel\/0029Va6Rb4v3WHTNnsh8WI3N\"><strong><em>WhatsApp<\/em><\/strong><\/a><em>\u00a0e\u00a0<\/em><a href=\"https:\/\/www.youtube.com\/@acordacidadenoticias\/videos\"><strong>YouTube<\/strong><\/a><em>\u00a0e grupo de\u00a0<\/em><a href=\"https:\/\/t.me\/+sSz0khrgARA0ZmRh\"><strong><em>Telegram<\/em><\/strong><\/a><em>.<\/em><\/p>\n<\/div>\n","protected":false},"excerpt":{"rendered":"<div>\n<div>\n<figure><img decoding=\"async\" src=\"https:\/\/uploads.acordacidade.com.br\/2026\/04\/Policia-Civic-Divulgacao-Ascom-PCBA.jpg\" alt=\"Pol\u00edcia Civil\"><figcaption>Foto: Divulga\u00e7\u00e3o\/ Ascom-PCBA<\/figcaption><\/figure>\n<\/div>\n<p>Na \u00e9poca do fato, ocorrido em 2022, foram deferidas medidas protetivas pelo ju\u00edzo da Vara Criminal de Serrinha.<\/p><\/div>\n","protected":false},"author":1,"featured_media":129090,"comment_status":"closed","ping_status":"closed","sticky":false,"template":"","format":"gallery","meta":{"footnotes":""},"categories":[8,9,6,57,56,10],"tags":[],"class_list":["post-129089","post","type-post","status-publish","format-gallery","has-post-thumbnail","hentry","category-bahia","category-brasil","category-feira-de-santana","category-mundo","category-policia","category-politica","post_format-post-format-gallery"],"featured_image_urls":{"full":["https:\/\/noticiasbahia360.com.br\/wp-content\/uploads\/2026\/04\/Policia-Civic-Divulgacao-Ascom-PCBA-2.jpg",1200,800,false],"thumbnail":["https:\/\/noticiasbahia360.com.br\/wp-content\/uploads\/2026\/04\/Policia-Civic-Divulgacao-Ascom-PCBA-2-150x150.jpg",150,150,true],"medium":["https:\/\/noticiasbahia360.com.br\/wp-content\/uploads\/2026\/04\/Policia-Civic-Divulgacao-Ascom-PCBA-2-300x200.jpg",300,200,true],"medium_large":["https:\/\/noticiasbahia360.com.br\/wp-content\/uploads\/2026\/04\/Policia-Civic-Divulgacao-Ascom-PCBA-2-768x512.jpg",640,427,true],"large":["https:\/\/noticiasbahia360.com.br\/wp-content\/uploads\/2026\/04\/Policia-Civic-Divulgacao-Ascom-PCBA-2-1024x683.jpg",640,427,true],"1536x1536":["https:\/\/noticiasbahia360.com.br\/wp-content\/uploads\/2026\/04\/Policia-Civic-Divulgacao-Ascom-PCBA-2.jpg",1200,800,false],"2048x2048":["https:\/\/noticiasbahia360.com.br\/wp-content\/uploads\/2026\/04\/Policia-Civic-Divulgacao-Ascom-PCBA-2.jpg",1200,800,false],"chromenews-featured":["https:\/\/noticiasbahia360.com.br\/wp-content\/uploads\/2026\/04\/Policia-Civic-Divulgacao-Ascom-PCBA-2-1024x683.jpg",1024,683,true],"chromenews-large":["https:\/\/noticiasbahia360.com.br\/wp-content\/uploads\/2026\/04\/Policia-Civic-Divulgacao-Ascom-PCBA-2-825x575.jpg",825,575,true],"chromenews-medium":["https:\/\/noticiasbahia360.com.br\/wp-content\/uploads\/2026\/04\/Policia-Civic-Divulgacao-Ascom-PCBA-2-590x410.jpg",590,410,true]},"author_info":{"display_name":"noticiasbahia360.com.br","author_link":"https:\/\/noticiasbahia360.com.br\/?author=1"},"category_info":"<a href=\"https:\/\/noticiasbahia360.com.br\/?cat=8\" rel=\"category\">Bahia<\/a> <a href=\"https:\/\/noticiasbahia360.com.br\/?cat=9\" rel=\"category\">Brasil<\/a> <a href=\"https:\/\/noticiasbahia360.com.br\/?cat=6\" rel=\"category\">Feira de Santana<\/a> <a href=\"https:\/\/noticiasbahia360.com.br\/?cat=57\" rel=\"category\">Mundo<\/a> <a href=\"https:\/\/noticiasbahia360.com.br\/?cat=56\" rel=\"category\">Pol\u00edcia<\/a> <a href=\"https:\/\/noticiasbahia360.com.br\/?cat=10\" rel=\"category\">Pol\u00edtica<\/a>","tag_info":"Pol\u00edtica","comment_count":"0","_links":{"self":[{"href":"https:\/\/noticiasbahia360.com.br\/index.php?rest_route=\/wp\/v2\/posts\/129089","targetHints":{"allow":["GET"]}}],"collection":[{"href":"https:\/\/noticiasbahia360.com.br\/index.php?rest_route=\/wp\/v2\/posts"}],"about":[{"href":"https:\/\/noticiasbahia360.com.br\/index.php?rest_route=\/wp\/v2\/types\/post"}],"author":[{"embeddable":true,"href":"https:\/\/noticiasbahia360.com.br\/index.php?rest_route=\/wp\/v2\/users\/1"}],"replies":[{"embeddable":true,"href":"https:\/\/noticiasbahia360.com.br\/index.php?rest_route=%2Fwp%2Fv2%2Fcomments&post=129089"}],"version-history":[{"count":0,"href":"https:\/\/noticiasbahia360.com.br\/index.php?rest_route=\/wp\/v2\/posts\/129089\/revisions"}],"wp:featuredmedia":[{"embeddable":true,"href":"https:\/\/noticiasbahia360.com.br\/index.php?rest_route=\/wp\/v2\/media\/129090"}],"wp:attachment":[{"href":"https:\/\/noticiasbahia360.com.br\/index.php?rest_route=%2Fwp%2Fv2%2Fmedia&parent=129089"}],"wp:term":[{"taxonomy":"category","embeddable":true,"href":"https:\/\/noticiasbahia360.com.br\/index.php?rest_route=%2Fwp%2Fv2%2Fcategories&post=129089"},{"taxonomy":"post_tag","embeddable":true,"href":"https:\/\/noticiasbahia360.com.br\/index.php?rest_route=%2Fwp%2Fv2%2Ftags&post=129089"}],"curies":[{"name":"wp","href":"https:\/\/api.w.org\/{rel}","templated":true}]}} 