{"id":129091,"date":"2026-04-30T16:41:00","date_gmt":"2026-04-30T19:41:00","guid":{"rendered":"https:\/\/noticiasbahia360.com.br\/?p=129091"},"modified":"2026-04-30T16:41:00","modified_gmt":"2026-04-30T19:41:00","slug":"feira-de-santana-triplica-geracao-de-empregos-em-comparacao-ao-mesmo-periodo-do-ano-anterior","status":"publish","type":"post","link":"https:\/\/noticiasbahia360.com.br\/?p=129091","title":{"rendered":"Feira de Santana triplica gera\u00e7\u00e3o de empregos em compara\u00e7\u00e3o ao mesmo per\u00edodo do ano anterior"},"content":{"rendered":"<div>\n<div>\n<figure><img decoding=\"async\" src=\"http:\/\/noticiasbahia360.com.br\/wp-content\/uploads\/2026\/04\/cidade-feira-de-santana-.jpg\" alt=\"cidade feira de santana\"><figcaption>Foto: ACM<\/figcaption><\/figure>\n<\/div>\n<p>Feira de Santana consolidou um avan\u00e7o hist\u00f3rico na gera\u00e7\u00e3o de <a href=\"https:\/\/www.acordacidade.com.br\/tag\/empregos\/\" type=\"post_tag\" id=\"33709\">empregos <\/a>no m\u00eas de mar\u00e7o, de acordo com dados do Novo Cadastro Geral de Empregados e Desempregados (Caged). O munic\u00edpio registrou um saldo positivo de 1.691 novas vagas, resultado de 7.002 admiss\u00f5es contra 5.311 desligamentos. O desempenho \u00e9 mais de tr\u00eas vezes superior ao saldo registrado em mar\u00e7o de 2025, que foi de 526 postos, evidenciando o aquecimento da economia local.<\/p>\n<p>Diferente do cen\u00e1rio do ano anterior, todos os grandes grupamentos econ\u00f4micos apresentaram crescimento. O setor de Servi\u00e7os liderou as contrata\u00e7\u00f5es com um saldo de 3.277 vagas, seguido pelo\u00a0 Com\u00e9rcio\u00a0com 1.868,\u00a0Constru\u00e7\u00e3o com 972 contrata\u00e7\u00f5es, e Ind\u00fastria 872 admiss\u00f5es. O resultado reflete o esfor\u00e7o da administra\u00e7\u00e3o municipal em atrair novos investimentos e fomentar o mercado de trabalho, revertendo \u00edndices que estavam negativos em setores estrat\u00e9gicos no mesmo per\u00edodo do ano passado.<\/p>\n<h2 class=\"wp-block-heading\" id=\"h-planejamento-estrategico\">Planejamento Estrat\u00e9gico<\/h2>\n<p>A secret\u00e1ria municipal de Trabalho, Turismo e Desenvolvimento Econ\u00f4mico (Settdec), M\u00e1rcia Ferreira, pontua que os n\u00fameros s\u00e3o fruto de um planejamento focado em resultados. \u201cEsse crescimento em todos os setores demonstra a confian\u00e7a do setor produtivo em nossa cidade. Estamos trabalhando para manter esse ambiente favor\u00e1vel, desburocratizando processos e apoiando quem gera emprego em Feira de Santana\u201d, afirma.<\/p>\n<h2 class=\"wp-block-heading\" id=\"h-qualificacao-e-oportunidades\">Qualifica\u00e7\u00e3o e Oportunidades<\/h2>\n<p>Para o diretor da Casa do Trabalhador, Magno Felzemburgh, a qualifica\u00e7\u00e3o profissional tem sido o diferencial para que o cidad\u00e3o feirense ocupe essas novas vagas de forma qualificada. \u201cA Casa do Trabalhador n\u00e3o apenas faz a intermedia\u00e7\u00e3o da m\u00e3o de obra, mas prepara o profissional. Oferecemos cursos gratuitos de qualifica\u00e7\u00e3o para garantir que o trabalhador esteja pronto para as exig\u00eancias desse mercado que n\u00e3o para de crescer\u201d, destaca o diretor.<\/p>\n<p>As inscri\u00e7\u00f5es para os cursos de qualifica\u00e7\u00e3o gratuita ocorrem periodicamente na sede do \u00f3rg\u00e3o, refor\u00e7ando o compromisso do Governo Municipal com a empregabilidade e a inclus\u00e3o produtiva da popula\u00e7\u00e3o.<\/p>\n<p><em>As informa\u00e7\u00f5es s\u00e3o da Secretaria de Comunica\u00e7\u00e3o Social de Feira de Santana<\/em><\/p>\n<p><em>Siga o Acorda Cidade no\u00a0<\/em><a href=\"https:\/\/news.google.com\/search?q=acorda%20cidade&amp;hl=pt-BR&amp;gl=BR&amp;ceid=BR%3Apt-419\"><strong><em>Google Not\u00edcias<\/em><\/strong><\/a><em>\u00a0e receba os principais destaques do dia. Participe tamb\u00e9m dos nossos canais no\u00a0<\/em><a href=\"https:\/\/www.whatsapp.com\/channel\/0029Va6Rb4v3WHTNnsh8WI3N\"><strong><em>WhatsApp<\/em><\/strong><\/a><em>\u00a0e\u00a0<\/em><a href=\"https:\/\/www.youtube.com\/@acordacidadenoticias\/videos\"><strong>YouTube<\/strong><\/a><em>\u00a0e grupo de\u00a0<\/em><a href=\"https:\/\/t.me\/+sSz0khrgARA0ZmRh\"><strong><em>Telegram<\/em><\/strong><\/a><em>.<\/em><\/p>\n<\/div>\n","protected":false},"excerpt":{"rendered":"<div>\n<div>\n<figure><img decoding=\"async\" src=\"https:\/\/www.acordacidade.com.br\/wp-content\/uploads\/2025\/03\/cidade-feira-de-santana-.jpg\" alt=\"cidade feira de santana\"><figcaption>Foto: ACM<\/figcaption><\/figure>\n<\/div>\n<p>O setor de Servi\u00e7os liderou as contrata\u00e7\u00f5es com um saldo de 3.277 vagas, seguido pelo\u00a0Com\u00e9rcio\u00a0com 1.868, e Constru\u00e7\u00e3o com 972 contrata\u00e7\u00f5es.<\/p><\/div>\n","protected":false},"author":1,"featured_media":129092,"comment_status":"closed","ping_status":"closed","sticky":false,"template":"","format":"gallery","meta":{"footnotes":""},"categories":[8,9,6,57,56,10],"tags":[],"class_list":["post-129091","post","type-post","status-publish","format-gallery","has-post-thumbnail","hentry","category-bahia","category-brasil","category-feira-de-santana","category-mundo","category-policia","category-politica","post_format-post-format-gallery"],"featured_image_urls":{"full":["https:\/\/noticiasbahia360.com.br\/wp-content\/uploads\/2026\/04\/cidade-feira-de-santana-.jpg",1920,1279,false],"thumbnail":["https:\/\/noticiasbahia360.com.br\/wp-content\/uploads\/2026\/04\/cidade-feira-de-santana--150x150.jpg",150,150,true],"medium":["https:\/\/noticiasbahia360.com.br\/wp-content\/uploads\/2026\/04\/cidade-feira-de-santana--300x200.jpg",300,200,true],"medium_large":["https:\/\/noticiasbahia360.com.br\/wp-content\/uploads\/2026\/04\/cidade-feira-de-santana--768x512.jpg",640,427,true],"large":["https:\/\/noticiasbahia360.com.br\/wp-content\/uploads\/2026\/04\/cidade-feira-de-santana--1024x682.jpg",640,426,true],"1536x1536":["https:\/\/noticiasbahia360.com.br\/wp-content\/uploads\/2026\/04\/cidade-feira-de-santana--1536x1023.jpg",1536,1023,true],"2048x2048":["https:\/\/noticiasbahia360.com.br\/wp-content\/uploads\/2026\/04\/cidade-feira-de-santana-.jpg",1920,1279,false],"chromenews-featured":["https:\/\/noticiasbahia360.com.br\/wp-content\/uploads\/2026\/04\/cidade-feira-de-santana--1024x682.jpg",1024,682,true],"chromenews-large":["https:\/\/noticiasbahia360.com.br\/wp-content\/uploads\/2026\/04\/cidade-feira-de-santana--825x575.jpg",825,575,true],"chromenews-medium":["https:\/\/noticiasbahia360.com.br\/wp-content\/uploads\/2026\/04\/cidade-feira-de-santana--590x410.jpg",590,410,true]},"author_info":{"display_name":"noticiasbahia360.com.br","author_link":"https:\/\/noticiasbahia360.com.br\/?author=1"},"category_info":"<a href=\"https:\/\/noticiasbahia360.com.br\/?cat=8\" rel=\"category\">Bahia<\/a> <a href=\"https:\/\/noticiasbahia360.com.br\/?cat=9\" rel=\"category\">Brasil<\/a> <a href=\"https:\/\/noticiasbahia360.com.br\/?cat=6\" rel=\"category\">Feira de Santana<\/a> <a href=\"https:\/\/noticiasbahia360.com.br\/?cat=57\" rel=\"category\">Mundo<\/a> <a href=\"https:\/\/noticiasbahia360.com.br\/?cat=56\" rel=\"category\">Pol\u00edcia<\/a> <a href=\"https:\/\/noticiasbahia360.com.br\/?cat=10\" rel=\"category\">Pol\u00edtica<\/a>","tag_info":"Pol\u00edtica","comment_count":"0","_links":{"self":[{"href":"https:\/\/noticiasbahia360.com.br\/index.php?rest_route=\/wp\/v2\/posts\/129091","targetHints":{"allow":["GET"]}}],"collection":[{"href":"https:\/\/noticiasbahia360.com.br\/index.php?rest_route=\/wp\/v2\/posts"}],"about":[{"href":"https:\/\/noticiasbahia360.com.br\/index.php?rest_route=\/wp\/v2\/types\/post"}],"author":[{"embeddable":true,"href":"https:\/\/noticiasbahia360.com.br\/index.php?rest_route=\/wp\/v2\/users\/1"}],"replies":[{"embeddable":true,"href":"https:\/\/noticiasbahia360.com.br\/index.php?rest_route=%2Fwp%2Fv2%2Fcomments&post=129091"}],"version-history":[{"count":0,"href":"https:\/\/noticiasbahia360.com.br\/index.php?rest_route=\/wp\/v2\/posts\/129091\/revisions"}],"wp:featuredmedia":[{"embeddable":true,"href":"https:\/\/noticiasbahia360.com.br\/index.php?rest_route=\/wp\/v2\/media\/129092"}],"wp:attachment":[{"href":"https:\/\/noticiasbahia360.com.br\/index.php?rest_route=%2Fwp%2Fv2%2Fmedia&parent=129091"}],"wp:term":[{"taxonomy":"category","embeddable":true,"href":"https:\/\/noticiasbahia360.com.br\/index.php?rest_route=%2Fwp%2Fv2%2Fcategories&post=129091"},{"taxonomy":"post_tag","embeddable":true,"href":"https:\/\/noticiasbahia360.com.br\/index.php?rest_route=%2Fwp%2Fv2%2Ftags&post=129091"}],"curies":[{"name":"wp","href":"https:\/\/api.w.org\/{rel}","templated":true}]}}