{"id":129093,"date":"2026-04-30T16:51:08","date_gmt":"2026-04-30T19:51:08","guid":{"rendered":"https:\/\/noticiasbahia360.com.br\/?p=129093"},"modified":"2026-04-30T16:51:08","modified_gmt":"2026-04-30T19:51:08","slug":"sindicatos-e-movimentos-sociais-promovem-ato-do-dia-do-trabalhador-em-feira-de-santana","status":"publish","type":"post","link":"https:\/\/noticiasbahia360.com.br\/?p=129093","title":{"rendered":"Sindicatos e movimentos sociais promovem ato do Dia do Trabalhador em Feira de Santana"},"content":{"rendered":"<div>\n<div>\n<figure><img decoding=\"async\" src=\"http:\/\/noticiasbahia360.com.br\/wp-content\/uploads\/2026\/04\/dia-do-trabalhador-.jpg\" alt=\"dia do trabalhador\"><figcaption>Foto: Paulo Pinto\/Ag\u00eancia Brasil<\/figcaption><\/figure>\n<\/div>\n<p>Sindicatos e movimentos sociais realizam nesta sexta-feira (1\u00ba), em Feira de Santana, um ato pol\u00edtico e cultural em celebra\u00e7\u00e3o ao Dia do Trabalhador. A mobiliza\u00e7\u00e3o acontece a partir das 9h, na Pra\u00e7a Dona Pomba, no bairro Rua Nova, e reunir\u00e1 apresenta\u00e7\u00f5es musicais, manifesta\u00e7\u00f5es populares e debates em defesa de pautas da classe trabalhadora.<\/p>\n<figure class=\"wp-block-image size-large\"><img fetchpriority=\"high\" decoding=\"async\" width=\"1151\" height=\"768\" src=\"http:\/\/noticiasbahia360.com.br\/wp-content\/uploads\/2026\/04\/Reforma-da-Pra_a-Dona-Pomba-fotos-Jorge-Magalh_es-10-1151x768-1.webp\" alt=\"O cora\u00e7\u00e3o negro da Princesa do Sert\u00e3o, Rua Nova \u00e9 celebrada como Bem Cultural e Imaterial de Feira de Santana\" class=\"wp-image-591309\" srcset=\"http:\/\/noticiasbahia360.com.br\/wp-content\/uploads\/2026\/04\/Reforma-da-Pra_a-Dona-Pomba-fotos-Jorge-Magalh_es-10-1151x768-1.webp 1151w, https:\/\/www.acordacidade.com.br\/wp-content\/uploads\/2025\/09\/Reforma-da-Pra_a-Dona-Pomba-fotos-Jorge-Magalh_es-10-547x365.webp 547w, https:\/\/www.acordacidade.com.br\/wp-content\/uploads\/2025\/09\/Reforma-da-Pra_a-Dona-Pomba-fotos-Jorge-Magalh_es-10-828x553.webp 828w, https:\/\/www.acordacidade.com.br\/wp-content\/uploads\/2025\/09\/Reforma-da-Pra_a-Dona-Pomba-fotos-Jorge-Magalh_es-10-140x93.webp 140w, https:\/\/www.acordacidade.com.br\/wp-content\/uploads\/2025\/09\/Reforma-da-Pra_a-Dona-Pomba-fotos-Jorge-Magalh_es-10-355x237.webp 355w, https:\/\/www.acordacidade.com.br\/wp-content\/uploads\/2025\/09\/Reforma-da-Pra_a-Dona-Pomba-fotos-Jorge-Magalh_es-10-150x100.webp 150w, https:\/\/www.acordacidade.com.br\/wp-content\/uploads\/2025\/09\/Reforma-da-Pra_a-Dona-Pomba-fotos-Jorge-Magalh_es-10.webp 1200w\" sizes=\"(max-width: 1151px) 100vw, 1151px\"><figcaption class=\"wp-element-caption\">Pra\u00e7a dona Pomba | Foto: Divulga\u00e7\u00e3o\/Secom\/PMFS<\/figcaption><\/figure>\n<p>O evento contar\u00e1 com shows de Gilsam e Banda Airiy\u00ea, al\u00e9m de Hugo Damasceno e Banda HD. A programa\u00e7\u00e3o tamb\u00e9m ter\u00e1 a participa\u00e7\u00e3o do Afox\u00e9 Pomba de Mal\u00ea, refor\u00e7ando a proposta de valoriza\u00e7\u00e3o da cultura popular negra e da resist\u00eancia hist\u00f3rica do territ\u00f3rio da Rua Nova.<\/p>\n<p>Segundo El\u00edsio Santa Cruz, fundador da Central \u00danica dos Trabalhadores Nacional (CUT), coordenador da Frente Brasil Popular em Feira de Santana e tamb\u00e9m do Movimento em Defesa da Democracia, a escolha da Rua Nova para sediar o ato foi estrat\u00e9gica. <\/p>\n<figure class=\"wp-block-image size-full is-resized\"><img decoding=\"async\" width=\"640\" height=\"480\" src=\"http:\/\/noticiasbahia360.com.br\/wp-content\/uploads\/2026\/04\/0ru1Ikr3-Elisio-Santa-Cruz-jpg.webp\" alt=\"El\u00edsio Santa Cruz\" class=\"wp-image-440662\" style=\"width:840px;height:auto\" srcset=\"http:\/\/noticiasbahia360.com.br\/wp-content\/uploads\/2026\/04\/0ru1Ikr3-Elisio-Santa-Cruz-jpg.webp 640w, https:\/\/www.acordacidade.com.br\/wp-content\/uploads\/2024\/09\/0ru1Ikr3-Elisio-Santa-Cruz-300x225.webp 300w, https:\/\/www.acordacidade.com.br\/wp-content\/uploads\/2024\/09\/0ru1Ikr3-Elisio-Santa-Cruz-150x113.webp 150w\" sizes=\"(max-width: 640px) 100vw, 640px\"><figcaption class=\"wp-element-caption\">El\u00edsio Santa Cruz | Foto: Ney Silva\/Acorda Cidade<\/figcaption><\/figure>\n<p>\u201cVai ser um dia importante, que \u00e9 um dia de mobiliza\u00e7\u00e3o e luta, e escolhemos a Rua Nova atrav\u00e9s das organiza\u00e7\u00f5es sociais, porque \u00e9 um bairro de luta, de resist\u00eancia, de uma grande riqueza cultural\u201d, afirmou ao Acorda Cidade.<\/p>\n<p>El\u00edsio ressaltou que o 1\u00ba de Maio ter\u00e1 car\u00e1ter pol\u00edtico e cultural, al\u00e9m de ser um espa\u00e7o de mobiliza\u00e7\u00e3o social.<\/p>\n<h2 class=\"wp-block-heading has-text-align-center\" id=\"h-em-todo-o-pais-as-centrais-sindicais-devem-puxar-o-fim-da-escala-6x1\">Em todo o pa\u00eds, as centrais sindicais devem puxar o fim da escala 6\u00d71<\/h2>\n<p>Entre as principais reivindica\u00e7\u00f5es que ser\u00e3o defendidas em Feira de Santana, durante o ato, est\u00e3o o fim da <strong>escala 6\u00d71<\/strong>, a <strong>redu\u00e7\u00e3o da jornada de trabalho sem redu\u00e7\u00e3o de sal\u00e1rio, a reforma agr\u00e1ria popular, a defesa da soberania nacional, a tarifa zero no transporte p\u00fablico e melhorias na mobilidade urbana.<\/strong><\/p>\n<p>Jussara Pinho, da Central dos Trabalhadores e Trabalhadoras do Brasil (CTB), tamb\u00e9m fez uma convoca\u00e7\u00e3o pelo fim da escala 6\u00d71. Ela \u00e9 umas das organizadoras da a\u00e7\u00e3o e disse que a ideia de levar a mobiliza\u00e7\u00e3o para os bairros \u00e9 justamente para aproximar as discuss\u00f5es das comunidades.<\/p>\n<p>\u201cUma das principais pautas hoje \u00e9 o fim da escala 6\u00d71, que est\u00e1 a\u00ed para ser votado no Congresso e a gente est\u00e1 nessa for\u00e7a-tarefa para que a classe trabalhadora tenha mais essa vit\u00f3ria\u201d, disse Jussara.<\/p>\n<figure class=\"wp-block-image size-full\"><img decoding=\"async\" width=\"1200\" height=\"718\" src=\"http:\/\/noticiasbahia360.com.br\/wp-content\/uploads\/2026\/04\/Manifestacao-pelo-fim-da-escala-6x1-ag-brasil-1.webp\" alt=\"Escala 6x1\" class=\"wp-image-572492\" srcset=\"http:\/\/noticiasbahia360.com.br\/wp-content\/uploads\/2026\/04\/Manifestacao-pelo-fim-da-escala-6x1-ag-brasil-1.webp 1200w, https:\/\/www.acordacidade.com.br\/wp-content\/uploads\/2025\/07\/Manifestacao-pelo-fim-da-escala-6x1-ag-brasil-610x365.webp 610w, https:\/\/www.acordacidade.com.br\/wp-content\/uploads\/2025\/07\/Manifestacao-pelo-fim-da-escala-6x1-ag-brasil-924x553.webp 924w, https:\/\/www.acordacidade.com.br\/wp-content\/uploads\/2025\/07\/Manifestacao-pelo-fim-da-escala-6x1-ag-brasil-150x90.webp 150w\" sizes=\"(max-width: 1200px) 100vw, 1200px\"><figcaption class=\"wp-element-caption\">Foto: T\u00e2nia R\u00eago\/Ag\u00eancia Brasil <\/figcaption><\/figure>\n<p><strong>Al\u00e9m disso, o movimento tamb\u00e9m levanta bandeiras em defesa dos direitos das mulheres, dos trabalhadores do campo e da cidade, e contra a reforma administrativa, apontada pelas entidades como prejudicial aos servi\u00e7os p\u00fablicos.<\/strong><\/p>\n<p>\u201cEssa reforma administrativa impacta no or\u00e7amento p\u00fablico, na qualidade dos servi\u00e7os p\u00fablicos e tamb\u00e9m impacta na quest\u00e3o do or\u00e7amento, mestre da educa\u00e7\u00e3o, mestre da sa\u00fade. Ent\u00e3o a luta contra a reforma administrativa \u00e9 uma luta, na verdade, de defesa do Estado brasileiro para o servi\u00e7o do povo brasileiro\u201d, explicou El\u00edsio.<\/p>\n<p>A manifesta\u00e7\u00e3o \u00e9 organizada pelo Movimento em Defesa da Democracia contra o Fascismo, Frente Brasil Popular, CUT, CTB, CSB, UGT e For\u00e7a Sindical, al\u00e9m de outras organiza\u00e7\u00f5es sociais e sindicais.<\/p>\n<p>El\u00edsio tamb\u00e9m refor\u00e7ou o convite para a participa\u00e7\u00e3o popular e destacou o simbolismo hist\u00f3rico da data.<\/p>\n<blockquote class=\"wp-block-quote is-layout-flow wp-block-quote-is-layout-flow\">\n<p><strong>\u201c1\u00ba de Maio \u00e9 um dia internacional de luta da classe trabalhadora e nada melhor do que a gente comemorar de forma conjunta, com as pautas populares e com propostas para o povo. Viva o 1\u00ba de maio, viva a luta internacional da classe trabalhadora\u201d, refor\u00e7ou o sindicalista.<\/strong><\/p>\n<\/blockquote>\n<p>J\u00e1 Jussara ainda celebrou as pautas conquistas pelos trabalhadores ao longo dos anos.<\/p>\n<p>\u201cUm deles \u00e9 a quest\u00e3o do imposto de renda. Para quem ganha at\u00e9 R$ 5 mil houve a isen\u00e7\u00e3o, um projeto que foi recente do governo federal, e para quem ganha at\u00e9 R$ 7 mil, uma redu\u00e7\u00e3o. Por\u00e9m, a gente ainda tem muitas coisas para conquistar, dentre elas o fim dessa escala que \u00e9 extenuante e que faz, principalmente, que as mulheres tenham uma jornada de trabalho muito desgastante e n\u00e3o consiga ter sua vida familiar comunit\u00e1ria plebiscita.\u201d<\/p>\n<p>O evento \u00e9 aberto ao p\u00fablico e deve reunir trabalhadores, estudantes, lideran\u00e7as comunit\u00e1rias, movimentos sociais e moradores de diversos bairros da cidade, em um momento de celebra\u00e7\u00e3o, mobiliza\u00e7\u00e3o e fortalecimento da democracia por meio da cultura e da participa\u00e7\u00e3o popular.<\/p>\n<figure class=\"wp-block-image size-full\"><img loading=\"lazy\" decoding=\"async\" width=\"1200\" height=\"1800\" src=\"http:\/\/noticiasbahia360.com.br\/wp-content\/uploads\/2026\/04\/evento-na-Rua-Nova-1.webp\" alt=\"Gilsam e Hugo Damasceno comandam ato pol\u00edtico e cultural no Dia do Trabalhador \" class=\"wp-image-651185\" srcset=\"http:\/\/noticiasbahia360.com.br\/wp-content\/uploads\/2026\/04\/evento-na-Rua-Nova-1.webp 1200w, https:\/\/uploads.acordacidade.com.br\/2026\/04\/evento-na-Rua-Nova-750x1125.webp 750w, https:\/\/uploads.acordacidade.com.br\/2026\/04\/evento-na-Rua-Nova-1000x1500.webp 1000w, https:\/\/uploads.acordacidade.com.br\/2026\/04\/evento-na-Rua-Nova-1024x1536.webp 1024w, https:\/\/uploads.acordacidade.com.br\/2026\/04\/evento-na-Rua-Nova-450x675.webp 450w, https:\/\/uploads.acordacidade.com.br\/2026\/04\/evento-na-Rua-Nova-150x225.webp 150w\" sizes=\"(max-width: 1200px) 100vw, 1200px\"><figcaption class=\"wp-element-caption\">Foto: Divulga\u00e7\u00e3o<\/figcaption><\/figure>\n<p><em>Com informa\u00e7\u00f5es dos rep\u00f3rteres Ney Silva e Paulo Jos\u00e9, ambos do Acorda Cidade<\/em><\/p>\n<p><em>Siga o Acorda Cidade no<\/em><a href=\"https:\/\/news.google.com\/search?q=acorda%20cidade&amp;hl=pt-BR&amp;gl=BR&amp;ceid=BR%3Apt-419\"><strong><em>\u00a0Google Not\u00edcias<\/em><\/strong><\/a><em>\u00a0e receba os principais destaques do dia. Participe tamb\u00e9m dos nossos canais no\u00a0<\/em><a href=\"https:\/\/www.whatsapp.com\/channel\/0029Va6Rb4v3WHTNnsh8WI3N\"><strong><em>WhatsApp<\/em><\/strong><\/a><em>\u00a0e\u00a0<\/em><a href=\"https:\/\/www.youtube.com\/@acordacidadenoticias\/videos\"><strong>YouTube<\/strong><\/a><em>\u00a0e grupo de\u00a0<\/em><a href=\"https:\/\/t.me\/+sSz0khrgARA0ZmRh\"><strong><em>Telegram<\/em><\/strong><\/a><em>.<\/em><\/p>\n<\/div>\n","protected":false},"excerpt":{"rendered":"<div>\n<div>\n<figure><img decoding=\"async\" src=\"https:\/\/www.acordacidade.com.br\/wp-content\/uploads\/2025\/05\/dia-do-trabalhador-.jpg\" alt=\"dia do trabalhador\"><figcaption>Foto: Paulo Pinto\/Ag\u00eancia Brasil<\/figcaption><\/figure>\n<\/div>\n<p>O evento \u00e9 aberto ao p\u00fablico e acontecer\u00e1 na Pra\u00e7a Dona Pomba, localizada no bairro Rua Nova, a partir das 9h, em Feira de Santana.<\/p><\/div>\n","protected":false},"author":1,"featured_media":129094,"comment_status":"closed","ping_status":"closed","sticky":false,"template":"","format":"gallery","meta":{"footnotes":""},"categories":[8,9,6,57,56,10],"tags":[],"class_list":["post-129093","post","type-post","status-publish","format-gallery","has-post-thumbnail","hentry","category-bahia","category-brasil","category-feira-de-santana","category-mundo","category-policia","category-politica","post_format-post-format-gallery"],"featured_image_urls":{"full":["https:\/\/noticiasbahia360.com.br\/wp-content\/uploads\/2026\/04\/dia-do-trabalhador-.jpg",1200,801,false],"thumbnail":["https:\/\/noticiasbahia360.com.br\/wp-content\/uploads\/2026\/04\/dia-do-trabalhador--150x150.jpg",150,150,true],"medium":["https:\/\/noticiasbahia360.com.br\/wp-content\/uploads\/2026\/04\/dia-do-trabalhador--300x200.jpg",300,200,true],"medium_large":["https:\/\/noticiasbahia360.com.br\/wp-content\/uploads\/2026\/04\/dia-do-trabalhador--768x513.jpg",640,428,true],"large":["https:\/\/noticiasbahia360.com.br\/wp-content\/uploads\/2026\/04\/dia-do-trabalhador--1024x684.jpg",640,428,true],"1536x1536":["https:\/\/noticiasbahia360.com.br\/wp-content\/uploads\/2026\/04\/dia-do-trabalhador-.jpg",1200,801,false],"2048x2048":["https:\/\/noticiasbahia360.com.br\/wp-content\/uploads\/2026\/04\/dia-do-trabalhador-.jpg",1200,801,false],"chromenews-featured":["https:\/\/noticiasbahia360.com.br\/wp-content\/uploads\/2026\/04\/dia-do-trabalhador--1024x684.jpg",1024,684,true],"chromenews-large":["https:\/\/noticiasbahia360.com.br\/wp-content\/uploads\/2026\/04\/dia-do-trabalhador--825x575.jpg",825,575,true],"chromenews-medium":["https:\/\/noticiasbahia360.com.br\/wp-content\/uploads\/2026\/04\/dia-do-trabalhador--590x410.jpg",590,410,true]},"author_info":{"display_name":"noticiasbahia360.com.br","author_link":"https:\/\/noticiasbahia360.com.br\/?author=1"},"category_info":"<a href=\"https:\/\/noticiasbahia360.com.br\/?cat=8\" rel=\"category\">Bahia<\/a> <a href=\"https:\/\/noticiasbahia360.com.br\/?cat=9\" rel=\"category\">Brasil<\/a> <a href=\"https:\/\/noticiasbahia360.com.br\/?cat=6\" rel=\"category\">Feira de Santana<\/a> <a href=\"https:\/\/noticiasbahia360.com.br\/?cat=57\" rel=\"category\">Mundo<\/a> <a href=\"https:\/\/noticiasbahia360.com.br\/?cat=56\" rel=\"category\">Pol\u00edcia<\/a> <a href=\"https:\/\/noticiasbahia360.com.br\/?cat=10\" rel=\"category\">Pol\u00edtica<\/a>","tag_info":"Pol\u00edtica","comment_count":"0","_links":{"self":[{"href":"https:\/\/noticiasbahia360.com.br\/index.php?rest_route=\/wp\/v2\/posts\/129093","targetHints":{"allow":["GET"]}}],"collection":[{"href":"https:\/\/noticiasbahia360.com.br\/index.php?rest_route=\/wp\/v2\/posts"}],"about":[{"href":"https:\/\/noticiasbahia360.com.br\/index.php?rest_route=\/wp\/v2\/types\/post"}],"author":[{"embeddable":true,"href":"https:\/\/noticiasbahia360.com.br\/index.php?rest_route=\/wp\/v2\/users\/1"}],"replies":[{"embeddable":true,"href":"https:\/\/noticiasbahia360.com.br\/index.php?rest_route=%2Fwp%2Fv2%2Fcomments&post=129093"}],"version-history":[{"count":0,"href":"https:\/\/noticiasbahia360.com.br\/index.php?rest_route=\/wp\/v2\/posts\/129093\/revisions"}],"wp:featuredmedia":[{"embeddable":true,"href":"https:\/\/noticiasbahia360.com.br\/index.php?rest_route=\/wp\/v2\/media\/129094"}],"wp:attachment":[{"href":"https:\/\/noticiasbahia360.com.br\/index.php?rest_route=%2Fwp%2Fv2%2Fmedia&parent=129093"}],"wp:term":[{"taxonomy":"category","embeddable":true,"href":"https:\/\/noticiasbahia360.com.br\/index.php?rest_route=%2Fwp%2Fv2%2Fcategories&post=129093"},{"taxonomy":"post_tag","embeddable":true,"href":"https:\/\/noticiasbahia360.com.br\/index.php?rest_route=%2Fwp%2Fv2%2Ftags&post=129093"}],"curies":[{"name":"wp","href":"https:\/\/api.w.org\/{rel}","templated":true}]}}