{"id":129099,"date":"2026-04-30T16:51:11","date_gmt":"2026-04-30T19:51:11","guid":{"rendered":"https:\/\/noticiasbahia360.com.br\/?p=129099"},"modified":"2026-04-30T16:51:11","modified_gmt":"2026-04-30T19:51:11","slug":"ritual-do-povo-pataxo-ganhara-destaque-em-exposicao-na-europa","status":"publish","type":"post","link":"https:\/\/noticiasbahia360.com.br\/?p=129099","title":{"rendered":"Ritual do povo Patax\u00f3 ganhar\u00e1 destaque em exposi\u00e7\u00e3o na Europa"},"content":{"rendered":"<div>\n<div>\n<figure><img decoding=\"async\" src=\"http:\/\/noticiasbahia360.com.br\/wp-content\/uploads\/2026\/04\/Aragwaksa-A-Grande-Conquista-do-Territorio-Foto-Pedro-Nunes-300426.jpg\" alt=\"Ritual do povo Patax\u00f3 ganhar\u00e1 destaque em exposi\u00e7\u00e3o na Europa\"><figcaption>Foto: Pedro Nunes <\/figcaption><\/figure>\n<\/div>\n<p>O cotidiano e a espiritualidade do povo Patax\u00f3 de Porto Seguro ganhar\u00e3o destaque no leste da Europa. A exposi\u00e7\u00e3o \u201cAragwaks\u00e3 \u2013 A Grande Conquista do Territ\u00f3rio\u201d ser\u00e1 realizada no dia 15 de maio na cidade de Pazardzhik, na Bulg\u00e1ria.<\/p>\n<p>Com curadoria de Uiler Costa, a mostra \u00e9 composta por registros feitos ao longo de uma d\u00e9cada pelo fot\u00f3grafo Pedro Nunes na Reserva da Junqueira. O principal destaque da exposi\u00e7\u00e3o ser\u00e1 o Aragwaks\u00e3, ritual que celebra a funda\u00e7\u00e3o da aldeia e a reconquista da terra ancestral, como informou o Radar News, site parceiro do Acorda Cidade.<\/p>\n<figure class=\"wp-block-image size-full\"><img fetchpriority=\"high\" fetchpriority=\"high\" decoding=\"async\" width=\"1200\" height=\"799\" src=\"http:\/\/noticiasbahia360.com.br\/wp-content\/uploads\/2026\/04\/Aragwaksa-A-Grande-Conquista-do-Territorio-Foto-Pedro-Nunes-300426-2.jpg\" alt=\"Ritual do povo Patax\u00f3 ganhar\u00e1 destaque em exposi\u00e7\u00e3o na Europa\" class=\"wp-image-651399\" srcset=\"http:\/\/noticiasbahia360.com.br\/wp-content\/uploads\/2026\/04\/Aragwaksa-A-Grande-Conquista-do-Territorio-Foto-Pedro-Nunes-300426-2.jpg 1200w, https:\/\/uploads.acordacidade.com.br\/2026\/04\/Aragwaksa-A-Grande-Conquista-do-Territorio-Foto-Pedro-Nunes-300426-2-750x499.jpg 750w, https:\/\/uploads.acordacidade.com.br\/2026\/04\/Aragwaksa-A-Grande-Conquista-do-Territorio-Foto-Pedro-Nunes-300426-2-1000x666.jpg 1000w, https:\/\/uploads.acordacidade.com.br\/2026\/04\/Aragwaksa-A-Grande-Conquista-do-Territorio-Foto-Pedro-Nunes-300426-2-450x300.jpg 450w, https:\/\/uploads.acordacidade.com.br\/2026\/04\/Aragwaksa-A-Grande-Conquista-do-Territorio-Foto-Pedro-Nunes-300426-2-150x100.jpg 150w\" sizes=\"(max-width: 1200px) 100vw, 1200px\"><figcaption class=\"wp-element-caption\">Foto: Pedro Nunes <\/figcaption><\/figure>\n<p>As fotografias detalham pinturas corporais e o ritmo do Aw\u00ea, al\u00e9m da tradicional corrida de tora do povo Patax\u00f3. Para Pedro, o trabalho \u00e9 uma miss\u00e3o de prote\u00e7\u00e3o, que garante a preserva\u00e7\u00e3o da mem\u00f3ria dos povos origin\u00e1rios, levando a cultura ancestral brasileira para o mundo.<\/p>\n<figure class=\"wp-block-image size-full\"><img decoding=\"async\" width=\"1200\" height=\"804\" src=\"http:\/\/noticiasbahia360.com.br\/wp-content\/uploads\/2026\/04\/Fotografo-Pedro-Nunes-interage-com-crianca-na-Aldeia-Pataxo-da-Jaqueira-Foto-Flora-Brito-300426.jpg\" alt=\"Fot\u00f3grafo Pedro Nunes interage com crian\u00e7a na Aldeia Patax\u00f3 da Jaqueira\" class=\"wp-image-651400\" srcset=\"http:\/\/noticiasbahia360.com.br\/wp-content\/uploads\/2026\/04\/Fotografo-Pedro-Nunes-interage-com-crianca-na-Aldeia-Pataxo-da-Jaqueira-Foto-Flora-Brito-300426.jpg 1200w, https:\/\/uploads.acordacidade.com.br\/2026\/04\/Fotografo-Pedro-Nunes-interage-com-crianca-na-Aldeia-Pataxo-da-Jaqueira-Foto-Flora-Brito-300426-750x503.jpg 750w, https:\/\/uploads.acordacidade.com.br\/2026\/04\/Fotografo-Pedro-Nunes-interage-com-crianca-na-Aldeia-Pataxo-da-Jaqueira-Foto-Flora-Brito-300426-1000x670.jpg 1000w, https:\/\/uploads.acordacidade.com.br\/2026\/04\/Fotografo-Pedro-Nunes-interage-com-crianca-na-Aldeia-Pataxo-da-Jaqueira-Foto-Flora-Brito-300426-450x302.jpg 450w, https:\/\/uploads.acordacidade.com.br\/2026\/04\/Fotografo-Pedro-Nunes-interage-com-crianca-na-Aldeia-Pataxo-da-Jaqueira-Foto-Flora-Brito-300426-150x101.jpg 150w\" sizes=\"(max-width: 1200px) 100vw, 1200px\"><figcaption class=\"wp-element-caption\">Fot\u00f3grafo Pedro Nunes interage com crian\u00e7a na Aldeia Patax\u00f3 da Jaqueira | Foto: Flora Brito <\/figcaption><\/figure>\n<p>\u201cAragwaks\u00e3 \u2013 A Grande Conquista do Territ\u00f3rio\u201d ficar\u00e1 em cartaz na Casa da Juventude, na Bulg\u00e1ria, at\u00e9 26 de junho. O projeto tem apoio do Instituto Patax\u00f3 de Etnoturismo e do Zenon Instituto Cultural.<\/p>\n<p><em>Siga o Acorda Cidade no\u00a0<\/em><a href=\"https:\/\/news.google.com\/search?q=acorda%20cidade&amp;hl=pt-BR&amp;gl=BR&amp;ceid=BR%3Apt-419\"><strong><em>Google Not\u00edcias<\/em><\/strong><\/a><em>\u00a0e receba os principais destaques do dia. Participe tamb\u00e9m dos nossos canais no\u00a0<\/em><a href=\"https:\/\/www.whatsapp.com\/channel\/0029Va6Rb4v3WHTNnsh8WI3N\"><strong><em>WhatsApp<\/em><\/strong><\/a><em>\u00a0e\u00a0<\/em><a href=\"https:\/\/www.youtube.com\/@acordacidadenoticias\/videos\"><strong>YouTube<\/strong><\/a><em>\u00a0e grupo de\u00a0<\/em><a href=\"https:\/\/t.me\/+sSz0khrgARA0ZmRh\"><strong><em>Telegram<\/em><\/strong><\/a><em>.<\/em><\/p>\n<\/div>\n","protected":false},"excerpt":{"rendered":"<div>\n<div>\n<figure><img decoding=\"async\" src=\"https:\/\/uploads.acordacidade.com.br\/2026\/04\/Aragwaksa-A-Grande-Conquista-do-Territorio-Foto-Pedro-Nunes-300426.jpg\" alt=\"Ritual do povo Patax\u00f3 ganhar\u00e1 destaque em exposi\u00e7\u00e3o na Europa\"><figcaption>Foto: Pedro Nunes <\/figcaption><\/figure>\n<\/div>\n<p>O principal destaque da exposi\u00e7\u00e3o ser\u00e1 o Aragwaks\u00e3, ritual que celebra a funda\u00e7\u00e3o da aldeia e a reconquista da terra ancestral.<\/p><\/div>\n","protected":false},"author":1,"featured_media":129100,"comment_status":"closed","ping_status":"closed","sticky":false,"template":"","format":"gallery","meta":{"footnotes":""},"categories":[8,9,6,57,56,10],"tags":[],"class_list":["post-129099","post","type-post","status-publish","format-gallery","has-post-thumbnail","hentry","category-bahia","category-brasil","category-feira-de-santana","category-mundo","category-policia","category-politica","post_format-post-format-gallery"],"featured_image_urls":{"full":["https:\/\/noticiasbahia360.com.br\/wp-content\/uploads\/2026\/04\/Aragwaksa-A-Grande-Conquista-do-Territorio-Foto-Pedro-Nunes-300426.jpg",1200,797,false],"thumbnail":["https:\/\/noticiasbahia360.com.br\/wp-content\/uploads\/2026\/04\/Aragwaksa-A-Grande-Conquista-do-Territorio-Foto-Pedro-Nunes-300426-150x150.jpg",150,150,true],"medium":["https:\/\/noticiasbahia360.com.br\/wp-content\/uploads\/2026\/04\/Aragwaksa-A-Grande-Conquista-do-Territorio-Foto-Pedro-Nunes-300426-300x199.jpg",300,199,true],"medium_large":["https:\/\/noticiasbahia360.com.br\/wp-content\/uploads\/2026\/04\/Aragwaksa-A-Grande-Conquista-do-Territorio-Foto-Pedro-Nunes-300426-768x510.jpg",640,425,true],"large":["https:\/\/noticiasbahia360.com.br\/wp-content\/uploads\/2026\/04\/Aragwaksa-A-Grande-Conquista-do-Territorio-Foto-Pedro-Nunes-300426-1024x680.jpg",640,425,true],"1536x1536":["https:\/\/noticiasbahia360.com.br\/wp-content\/uploads\/2026\/04\/Aragwaksa-A-Grande-Conquista-do-Territorio-Foto-Pedro-Nunes-300426.jpg",1200,797,false],"2048x2048":["https:\/\/noticiasbahia360.com.br\/wp-content\/uploads\/2026\/04\/Aragwaksa-A-Grande-Conquista-do-Territorio-Foto-Pedro-Nunes-300426.jpg",1200,797,false],"chromenews-featured":["https:\/\/noticiasbahia360.com.br\/wp-content\/uploads\/2026\/04\/Aragwaksa-A-Grande-Conquista-do-Territorio-Foto-Pedro-Nunes-300426-1024x680.jpg",1024,680,true],"chromenews-large":["https:\/\/noticiasbahia360.com.br\/wp-content\/uploads\/2026\/04\/Aragwaksa-A-Grande-Conquista-do-Territorio-Foto-Pedro-Nunes-300426-825x575.jpg",825,575,true],"chromenews-medium":["https:\/\/noticiasbahia360.com.br\/wp-content\/uploads\/2026\/04\/Aragwaksa-A-Grande-Conquista-do-Territorio-Foto-Pedro-Nunes-300426-590x410.jpg",590,410,true]},"author_info":{"display_name":"noticiasbahia360.com.br","author_link":"https:\/\/noticiasbahia360.com.br\/?author=1"},"category_info":"<a href=\"https:\/\/noticiasbahia360.com.br\/?cat=8\" rel=\"category\">Bahia<\/a> <a href=\"https:\/\/noticiasbahia360.com.br\/?cat=9\" rel=\"category\">Brasil<\/a> <a href=\"https:\/\/noticiasbahia360.com.br\/?cat=6\" rel=\"category\">Feira de Santana<\/a> <a href=\"https:\/\/noticiasbahia360.com.br\/?cat=57\" rel=\"category\">Mundo<\/a> <a href=\"https:\/\/noticiasbahia360.com.br\/?cat=56\" rel=\"category\">Pol\u00edcia<\/a> <a href=\"https:\/\/noticiasbahia360.com.br\/?cat=10\" rel=\"category\">Pol\u00edtica<\/a>","tag_info":"Pol\u00edtica","comment_count":"0","_links":{"self":[{"href":"https:\/\/noticiasbahia360.com.br\/index.php?rest_route=\/wp\/v2\/posts\/129099","targetHints":{"allow":["GET"]}}],"collection":[{"href":"https:\/\/noticiasbahia360.com.br\/index.php?rest_route=\/wp\/v2\/posts"}],"about":[{"href":"https:\/\/noticiasbahia360.com.br\/index.php?rest_route=\/wp\/v2\/types\/post"}],"author":[{"embeddable":true,"href":"https:\/\/noticiasbahia360.com.br\/index.php?rest_route=\/wp\/v2\/users\/1"}],"replies":[{"embeddable":true,"href":"https:\/\/noticiasbahia360.com.br\/index.php?rest_route=%2Fwp%2Fv2%2Fcomments&post=129099"}],"version-history":[{"count":0,"href":"https:\/\/noticiasbahia360.com.br\/index.php?rest_route=\/wp\/v2\/posts\/129099\/revisions"}],"wp:featuredmedia":[{"embeddable":true,"href":"https:\/\/noticiasbahia360.com.br\/index.php?rest_route=\/wp\/v2\/media\/129100"}],"wp:attachment":[{"href":"https:\/\/noticiasbahia360.com.br\/index.php?rest_route=%2Fwp%2Fv2%2Fmedia&parent=129099"}],"wp:term":[{"taxonomy":"category","embeddable":true,"href":"https:\/\/noticiasbahia360.com.br\/index.php?rest_route=%2Fwp%2Fv2%2Fcategories&post=129099"},{"taxonomy":"post_tag","embeddable":true,"href":"https:\/\/noticiasbahia360.com.br\/index.php?rest_route=%2Fwp%2Fv2%2Ftags&post=129099"}],"curies":[{"name":"wp","href":"https:\/\/api.w.org\/{rel}","templated":true}]}} 