{"id":129103,"date":"2026-04-30T16:56:37","date_gmt":"2026-04-30T19:56:37","guid":{"rendered":"https:\/\/noticiasbahia360.com.br\/?p=129103"},"modified":"2026-04-30T16:56:37","modified_gmt":"2026-04-30T19:56:37","slug":"homem-que-matou-jovem-de-22-anos-no-proprio-aniversario-e-condenado-a-30-anos-de-prisao-em-irece","status":"publish","type":"post","link":"https:\/\/noticiasbahia360.com.br\/?p=129103","title":{"rendered":"Homem que matou jovem de 22 anos no pr\u00f3prio anivers\u00e1rio \u00e9 condenado a 30 anos de pris\u00e3o em Irec\u00ea"},"content":{"rendered":"<div>\n<div>\n<figure><img decoding=\"async\" src=\"http:\/\/noticiasbahia360.com.br\/wp-content\/uploads\/2026\/04\/MPBA-e-Draco-PCBA-foto-MP-operacao-primus-II.jpg\" alt=\"MPBA e Draco (PCBA)\"><figcaption>Foto: MPBA<\/figcaption><\/figure>\n<\/div>\n<p>O Tribunal do J\u00fari da Comarca de <a href=\"https:\/\/www.acordacidade.com.br\/tag\/irece\/\" type=\"post_tag\" id=\"37122\">Irec\u00ea <\/a>condenou, na ter\u00e7a-feira (28), um homem a 30 anos de pris\u00e3o pelo crime de homic\u00eddio qualificado, na modalidade feminic\u00eddio, que teve como v\u00edtima uma jovem de 22 anos. A decis\u00e3o acolheu integralmente a den\u00fancia conduzida pelo Minist\u00e9rio P\u00fablico do Estado da Bahia,\u00a0por meio do promotor de Justi\u00e7a Bruno Carib\u00e9.\u00a0\u00a0<\/p>\n<p>De acordo com a den\u00fancia, o crime foi praticado no dia 10 de julho de 2022, mediante o uso de arma branca. A v\u00edtima foi morta\u00a0no dia em que comemorava 22 anos,\u00a0dentro de uma resid\u00eancia, na presen\u00e7a de crian\u00e7as, uma delas seu\u00a0filho.\u00a0<\/p>\n<p>Durante o julgamento, os jurados reconheceram\u00a0que o crime foi cometido por\u00a0motivo f\u00fatil\u00a0(ci\u00fames),\u00a0praticado de forma\u00a0cruel,\u00a0eliminando qualquer possibilidade de defesa da v\u00edtima.\u00a0Na senten\u00e7a, o juiz fixou a pena em 30 anos de pris\u00e3o, a ser cumprida em regime fechado.<\/p>\n<p><em>Siga o Acorda Cidade no\u00a0<\/em><a href=\"https:\/\/news.google.com\/search?q=acorda%20cidade&amp;hl=pt-BR&amp;gl=BR&amp;ceid=BR%3Apt-419\"><strong><em>Google Not\u00edcias<\/em><\/strong><\/a><em>\u00a0e receba os principais destaques do dia. Participe tamb\u00e9m dos nossos canais no\u00a0<\/em><a href=\"https:\/\/www.whatsapp.com\/channel\/0029Va6Rb4v3WHTNnsh8WI3N\"><strong><em>WhatsApp<\/em><\/strong><\/a><em>\u00a0e\u00a0<\/em><a href=\"https:\/\/www.youtube.com\/@acordacidadenoticias\/videos\"><strong>YouTube<\/strong><\/a><em>\u00a0e grupo de\u00a0<\/em><a href=\"https:\/\/t.me\/+sSz0khrgARA0ZmRh\"><strong><em>Telegram<\/em><\/strong><\/a><em>.<\/em><\/p>\n<\/p>\n<\/div>\n","protected":false},"excerpt":{"rendered":"<div>\n<div>\n<figure><img decoding=\"async\" src=\"https:\/\/www.acordacidade.com.br\/wp-content\/uploads\/2025\/12\/MPBA-e-Draco-PCBA-foto-MP-operacao-primus-II.jpg\" alt=\"MPBA e Draco (PCBA)\"><figcaption>Foto: MPBA<\/figcaption><\/figure>\n<\/div>\n<p>De acordo com a den\u00fancia, o homem praticou o crime no dia 10 de julho de 2022, mediante o uso de arma branca.<\/p><\/div>\n","protected":false},"author":1,"featured_media":129104,"comment_status":"closed","ping_status":"closed","sticky":false,"template":"","format":"gallery","meta":{"footnotes":""},"categories":[8,9,6,57,56,10],"tags":[],"class_list":["post-129103","post","type-post","status-publish","format-gallery","has-post-thumbnail","hentry","category-bahia","category-brasil","category-feira-de-santana","category-mundo","category-policia","category-politica","post_format-post-format-gallery"],"featured_image_urls":{"full":["https:\/\/noticiasbahia360.com.br\/wp-content\/uploads\/2026\/04\/MPBA-e-Draco-PCBA-foto-MP-operacao-primus-II.jpg",1200,800,false],"thumbnail":["https:\/\/noticiasbahia360.com.br\/wp-content\/uploads\/2026\/04\/MPBA-e-Draco-PCBA-foto-MP-operacao-primus-II-150x150.jpg",150,150,true],"medium":["https:\/\/noticiasbahia360.com.br\/wp-content\/uploads\/2026\/04\/MPBA-e-Draco-PCBA-foto-MP-operacao-primus-II-300x200.jpg",300,200,true],"medium_large":["https:\/\/noticiasbahia360.com.br\/wp-content\/uploads\/2026\/04\/MPBA-e-Draco-PCBA-foto-MP-operacao-primus-II-768x512.jpg",640,427,true],"large":["https:\/\/noticiasbahia360.com.br\/wp-content\/uploads\/2026\/04\/MPBA-e-Draco-PCBA-foto-MP-operacao-primus-II-1024x683.jpg",640,427,true],"1536x1536":["https:\/\/noticiasbahia360.com.br\/wp-content\/uploads\/2026\/04\/MPBA-e-Draco-PCBA-foto-MP-operacao-primus-II.jpg",1200,800,false],"2048x2048":["https:\/\/noticiasbahia360.com.br\/wp-content\/uploads\/2026\/04\/MPBA-e-Draco-PCBA-foto-MP-operacao-primus-II.jpg",1200,800,false],"chromenews-featured":["https:\/\/noticiasbahia360.com.br\/wp-content\/uploads\/2026\/04\/MPBA-e-Draco-PCBA-foto-MP-operacao-primus-II-1024x683.jpg",1024,683,true],"chromenews-large":["https:\/\/noticiasbahia360.com.br\/wp-content\/uploads\/2026\/04\/MPBA-e-Draco-PCBA-foto-MP-operacao-primus-II-825x575.jpg",825,575,true],"chromenews-medium":["https:\/\/noticiasbahia360.com.br\/wp-content\/uploads\/2026\/04\/MPBA-e-Draco-PCBA-foto-MP-operacao-primus-II-590x410.jpg",590,410,true]},"author_info":{"display_name":"noticiasbahia360.com.br","author_link":"https:\/\/noticiasbahia360.com.br\/?author=1"},"category_info":"<a href=\"https:\/\/noticiasbahia360.com.br\/?cat=8\" rel=\"category\">Bahia<\/a> <a href=\"https:\/\/noticiasbahia360.com.br\/?cat=9\" rel=\"category\">Brasil<\/a> <a href=\"https:\/\/noticiasbahia360.com.br\/?cat=6\" rel=\"category\">Feira de Santana<\/a> <a href=\"https:\/\/noticiasbahia360.com.br\/?cat=57\" rel=\"category\">Mundo<\/a> <a href=\"https:\/\/noticiasbahia360.com.br\/?cat=56\" rel=\"category\">Pol\u00edcia<\/a> <a href=\"https:\/\/noticiasbahia360.com.br\/?cat=10\" rel=\"category\">Pol\u00edtica<\/a>","tag_info":"Pol\u00edtica","comment_count":"0","_links":{"self":[{"href":"https:\/\/noticiasbahia360.com.br\/index.php?rest_route=\/wp\/v2\/posts\/129103","targetHints":{"allow":["GET"]}}],"collection":[{"href":"https:\/\/noticiasbahia360.com.br\/index.php?rest_route=\/wp\/v2\/posts"}],"about":[{"href":"https:\/\/noticiasbahia360.com.br\/index.php?rest_route=\/wp\/v2\/types\/post"}],"author":[{"embeddable":true,"href":"https:\/\/noticiasbahia360.com.br\/index.php?rest_route=\/wp\/v2\/users\/1"}],"replies":[{"embeddable":true,"href":"https:\/\/noticiasbahia360.com.br\/index.php?rest_route=%2Fwp%2Fv2%2Fcomments&post=129103"}],"version-history":[{"count":0,"href":"https:\/\/noticiasbahia360.com.br\/index.php?rest_route=\/wp\/v2\/posts\/129103\/revisions"}],"wp:featuredmedia":[{"embeddable":true,"href":"https:\/\/noticiasbahia360.com.br\/index.php?rest_route=\/wp\/v2\/media\/129104"}],"wp:attachment":[{"href":"https:\/\/noticiasbahia360.com.br\/index.php?rest_route=%2Fwp%2Fv2%2Fmedia&parent=129103"}],"wp:term":[{"taxonomy":"category","embeddable":true,"href":"https:\/\/noticiasbahia360.com.br\/index.php?rest_route=%2Fwp%2Fv2%2Fcategories&post=129103"},{"taxonomy":"post_tag","embeddable":true,"href":"https:\/\/noticiasbahia360.com.br\/index.php?rest_route=%2Fwp%2Fv2%2Ftags&post=129103"}],"curies":[{"name":"wp","href":"https:\/\/api.w.org\/{rel}","templated":true}]}}