{"id":129105,"date":"2026-04-30T17:16:01","date_gmt":"2026-04-30T20:16:01","guid":{"rendered":"https:\/\/noticiasbahia360.com.br\/?p=129105"},"modified":"2026-04-30T17:16:01","modified_gmt":"2026-04-30T20:16:01","slug":"homem-de-19-anos-e-preso-por-suspeita-de-latrocinio-em-stella-maris","status":"publish","type":"post","link":"https:\/\/noticiasbahia360.com.br\/?p=129105","title":{"rendered":"Homem de 19 anos \u00e9 preso por suspeita de latroc\u00ednio em Stella Maris"},"content":{"rendered":"<div>\n<div>\n<figure><img decoding=\"async\" src=\"http:\/\/noticiasbahia360.com.br\/wp-content\/uploads\/2026\/04\/policia-civil-deic.jpg\" alt=\"pol\u00edcia civil Deic\"><figcaption>Foto: Divulga\u00e7\u00e3o\/ PCBA<\/figcaption><\/figure>\n<\/div>\n<p>A Pol\u00edcia Civil deflagrou, na manh\u00e3 desta quinta-feira (30), a Opera\u00e7\u00e3o Faixa de Areia, que resultou na pris\u00e3o de um homem, de 19 anos, investigado pelo crime de latroc\u00ednio. O crime ocorreu em fevereiro deste ano, no bairro de Stella Maris, em Salvador (BA), tendo como v\u00edtima Kelvin Gomes de Souza, de 27 anos, que foi alvejado por disparos de arma de fogo.<\/p>\n<p>Segundo investiga\u00e7\u00f5es conduzidas pela Delegacia de Repress\u00e3o a Furtos e Roubos de Ve\u00edculos (DRFV), unidade pertencente ao Departamento Especializado de Investiga\u00e7\u00f5es Criminais (Deic), dois homens, que estavam em um autom\u00f3vel, subtra\u00edram o ve\u00edculo da v\u00edtima e efetuaram disparos de arma de fogo contra ela. O corpo foi encontrado em uma faixa de areia de uma praia da regi\u00e3o.<\/p>\n<p>Durante as dilig\u00eancias, o ve\u00edculo utilizado na a\u00e7\u00e3o criminosa foi localizado abandonado nas imedia\u00e7\u00f5es do bairro Vila Verde, em Mussurunga. O suspeito foi localizado pelas equipes policiais no bairro de S\u00e3o Crist\u00f3v\u00e3o.<\/p>\n<p>A Opera\u00e7\u00e3o Faixa de Areia, deflagrada pela DRFV, teve apoio da Delegacia Especializada de Repress\u00e3o a Roubos em Coletivos (Derrc), da Delegacia Especializada Antissequestro (DAS) e da Coordena\u00e7\u00e3o de Repress\u00e3o a Furtos e Roubos Contra Institui\u00e7\u00f5es Financeiras.<\/p>\n<p>O investigado foi conduzido \u00e0 unidade policial, onde foi cumprido um mandado de pris\u00e3o preventiva em seu desfavor. Ele segue custodiado, \u00e0 disposi\u00e7\u00e3o do Poder Judici\u00e1rio. As investiga\u00e7\u00f5es seguem em curso, com o objetivo de esclarecer completamente a din\u00e2mica do crime, identificar outros envolvidos e promover a responsabiliza\u00e7\u00e3o penal de todos os investigados.<\/p>\n<p><em>Siga o Acorda Cidade no\u00a0<\/em><a href=\"https:\/\/news.google.com\/search?q=acorda%20cidade&amp;hl=pt-BR&amp;gl=BR&amp;ceid=BR%3Apt-419\"><strong><em>Google Not\u00edcias<\/em><\/strong><\/a><em>\u00a0e receba os principais destaques do dia. Participe tamb\u00e9m dos nossos canais no\u00a0<\/em><a href=\"https:\/\/www.whatsapp.com\/channel\/0029Va6Rb4v3WHTNnsh8WI3N\"><strong><em>WhatsApp<\/em><\/strong><\/a><em>\u00a0e\u00a0<\/em><a href=\"https:\/\/www.youtube.com\/@acordacidadenoticias\/videos\"><strong>YouTube<\/strong><\/a><em>\u00a0e grupo de\u00a0<\/em><a href=\"https:\/\/t.me\/+sSz0khrgARA0ZmRh\"><strong><em>Telegram<\/em><\/strong><\/a><em>.<\/em><\/p>\n<\/div>\n","protected":false},"excerpt":{"rendered":"<div>\n<div>\n<figure><img decoding=\"async\" src=\"https:\/\/uploads.acordacidade.com.br\/2026\/04\/policia-civil-deic.jpg\" alt=\"pol\u00edcia civil Deic\"><figcaption>Foto: Divulga\u00e7\u00e3o\/ PCBA<\/figcaption><\/figure>\n<\/div>\n<p>O corpo da v\u00edtima, identificada como Kelvin Gomes de Souza, foi encontrado em uma faixa de areia de uma praia da regi\u00e3o.<\/p><\/div>\n","protected":false},"author":1,"featured_media":129106,"comment_status":"closed","ping_status":"closed","sticky":false,"template":"","format":"gallery","meta":{"footnotes":""},"categories":[8,9,6,57,56,10],"tags":[],"class_list":["post-129105","post","type-post","status-publish","format-gallery","has-post-thumbnail","hentry","category-bahia","category-brasil","category-feira-de-santana","category-mundo","category-policia","category-politica","post_format-post-format-gallery"],"featured_image_urls":{"full":["https:\/\/noticiasbahia360.com.br\/wp-content\/uploads\/2026\/04\/policia-civil-deic.jpg",1200,900,false],"thumbnail":["https:\/\/noticiasbahia360.com.br\/wp-content\/uploads\/2026\/04\/policia-civil-deic-150x150.jpg",150,150,true],"medium":["https:\/\/noticiasbahia360.com.br\/wp-content\/uploads\/2026\/04\/policia-civil-deic-300x225.jpg",300,225,true],"medium_large":["https:\/\/noticiasbahia360.com.br\/wp-content\/uploads\/2026\/04\/policia-civil-deic-768x576.jpg",640,480,true],"large":["https:\/\/noticiasbahia360.com.br\/wp-content\/uploads\/2026\/04\/policia-civil-deic-1024x768.jpg",640,480,true],"1536x1536":["https:\/\/noticiasbahia360.com.br\/wp-content\/uploads\/2026\/04\/policia-civil-deic.jpg",1200,900,false],"2048x2048":["https:\/\/noticiasbahia360.com.br\/wp-content\/uploads\/2026\/04\/policia-civil-deic.jpg",1200,900,false],"chromenews-featured":["https:\/\/noticiasbahia360.com.br\/wp-content\/uploads\/2026\/04\/policia-civil-deic-1024x768.jpg",1024,768,true],"chromenews-large":["https:\/\/noticiasbahia360.com.br\/wp-content\/uploads\/2026\/04\/policia-civil-deic-825x575.jpg",825,575,true],"chromenews-medium":["https:\/\/noticiasbahia360.com.br\/wp-content\/uploads\/2026\/04\/policia-civil-deic-590x410.jpg",590,410,true]},"author_info":{"display_name":"noticiasbahia360.com.br","author_link":"https:\/\/noticiasbahia360.com.br\/?author=1"},"category_info":"<a href=\"https:\/\/noticiasbahia360.com.br\/?cat=8\" rel=\"category\">Bahia<\/a> <a href=\"https:\/\/noticiasbahia360.com.br\/?cat=9\" rel=\"category\">Brasil<\/a> <a href=\"https:\/\/noticiasbahia360.com.br\/?cat=6\" rel=\"category\">Feira de Santana<\/a> <a href=\"https:\/\/noticiasbahia360.com.br\/?cat=57\" rel=\"category\">Mundo<\/a> <a href=\"https:\/\/noticiasbahia360.com.br\/?cat=56\" rel=\"category\">Pol\u00edcia<\/a> <a href=\"https:\/\/noticiasbahia360.com.br\/?cat=10\" rel=\"category\">Pol\u00edtica<\/a>","tag_info":"Pol\u00edtica","comment_count":"0","_links":{"self":[{"href":"https:\/\/noticiasbahia360.com.br\/index.php?rest_route=\/wp\/v2\/posts\/129105","targetHints":{"allow":["GET"]}}],"collection":[{"href":"https:\/\/noticiasbahia360.com.br\/index.php?rest_route=\/wp\/v2\/posts"}],"about":[{"href":"https:\/\/noticiasbahia360.com.br\/index.php?rest_route=\/wp\/v2\/types\/post"}],"author":[{"embeddable":true,"href":"https:\/\/noticiasbahia360.com.br\/index.php?rest_route=\/wp\/v2\/users\/1"}],"replies":[{"embeddable":true,"href":"https:\/\/noticiasbahia360.com.br\/index.php?rest_route=%2Fwp%2Fv2%2Fcomments&post=129105"}],"version-history":[{"count":0,"href":"https:\/\/noticiasbahia360.com.br\/index.php?rest_route=\/wp\/v2\/posts\/129105\/revisions"}],"wp:featuredmedia":[{"embeddable":true,"href":"https:\/\/noticiasbahia360.com.br\/index.php?rest_route=\/wp\/v2\/media\/129106"}],"wp:attachment":[{"href":"https:\/\/noticiasbahia360.com.br\/index.php?rest_route=%2Fwp%2Fv2%2Fmedia&parent=129105"}],"wp:term":[{"taxonomy":"category","embeddable":true,"href":"https:\/\/noticiasbahia360.com.br\/index.php?rest_route=%2Fwp%2Fv2%2Fcategories&post=129105"},{"taxonomy":"post_tag","embeddable":true,"href":"https:\/\/noticiasbahia360.com.br\/index.php?rest_route=%2Fwp%2Fv2%2Ftags&post=129105"}],"curies":[{"name":"wp","href":"https:\/\/api.w.org\/{rel}","templated":true}]}}