{"id":129109,"date":"2026-04-30T17:21:00","date_gmt":"2026-04-30T20:21:00","guid":{"rendered":"https:\/\/noticiasbahia360.com.br\/?p=129109"},"modified":"2026-04-30T17:21:00","modified_gmt":"2026-04-30T20:21:00","slug":"criminosos-atacam-fazenda-e-torturam-funcionarios-na-bahia","status":"publish","type":"post","link":"https:\/\/noticiasbahia360.com.br\/?p=129109","title":{"rendered":"Criminosos atacam fazenda e torturam funcion\u00e1rios na Bahia"},"content":{"rendered":"<div>\n<div>\n<figure><img decoding=\"async\" src=\"http:\/\/noticiasbahia360.com.br\/wp-content\/uploads\/2026\/04\/Criminosos-atacam-fazenda-e-torturam-funcionarios-na-Bahia-Foto-Reproducao-Radar-News.jpg\" alt=\"Criminosos atacam fazenda e torturam funcion\u00e1rios na Bahia\"><figcaption>Foto: Reprodu\u00e7\u00e3o\/ Radar News<\/figcaption><\/figure>\n<\/div>\n<p>Criminosos fortemente armados invadiram uma fazenda na zona rural de Porto Seguro, na \u00faltima quarta-feira (29). O grupo provocou terror e manteve funcion\u00e1rios sob tortura em busca de um suposto cofre.<\/p>\n<p>Segundo o Radar News, site parceiro do Acorda Cidade, os assaltantes atingiram o gerente da propriedade com disparos de arma de fogo, al\u00e9m do encarregado que tamb\u00e9m foi esfaqueado na perna. As v\u00edtimas foram socorridas para o Hospital Geral de Eun\u00e1polis.<\/p>\n<figure class=\"wp-block-image size-full\"><img fetchpriority=\"high\" fetchpriority=\"high\" decoding=\"async\" width=\"1200\" height=\"889\" src=\"http:\/\/noticiasbahia360.com.br\/wp-content\/uploads\/2026\/04\/Criminosos-atacam-fazenda-e-torturam-funcionarios-na-Bahia-Foto-Bahia-Dia-a-Dia-300426.jpg\" alt=\"Criminosos atacam fazenda e torturam funcion\u00e1rios na Bahia\" class=\"wp-image-651419\" srcset=\"http:\/\/noticiasbahia360.com.br\/wp-content\/uploads\/2026\/04\/Criminosos-atacam-fazenda-e-torturam-funcionarios-na-Bahia-Foto-Bahia-Dia-a-Dia-300426.jpg 1200w, https:\/\/uploads.acordacidade.com.br\/2026\/04\/Criminosos-atacam-fazenda-e-torturam-funcionarios-na-Bahia-Foto-Bahia-Dia-a-Dia-300426-750x556.jpg 750w, https:\/\/uploads.acordacidade.com.br\/2026\/04\/Criminosos-atacam-fazenda-e-torturam-funcionarios-na-Bahia-Foto-Bahia-Dia-a-Dia-300426-1000x741.jpg 1000w, https:\/\/uploads.acordacidade.com.br\/2026\/04\/Criminosos-atacam-fazenda-e-torturam-funcionarios-na-Bahia-Foto-Bahia-Dia-a-Dia-300426-450x333.jpg 450w, https:\/\/uploads.acordacidade.com.br\/2026\/04\/Criminosos-atacam-fazenda-e-torturam-funcionarios-na-Bahia-Foto-Bahia-Dia-a-Dia-300426-150x111.jpg 150w\" sizes=\"(max-width: 1200px) 100vw, 1200px\"><figcaption class=\"wp-element-caption\">Foto: Bahia Dia a Dia <\/figcaption><\/figure>\n<p>Durante as agress\u00f5es, os criminosos mantiveram a companheira do gerente e uma secret\u00e1ria da fazenda dentro do porta-malas de um carro roubado na propriedade. As duas foram liberadas em uma estrada do distrito de Monte Pascoal, em Itabela. <\/p>\n<p>Os autores do ataque fugiram com R$ 6 mil. O ve\u00edculo roubado, utilizado na fuga, foi posteriormente incendiado e abandonado. A Pol\u00edcia Civil segue investigando o caso e em busca dos suspeitos.<\/p>\n<p><em>Siga o Acorda Cidade no\u00a0<\/em><a href=\"https:\/\/news.google.com\/search?q=acorda%20cidade&amp;hl=pt-BR&amp;gl=BR&amp;ceid=BR%3Apt-419\"><strong><em>Google Not\u00edcias<\/em><\/strong><\/a><em>\u00a0e receba os principais destaques do dia. Participe tamb\u00e9m dos nossos canais no\u00a0<\/em><a href=\"https:\/\/www.whatsapp.com\/channel\/0029Va6Rb4v3WHTNnsh8WI3N\"><strong><em>WhatsApp<\/em><\/strong><\/a><em>\u00a0e\u00a0<\/em><a href=\"https:\/\/www.youtube.com\/@acordacidadenoticias\/videos\"><strong>YouTube<\/strong><\/a><em>\u00a0e grupo de\u00a0<\/em><a href=\"https:\/\/t.me\/+sSz0khrgARA0ZmRh\"><strong><em>Telegram<\/em><\/strong><\/a><em>.<\/em><\/p>\n<\/div>\n","protected":false},"excerpt":{"rendered":"<div>\n<div>\n<figure><img decoding=\"async\" src=\"https:\/\/uploads.acordacidade.com.br\/2026\/04\/Criminosos-atacam-fazenda-e-torturam-funcionarios-na-Bahia-Foto-Reproducao-Radar-News.jpg\" alt=\"Criminosos atacam fazenda e torturam funcion\u00e1rios na Bahia\"><figcaption>Foto: Reprodu\u00e7\u00e3o\/ Radar News<\/figcaption><\/figure>\n<\/div>\n<p>Os autores do ataque fugiram com R$ 6 mil. O ve\u00edculo roubado na fazenda, utilizado na fuga, foi posteriormente incendiado e abandonado.<\/p><\/div>\n","protected":false},"author":1,"featured_media":129110,"comment_status":"closed","ping_status":"closed","sticky":false,"template":"","format":"gallery","meta":{"footnotes":""},"categories":[8,9,6,57,56,10],"tags":[],"class_list":["post-129109","post","type-post","status-publish","format-gallery","has-post-thumbnail","hentry","category-bahia","category-brasil","category-feira-de-santana","category-mundo","category-policia","category-politica","post_format-post-format-gallery"],"featured_image_urls":{"full":["https:\/\/noticiasbahia360.com.br\/wp-content\/uploads\/2026\/04\/Criminosos-atacam-fazenda-e-torturam-funcionarios-na-Bahia-Foto-Reproducao-Radar-News.jpg",1200,902,false],"thumbnail":["https:\/\/noticiasbahia360.com.br\/wp-content\/uploads\/2026\/04\/Criminosos-atacam-fazenda-e-torturam-funcionarios-na-Bahia-Foto-Reproducao-Radar-News-150x150.jpg",150,150,true],"medium":["https:\/\/noticiasbahia360.com.br\/wp-content\/uploads\/2026\/04\/Criminosos-atacam-fazenda-e-torturam-funcionarios-na-Bahia-Foto-Reproducao-Radar-News-300x226.jpg",300,226,true],"medium_large":["https:\/\/noticiasbahia360.com.br\/wp-content\/uploads\/2026\/04\/Criminosos-atacam-fazenda-e-torturam-funcionarios-na-Bahia-Foto-Reproducao-Radar-News-768x577.jpg",640,481,true],"large":["https:\/\/noticiasbahia360.com.br\/wp-content\/uploads\/2026\/04\/Criminosos-atacam-fazenda-e-torturam-funcionarios-na-Bahia-Foto-Reproducao-Radar-News-1024x770.jpg",640,481,true],"1536x1536":["https:\/\/noticiasbahia360.com.br\/wp-content\/uploads\/2026\/04\/Criminosos-atacam-fazenda-e-torturam-funcionarios-na-Bahia-Foto-Reproducao-Radar-News.jpg",1200,902,false],"2048x2048":["https:\/\/noticiasbahia360.com.br\/wp-content\/uploads\/2026\/04\/Criminosos-atacam-fazenda-e-torturam-funcionarios-na-Bahia-Foto-Reproducao-Radar-News.jpg",1200,902,false],"chromenews-featured":["https:\/\/noticiasbahia360.com.br\/wp-content\/uploads\/2026\/04\/Criminosos-atacam-fazenda-e-torturam-funcionarios-na-Bahia-Foto-Reproducao-Radar-News-1024x770.jpg",1024,770,true],"chromenews-large":["https:\/\/noticiasbahia360.com.br\/wp-content\/uploads\/2026\/04\/Criminosos-atacam-fazenda-e-torturam-funcionarios-na-Bahia-Foto-Reproducao-Radar-News-825x575.jpg",825,575,true],"chromenews-medium":["https:\/\/noticiasbahia360.com.br\/wp-content\/uploads\/2026\/04\/Criminosos-atacam-fazenda-e-torturam-funcionarios-na-Bahia-Foto-Reproducao-Radar-News-590x410.jpg",590,410,true]},"author_info":{"display_name":"noticiasbahia360.com.br","author_link":"https:\/\/noticiasbahia360.com.br\/?author=1"},"category_info":"<a href=\"https:\/\/noticiasbahia360.com.br\/?cat=8\" rel=\"category\">Bahia<\/a> <a href=\"https:\/\/noticiasbahia360.com.br\/?cat=9\" rel=\"category\">Brasil<\/a> <a href=\"https:\/\/noticiasbahia360.com.br\/?cat=6\" rel=\"category\">Feira de Santana<\/a> <a href=\"https:\/\/noticiasbahia360.com.br\/?cat=57\" rel=\"category\">Mundo<\/a> <a href=\"https:\/\/noticiasbahia360.com.br\/?cat=56\" rel=\"category\">Pol\u00edcia<\/a> <a href=\"https:\/\/noticiasbahia360.com.br\/?cat=10\" rel=\"category\">Pol\u00edtica<\/a>","tag_info":"Pol\u00edtica","comment_count":"0","_links":{"self":[{"href":"https:\/\/noticiasbahia360.com.br\/index.php?rest_route=\/wp\/v2\/posts\/129109","targetHints":{"allow":["GET"]}}],"collection":[{"href":"https:\/\/noticiasbahia360.com.br\/index.php?rest_route=\/wp\/v2\/posts"}],"about":[{"href":"https:\/\/noticiasbahia360.com.br\/index.php?rest_route=\/wp\/v2\/types\/post"}],"author":[{"embeddable":true,"href":"https:\/\/noticiasbahia360.com.br\/index.php?rest_route=\/wp\/v2\/users\/1"}],"replies":[{"embeddable":true,"href":"https:\/\/noticiasbahia360.com.br\/index.php?rest_route=%2Fwp%2Fv2%2Fcomments&post=129109"}],"version-history":[{"count":0,"href":"https:\/\/noticiasbahia360.com.br\/index.php?rest_route=\/wp\/v2\/posts\/129109\/revisions"}],"wp:featuredmedia":[{"embeddable":true,"href":"https:\/\/noticiasbahia360.com.br\/index.php?rest_route=\/wp\/v2\/media\/129110"}],"wp:attachment":[{"href":"https:\/\/noticiasbahia360.com.br\/index.php?rest_route=%2Fwp%2Fv2%2Fmedia&parent=129109"}],"wp:term":[{"taxonomy":"category","embeddable":true,"href":"https:\/\/noticiasbahia360.com.br\/index.php?rest_route=%2Fwp%2Fv2%2Fcategories&post=129109"},{"taxonomy":"post_tag","embeddable":true,"href":"https:\/\/noticiasbahia360.com.br\/index.php?rest_route=%2Fwp%2Fv2%2Ftags&post=129109"}],"curies":[{"name":"wp","href":"https:\/\/api.w.org\/{rel}","templated":true}]}} 