{"id":129112,"date":"2026-04-30T17:31:03","date_gmt":"2026-04-30T20:31:03","guid":{"rendered":"https:\/\/noticiasbahia360.com.br\/?p=129112"},"modified":"2026-04-30T17:31:03","modified_gmt":"2026-04-30T20:31:03","slug":"homem-e-preso-em-salvador-suspeito-de-estupro-de-vulneravel-e-corrupcao-de-menores","status":"publish","type":"post","link":"https:\/\/noticiasbahia360.com.br\/?p=129112","title":{"rendered":"Homem \u00e9 preso em Salvador suspeito de estupro de vulner\u00e1vel e corrup\u00e7\u00e3o de menores"},"content":{"rendered":"<div>\n<div>\n<figure><img decoding=\"async\" src=\"http:\/\/noticiasbahia360.com.br\/wp-content\/uploads\/2026\/04\/Homem-investigado-por-abusos-e-corrupcao-de-menores-e-preso-.jpg\" alt=\"Homem investigado por abusos e corrup\u00e7\u00e3o de menores \u00e9 preso em Salvador\"><figcaption>Foto: Divulga\u00e7\u00e3o\/ PCBA<\/figcaption><\/figure>\n<\/div>\n<p>Um homem, de 52 anos, foi preso na manh\u00e3 desta quinta-feira (29), durante uma a\u00e7\u00e3o policial no bairro da Boca do Rio, em Salvador. O investigado \u00e9 suspeito de cometer crimes contra tr\u00eas adolescentes, incluindo estupro de vulner\u00e1vel, associa\u00e7\u00e3o ao tr\u00e1fico de drogas, corrup\u00e7\u00e3o de menores para o consumo de entorpecentes e explora\u00e7\u00e3o sexual.<\/p>\n<p>As investiga\u00e7\u00f5es, conduzidas pela Delegacia Especializada de Repress\u00e3o aos Crimes Contra a Crian\u00e7a e o Adolescente (Dercca), unidade pertencente ao Departamento de Prote\u00e7\u00e3o \u00e0 Mulher, Cidadania e Pessoas Vulner\u00e1veis (DPMCV), tiveram in\u00edcio em maio de 2023, ap\u00f3s den\u00fancia feita por uma familiar das v\u00edtimas, que relatou situa\u00e7\u00f5es de vulnerabilidade envolvendo as adolescentes.<\/p>\n<p>Outros dois investigados, de 44 e 52 anos, tamb\u00e9m foram alvos de mandados de busca e apreens\u00e3o. Durante as dilig\u00eancias, foram apreendidos celulares, m\u00e1quinas fotogr\u00e1ficas, um notebook e outros aparelhos eletr\u00f4nicos. O material ser\u00e1 encaminhado para per\u00edcia que integrar\u00e1 no bojo das investiga\u00e7\u00f5es.<\/p>\n<p>O suspeito foi conduzido \u00e0 unidade especializada, passou pelos exames legais e segue custodiado \u00e0 disposi\u00e7\u00e3o do Poder Judici\u00e1rio. O material apreendido passar\u00e1 por exames periciais e contribu\u00edram para o avan\u00e7o das investiga\u00e7\u00f5es.<\/p>\n<p><em>Siga o Acorda Cidade no\u00a0<\/em><a href=\"https:\/\/news.google.com\/search?q=acorda%20cidade&amp;hl=pt-BR&amp;gl=BR&amp;ceid=BR%3Apt-419\"><strong><em>Google Not\u00edcias<\/em><\/strong><\/a><em>\u00a0e receba os principais destaques do dia. Participe tamb\u00e9m dos nossos canais no\u00a0<\/em><a href=\"https:\/\/www.whatsapp.com\/channel\/0029Va6Rb4v3WHTNnsh8WI3N\"><strong><em>WhatsApp<\/em><\/strong><\/a><em>\u00a0e\u00a0<\/em><a href=\"https:\/\/www.youtube.com\/@acordacidadenoticias\/videos\"><strong>YouTube<\/strong><\/a><em>\u00a0e grupo de\u00a0<\/em><a href=\"https:\/\/t.me\/+sSz0khrgARA0ZmRh\"><strong><em>Telegram<\/em><\/strong><\/a><em>.<\/em><\/p>\n<\/div>\n","protected":false},"excerpt":{"rendered":"<div>\n<div>\n<figure><img decoding=\"async\" src=\"https:\/\/uploads.acordacidade.com.br\/2026\/04\/Homem-investigado-por-abusos-e-corrupcao-de-menores-e-preso-.jpg\" alt=\"Homem investigado por abusos e corrup\u00e7\u00e3o de menores \u00e9 preso em Salvador\"><figcaption>Foto: Divulga\u00e7\u00e3o\/ PCBA<\/figcaption><\/figure>\n<\/div>\n<p>Outros dois investigados, de 44 e 52 anos, tamb\u00e9m foram alvos de mandados de busca e apreens\u00e3o durante a a\u00e7\u00e3o policial.<\/p><\/div>\n","protected":false},"author":1,"featured_media":129113,"comment_status":"closed","ping_status":"closed","sticky":false,"template":"","format":"gallery","meta":{"footnotes":""},"categories":[8,9,6,57,56,10],"tags":[],"class_list":["post-129112","post","type-post","status-publish","format-gallery","has-post-thumbnail","hentry","category-bahia","category-brasil","category-feira-de-santana","category-mundo","category-policia","category-politica","post_format-post-format-gallery"],"featured_image_urls":{"full":["https:\/\/noticiasbahia360.com.br\/wp-content\/uploads\/2026\/04\/Homem-investigado-por-abusos-e-corrupcao-de-menores-e-preso-.jpg",1200,749,false],"thumbnail":["https:\/\/noticiasbahia360.com.br\/wp-content\/uploads\/2026\/04\/Homem-investigado-por-abusos-e-corrupcao-de-menores-e-preso--150x150.jpg",150,150,true],"medium":["https:\/\/noticiasbahia360.com.br\/wp-content\/uploads\/2026\/04\/Homem-investigado-por-abusos-e-corrupcao-de-menores-e-preso--300x187.jpg",300,187,true],"medium_large":["https:\/\/noticiasbahia360.com.br\/wp-content\/uploads\/2026\/04\/Homem-investigado-por-abusos-e-corrupcao-de-menores-e-preso--768x479.jpg",640,399,true],"large":["https:\/\/noticiasbahia360.com.br\/wp-content\/uploads\/2026\/04\/Homem-investigado-por-abusos-e-corrupcao-de-menores-e-preso--1024x639.jpg",640,399,true],"1536x1536":["https:\/\/noticiasbahia360.com.br\/wp-content\/uploads\/2026\/04\/Homem-investigado-por-abusos-e-corrupcao-de-menores-e-preso-.jpg",1200,749,false],"2048x2048":["https:\/\/noticiasbahia360.com.br\/wp-content\/uploads\/2026\/04\/Homem-investigado-por-abusos-e-corrupcao-de-menores-e-preso-.jpg",1200,749,false],"chromenews-featured":["https:\/\/noticiasbahia360.com.br\/wp-content\/uploads\/2026\/04\/Homem-investigado-por-abusos-e-corrupcao-de-menores-e-preso--1024x639.jpg",1024,639,true],"chromenews-large":["https:\/\/noticiasbahia360.com.br\/wp-content\/uploads\/2026\/04\/Homem-investigado-por-abusos-e-corrupcao-de-menores-e-preso--825x575.jpg",825,575,true],"chromenews-medium":["https:\/\/noticiasbahia360.com.br\/wp-content\/uploads\/2026\/04\/Homem-investigado-por-abusos-e-corrupcao-de-menores-e-preso--590x410.jpg",590,410,true]},"author_info":{"display_name":"noticiasbahia360.com.br","author_link":"https:\/\/noticiasbahia360.com.br\/?author=1"},"category_info":"<a href=\"https:\/\/noticiasbahia360.com.br\/?cat=8\" rel=\"category\">Bahia<\/a> <a href=\"https:\/\/noticiasbahia360.com.br\/?cat=9\" rel=\"category\">Brasil<\/a> <a href=\"https:\/\/noticiasbahia360.com.br\/?cat=6\" rel=\"category\">Feira de Santana<\/a> <a href=\"https:\/\/noticiasbahia360.com.br\/?cat=57\" rel=\"category\">Mundo<\/a> <a href=\"https:\/\/noticiasbahia360.com.br\/?cat=56\" rel=\"category\">Pol\u00edcia<\/a> <a href=\"https:\/\/noticiasbahia360.com.br\/?cat=10\" rel=\"category\">Pol\u00edtica<\/a>","tag_info":"Pol\u00edtica","comment_count":"0","_links":{"self":[{"href":"https:\/\/noticiasbahia360.com.br\/index.php?rest_route=\/wp\/v2\/posts\/129112","targetHints":{"allow":["GET"]}}],"collection":[{"href":"https:\/\/noticiasbahia360.com.br\/index.php?rest_route=\/wp\/v2\/posts"}],"about":[{"href":"https:\/\/noticiasbahia360.com.br\/index.php?rest_route=\/wp\/v2\/types\/post"}],"author":[{"embeddable":true,"href":"https:\/\/noticiasbahia360.com.br\/index.php?rest_route=\/wp\/v2\/users\/1"}],"replies":[{"embeddable":true,"href":"https:\/\/noticiasbahia360.com.br\/index.php?rest_route=%2Fwp%2Fv2%2Fcomments&post=129112"}],"version-history":[{"count":0,"href":"https:\/\/noticiasbahia360.com.br\/index.php?rest_route=\/wp\/v2\/posts\/129112\/revisions"}],"wp:featuredmedia":[{"embeddable":true,"href":"https:\/\/noticiasbahia360.com.br\/index.php?rest_route=\/wp\/v2\/media\/129113"}],"wp:attachment":[{"href":"https:\/\/noticiasbahia360.com.br\/index.php?rest_route=%2Fwp%2Fv2%2Fmedia&parent=129112"}],"wp:term":[{"taxonomy":"category","embeddable":true,"href":"https:\/\/noticiasbahia360.com.br\/index.php?rest_route=%2Fwp%2Fv2%2Fcategories&post=129112"},{"taxonomy":"post_tag","embeddable":true,"href":"https:\/\/noticiasbahia360.com.br\/index.php?rest_route=%2Fwp%2Fv2%2Ftags&post=129112"}],"curies":[{"name":"wp","href":"https:\/\/api.w.org\/{rel}","templated":true}]}}