{"id":129114,"date":"2026-04-30T18:00:55","date_gmt":"2026-04-30T21:00:55","guid":{"rendered":"https:\/\/noticiasbahia360.com.br\/?p=129114"},"modified":"2026-04-30T18:00:55","modified_gmt":"2026-04-30T21:00:55","slug":"feira-de-santana-recebe-nova-ambulancia-para-transporte-do-tfd","status":"publish","type":"post","link":"https:\/\/noticiasbahia360.com.br\/?p=129114","title":{"rendered":"Feira de Santana recebe nova ambul\u00e2ncia para transporte do TFD"},"content":{"rendered":"<div>\n<div>\n<figure><img decoding=\"async\" src=\"http:\/\/noticiasbahia360.com.br\/wp-content\/uploads\/2026\/04\/TFD.jpg\" alt=\"TFD\"><figcaption>Foto: Renata Leite<\/figcaption><\/figure>\n<\/div>\n<p>A Secretaria Municipal de Sa\u00fade recebeu, na manh\u00e3 desta quinta-feira (30), uma ambul\u00e2ncia 0 KM que ser\u00e1 destinada ao atendimento de pacientes que realizam tratamento fora do domic\u00edlio (TFD). O ve\u00edculo foi recebido pelo secret\u00e1rio municipal de Sa\u00fade, Rodrigo Matos, em frente \u00e0 Secretaria de Sa\u00fade, na avenida Get\u00falio Vargas.<\/p>\n<p>O titular da pasta destacou a import\u00e2ncia do refor\u00e7o na frota para garantir acesso a servi\u00e7os que n\u00e3o est\u00e3o dispon\u00edveis no munic\u00edpio. \u201cA gente s\u00f3 entende a import\u00e2ncia de uma ambul\u00e2ncia quando precisa. Essa entrega, fruto da parceria com o vereador Ron, mostra que, quando h\u00e1 harmonia entre o Executivo e o Legislativo, conseguimos oferecer um servi\u00e7o de qualidade \u00e0 popula\u00e7\u00e3o\u201d, afirmou.<\/p>\n<p>Rodrigo Matos tamb\u00e9m enfatizou os avan\u00e7os na amplia\u00e7\u00e3o da frota durante a gest\u00e3o do prefeito Jos\u00e9 Ronaldo, citando a aquisi\u00e7\u00e3o de micro-\u00f4nibus, ambul\u00e2ncias e ve\u00edculos de menor porte, al\u00e9m da contrata\u00e7\u00e3o de servi\u00e7os complementares.\u00a0<\/p>\n<p>Ele adiantou que novas licita\u00e7\u00f5es j\u00e1 est\u00e3o em prepara\u00e7\u00e3o para ampliar ainda mais o transporte de pacientes. \u201cEm pouco mais de um ano, muitos ve\u00edculos foram incorporados \u00e0 rede municipal, o que tem contribu\u00eddo para reduzir demandas reprimidas. Ainda h\u00e1 desafios, mas cada conquista precisa ser celebrada, porque n\u00e3o se trata apenas de um ve\u00edculo, mas de mais pessoas atendidas com qualidade, humaniza\u00e7\u00e3o e resolutividade\u201d, concluiu.<\/p>\n<figure class=\"wp-block-image size-full\"><img fetchpriority=\"high\" decoding=\"async\" width=\"1200\" height=\"800\" src=\"http:\/\/noticiasbahia360.com.br\/wp-content\/uploads\/2026\/04\/TFD-1.jpg\" alt=\"TFD\" class=\"wp-image-651434\" srcset=\"http:\/\/noticiasbahia360.com.br\/wp-content\/uploads\/2026\/04\/TFD-1.jpg 1200w, https:\/\/uploads.acordacidade.com.br\/2026\/04\/TFD-1-750x500.jpg 750w, https:\/\/uploads.acordacidade.com.br\/2026\/04\/TFD-1-1000x667.jpg 1000w, https:\/\/uploads.acordacidade.com.br\/2026\/04\/TFD-1-450x300.jpg 450w, https:\/\/uploads.acordacidade.com.br\/2026\/04\/TFD-1-150x100.jpg 150w\" sizes=\"(max-width: 1200px) 100vw, 1200px\"><figcaption class=\"wp-element-caption\">Foto: Renata Leite<\/figcaption><\/figure>\n<p>A aquisi\u00e7\u00e3o do ve\u00edculo \u00e9 resultado de indica\u00e7\u00e3o do vereador Ron do Povo, contribuindo para a melhoria dos servi\u00e7os de sa\u00fade e da log\u00edstica de transporte da rede municipal.<\/p>\n<p>O TFD atende usu\u00e1rios da Sa\u00fade que necessitam de transporte para exames e procedimentos m\u00e9dicos n\u00e3o dispon\u00edveis no munic\u00edpio. Somente neste m\u00eas foram realizadas 1.025 viagens.<\/p>\n<p>O servi\u00e7o conta com dois micro-\u00f4nibus, que juntos t\u00eam capacidade para transportar 44 pessoas \u2014 sendo um deles com 28 lugares e adaptado para cadeirantes \u2014, uma van com 17 lugares, al\u00e9m de cinco ambul\u00e2ncias e um ve\u00edculo de pequeno porte.<\/p>\n<p><em>As informa\u00e7\u00f5es s\u00e3o Secretaria de Comunica\u00e7\u00e3o Social de Feira de Santana (Secom)<\/em><\/p>\n<p><em>Siga o Acorda Cidade no<\/em><a href=\"https:\/\/news.google.com\/search?q=acorda%20cidade&amp;hl=pt-BR&amp;gl=BR&amp;ceid=BR%3Apt-419\"><strong><em>\u00a0Google Not\u00edcias<\/em><\/strong><\/a><em>\u00a0e receba os principais destaques do dia. Participe tamb\u00e9m dos nossos canais no\u00a0<\/em><a href=\"https:\/\/www.whatsapp.com\/channel\/0029Va6Rb4v3WHTNnsh8WI3N\"><strong><em>WhatsApp<\/em><\/strong><\/a><em>\u00a0e\u00a0<\/em><a href=\"https:\/\/www.youtube.com\/@acordacidadenoticias\/videos\"><strong>YouTube<\/strong><\/a><em>\u00a0e grupo de\u00a0<\/em><a href=\"https:\/\/t.me\/+sSz0khrgARA0ZmRh\"><strong><em>Telegram<\/em><\/strong><\/a><em>.<\/em><\/p>\n<\/div>\n","protected":false},"excerpt":{"rendered":"<div>\n<div>\n<figure><img decoding=\"async\" src=\"https:\/\/uploads.acordacidade.com.br\/2026\/04\/TFD.jpg\" alt=\"TFD\"><figcaption>Foto: Renata Leite<\/figcaption><\/figure>\n<\/div>\n<p>O TFD atende usu\u00e1rios da Sa\u00fade que necessitam de transporte para exames e procedimentos m\u00e9dicos n\u00e3o dispon\u00edveis no munic\u00edpio.<\/p><\/div>\n","protected":false},"author":1,"featured_media":129115,"comment_status":"closed","ping_status":"closed","sticky":false,"template":"","format":"gallery","meta":{"footnotes":""},"categories":[8,9,6,57,56,10],"tags":[],"class_list":["post-129114","post","type-post","status-publish","format-gallery","has-post-thumbnail","hentry","category-bahia","category-brasil","category-feira-de-santana","category-mundo","category-policia","category-politica","post_format-post-format-gallery"],"featured_image_urls":{"full":["https:\/\/noticiasbahia360.com.br\/wp-content\/uploads\/2026\/04\/TFD.jpg",1200,799,false],"thumbnail":["https:\/\/noticiasbahia360.com.br\/wp-content\/uploads\/2026\/04\/TFD-150x150.jpg",150,150,true],"medium":["https:\/\/noticiasbahia360.com.br\/wp-content\/uploads\/2026\/04\/TFD-300x200.jpg",300,200,true],"medium_large":["https:\/\/noticiasbahia360.com.br\/wp-content\/uploads\/2026\/04\/TFD-768x511.jpg",640,426,true],"large":["https:\/\/noticiasbahia360.com.br\/wp-content\/uploads\/2026\/04\/TFD-1024x682.jpg",640,426,true],"1536x1536":["https:\/\/noticiasbahia360.com.br\/wp-content\/uploads\/2026\/04\/TFD.jpg",1200,799,false],"2048x2048":["https:\/\/noticiasbahia360.com.br\/wp-content\/uploads\/2026\/04\/TFD.jpg",1200,799,false],"chromenews-featured":["https:\/\/noticiasbahia360.com.br\/wp-content\/uploads\/2026\/04\/TFD-1024x682.jpg",1024,682,true],"chromenews-large":["https:\/\/noticiasbahia360.com.br\/wp-content\/uploads\/2026\/04\/TFD-825x575.jpg",825,575,true],"chromenews-medium":["https:\/\/noticiasbahia360.com.br\/wp-content\/uploads\/2026\/04\/TFD-590x410.jpg",590,410,true]},"author_info":{"display_name":"noticiasbahia360.com.br","author_link":"https:\/\/noticiasbahia360.com.br\/?author=1"},"category_info":"<a href=\"https:\/\/noticiasbahia360.com.br\/?cat=8\" rel=\"category\">Bahia<\/a> <a href=\"https:\/\/noticiasbahia360.com.br\/?cat=9\" rel=\"category\">Brasil<\/a> <a href=\"https:\/\/noticiasbahia360.com.br\/?cat=6\" rel=\"category\">Feira de Santana<\/a> <a href=\"https:\/\/noticiasbahia360.com.br\/?cat=57\" rel=\"category\">Mundo<\/a> <a href=\"https:\/\/noticiasbahia360.com.br\/?cat=56\" rel=\"category\">Pol\u00edcia<\/a> <a href=\"https:\/\/noticiasbahia360.com.br\/?cat=10\" rel=\"category\">Pol\u00edtica<\/a>","tag_info":"Pol\u00edtica","comment_count":"0","_links":{"self":[{"href":"https:\/\/noticiasbahia360.com.br\/index.php?rest_route=\/wp\/v2\/posts\/129114","targetHints":{"allow":["GET"]}}],"collection":[{"href":"https:\/\/noticiasbahia360.com.br\/index.php?rest_route=\/wp\/v2\/posts"}],"about":[{"href":"https:\/\/noticiasbahia360.com.br\/index.php?rest_route=\/wp\/v2\/types\/post"}],"author":[{"embeddable":true,"href":"https:\/\/noticiasbahia360.com.br\/index.php?rest_route=\/wp\/v2\/users\/1"}],"replies":[{"embeddable":true,"href":"https:\/\/noticiasbahia360.com.br\/index.php?rest_route=%2Fwp%2Fv2%2Fcomments&post=129114"}],"version-history":[{"count":0,"href":"https:\/\/noticiasbahia360.com.br\/index.php?rest_route=\/wp\/v2\/posts\/129114\/revisions"}],"wp:featuredmedia":[{"embeddable":true,"href":"https:\/\/noticiasbahia360.com.br\/index.php?rest_route=\/wp\/v2\/media\/129115"}],"wp:attachment":[{"href":"https:\/\/noticiasbahia360.com.br\/index.php?rest_route=%2Fwp%2Fv2%2Fmedia&parent=129114"}],"wp:term":[{"taxonomy":"category","embeddable":true,"href":"https:\/\/noticiasbahia360.com.br\/index.php?rest_route=%2Fwp%2Fv2%2Fcategories&post=129114"},{"taxonomy":"post_tag","embeddable":true,"href":"https:\/\/noticiasbahia360.com.br\/index.php?rest_route=%2Fwp%2Fv2%2Ftags&post=129114"}],"curies":[{"name":"wp","href":"https:\/\/api.w.org\/{rel}","templated":true}]}}