{"id":129117,"date":"2026-04-30T18:00:57","date_gmt":"2026-04-30T21:00:57","guid":{"rendered":"https:\/\/noticiasbahia360.com.br\/?p=129117"},"modified":"2026-04-30T18:00:57","modified_gmt":"2026-04-30T21:00:57","slug":"indigenas-liberam-br-101-apos-protesto-contra-prisao-de-cacique","status":"publish","type":"post","link":"https:\/\/noticiasbahia360.com.br\/?p=129117","title":{"rendered":"Ind\u00edgenas liberam BR-101 ap\u00f3s protesto contra pris\u00e3o de cacique"},"content":{"rendered":"<div>\n<div>\n<figure><img decoding=\"async\" src=\"http:\/\/noticiasbahia360.com.br\/wp-content\/uploads\/2026\/04\/Indigenas-liberam-BR-101-apos-protesto-contra-prisao-de-cacique-Foto-Reproducao-Radar-News-300426.jpg\" alt=\"Ind\u00edgenas liberam BR-101 ap\u00f3s protesto contra pris\u00e3o de cacique\"><figcaption>Foto: Reprodu\u00e7\u00e3o\/ Radar News <\/figcaption><\/figure>\n<\/div>\n<p>Na tarde desta quinta-feira (30), ind\u00edgenas do povo Patax\u00f3 liberaram o km 792 da BR-101, na entrada do Parque Nacional do Monte Pascoal, em Itamaraju. O trecho foi bloqueado por volta das 9h30 da manh\u00e3 para um protesto.<\/p>\n<p>Como informou o Radar News, site parceiro do Acorda Cidade, a a\u00e7\u00e3o durou seis horas e foi realizada em apoio ao cacique Welington Ribeiro de Oliveira, conhecido como Suru\u00ed Patax\u00f3, preso desde 17 de mar\u00e7o.<\/p>\n<p>Manifestantes cobraram a liberdade do l\u00edder. \u201cChega de persegui\u00e7\u00e3o na Terra Ind\u00edgena Barra Velha\u201d, escreveram em uma das faixas.<\/p>\n<figure class=\"wp-block-image size-full\"><img fetchpriority=\"high\" fetchpriority=\"high\" decoding=\"async\" width=\"1200\" height=\"536\" src=\"http:\/\/noticiasbahia360.com.br\/wp-content\/uploads\/2026\/04\/Indigenas-liberam-BR-101-apos-protesto-contra-prisao-de-cacique-Foto-Reproducao-Radar-News-300426-2.jpg\" alt=\"Ind\u00edgenas liberam BR-101 ap\u00f3s protesto contra pris\u00e3o de cacique\" class=\"wp-image-651436\" srcset=\"http:\/\/noticiasbahia360.com.br\/wp-content\/uploads\/2026\/04\/Indigenas-liberam-BR-101-apos-protesto-contra-prisao-de-cacique-Foto-Reproducao-Radar-News-300426-2.jpg 1200w, https:\/\/uploads.acordacidade.com.br\/2026\/04\/Indigenas-liberam-BR-101-apos-protesto-contra-prisao-de-cacique-Foto-Reproducao-Radar-News-300426-2-750x335.jpg 750w, https:\/\/uploads.acordacidade.com.br\/2026\/04\/Indigenas-liberam-BR-101-apos-protesto-contra-prisao-de-cacique-Foto-Reproducao-Radar-News-300426-2-1000x447.jpg 1000w, https:\/\/uploads.acordacidade.com.br\/2026\/04\/Indigenas-liberam-BR-101-apos-protesto-contra-prisao-de-cacique-Foto-Reproducao-Radar-News-300426-2-450x201.jpg 450w, https:\/\/uploads.acordacidade.com.br\/2026\/04\/Indigenas-liberam-BR-101-apos-protesto-contra-prisao-de-cacique-Foto-Reproducao-Radar-News-300426-2-150x67.jpg 150w\" sizes=\"(max-width: 1200px) 100vw, 1200px\"><figcaption class=\"wp-element-caption\">Foto: Reprodu\u00e7\u00e3o\/ Radar News <\/figcaption><\/figure>\n<p>O cacique Suru\u00ed Parax\u00f3 foi preso durante uma investiga\u00e7\u00e3o da Pol\u00edcia Federal que apura crime de invas\u00f5es de terras, amea\u00e7a, homic\u00eddio, roubo e porte ilegal de arma. Ele chegou a ser solto alguns dias antes, ap\u00f3s a revoga\u00e7\u00e3o da pris\u00e3o preventiva devido \u00e0 aus\u00eancia de provas de liga\u00e7\u00e3o com a organiza\u00e7\u00e3o criminosa.<\/p>\n<p>A manifesta\u00e7\u00e3o ocorre durante frequentes disputas entre ind\u00edgenas e produtores rurais no extremo sul da Bahia. Conflitos ligados \u00e0 retomada de \u00e1reas t\u00eam provocado mortes na regi\u00e3o da Terra Ind\u00edgena Barra Velha. Desde 2025, a For\u00e7a Nacional de Seguran\u00e7a P\u00fablica atua na regi\u00e3o.<\/p>\n<p><em>Siga o Acorda Cidade no\u00a0<\/em><a href=\"https:\/\/news.google.com\/search?q=acorda%20cidade&amp;hl=pt-BR&amp;gl=BR&amp;ceid=BR%3Apt-419\"><strong><em>Google Not\u00edcias<\/em><\/strong><\/a><em>\u00a0e receba os principais destaques do dia. Participe tamb\u00e9m dos nossos canais no\u00a0<\/em><a href=\"https:\/\/www.whatsapp.com\/channel\/0029Va6Rb4v3WHTNnsh8WI3N\"><strong><em>WhatsApp<\/em><\/strong><\/a><em>\u00a0e\u00a0<\/em><a href=\"https:\/\/www.youtube.com\/@acordacidadenoticias\/videos\"><strong>YouTube<\/strong><\/a><em>\u00a0e grupo de\u00a0<\/em><a href=\"https:\/\/t.me\/+sSz0khrgARA0ZmRh\"><strong><em>Telegram<\/em><\/strong><\/a><em>.<\/em><\/p>\n<\/div>\n","protected":false},"excerpt":{"rendered":"<div>\n<div>\n<figure><img decoding=\"async\" src=\"https:\/\/uploads.acordacidade.com.br\/2026\/04\/Indigenas-liberam-BR-101-apos-protesto-contra-prisao-de-cacique-Foto-Reproducao-Radar-News-300426.jpg\" alt=\"Ind\u00edgenas liberam BR-101 ap\u00f3s protesto contra pris\u00e3o de cacique\"><figcaption>Foto: Reprodu\u00e7\u00e3o\/ Radar News <\/figcaption><\/figure>\n<\/div>\n<p>Manifestantes cobraram a liberdade do l\u00edder. &#8220;Chega de persegui\u00e7\u00e3o na Terra Ind\u00edgena Barra Velha&#8221;, escreveram em uma das faixas.<\/p><\/div>\n","protected":false},"author":1,"featured_media":129118,"comment_status":"closed","ping_status":"closed","sticky":false,"template":"","format":"gallery","meta":{"footnotes":""},"categories":[8,9,6,57,56,10],"tags":[],"class_list":["post-129117","post","type-post","status-publish","format-gallery","has-post-thumbnail","hentry","category-bahia","category-brasil","category-feira-de-santana","category-mundo","category-policia","category-politica","post_format-post-format-gallery"],"featured_image_urls":{"full":["https:\/\/noticiasbahia360.com.br\/wp-content\/uploads\/2026\/04\/Indigenas-liberam-BR-101-apos-protesto-contra-prisao-de-cacique-Foto-Reproducao-Radar-News-300426.jpg",1200,629,false],"thumbnail":["https:\/\/noticiasbahia360.com.br\/wp-content\/uploads\/2026\/04\/Indigenas-liberam-BR-101-apos-protesto-contra-prisao-de-cacique-Foto-Reproducao-Radar-News-300426-150x150.jpg",150,150,true],"medium":["https:\/\/noticiasbahia360.com.br\/wp-content\/uploads\/2026\/04\/Indigenas-liberam-BR-101-apos-protesto-contra-prisao-de-cacique-Foto-Reproducao-Radar-News-300426-300x157.jpg",300,157,true],"medium_large":["https:\/\/noticiasbahia360.com.br\/wp-content\/uploads\/2026\/04\/Indigenas-liberam-BR-101-apos-protesto-contra-prisao-de-cacique-Foto-Reproducao-Radar-News-300426-768x403.jpg",640,336,true],"large":["https:\/\/noticiasbahia360.com.br\/wp-content\/uploads\/2026\/04\/Indigenas-liberam-BR-101-apos-protesto-contra-prisao-de-cacique-Foto-Reproducao-Radar-News-300426-1024x537.jpg",640,336,true],"1536x1536":["https:\/\/noticiasbahia360.com.br\/wp-content\/uploads\/2026\/04\/Indigenas-liberam-BR-101-apos-protesto-contra-prisao-de-cacique-Foto-Reproducao-Radar-News-300426.jpg",1200,629,false],"2048x2048":["https:\/\/noticiasbahia360.com.br\/wp-content\/uploads\/2026\/04\/Indigenas-liberam-BR-101-apos-protesto-contra-prisao-de-cacique-Foto-Reproducao-Radar-News-300426.jpg",1200,629,false],"chromenews-featured":["https:\/\/noticiasbahia360.com.br\/wp-content\/uploads\/2026\/04\/Indigenas-liberam-BR-101-apos-protesto-contra-prisao-de-cacique-Foto-Reproducao-Radar-News-300426-1024x537.jpg",1024,537,true],"chromenews-large":["https:\/\/noticiasbahia360.com.br\/wp-content\/uploads\/2026\/04\/Indigenas-liberam-BR-101-apos-protesto-contra-prisao-de-cacique-Foto-Reproducao-Radar-News-300426-825x575.jpg",825,575,true],"chromenews-medium":["https:\/\/noticiasbahia360.com.br\/wp-content\/uploads\/2026\/04\/Indigenas-liberam-BR-101-apos-protesto-contra-prisao-de-cacique-Foto-Reproducao-Radar-News-300426-590x410.jpg",590,410,true]},"author_info":{"display_name":"noticiasbahia360.com.br","author_link":"https:\/\/noticiasbahia360.com.br\/?author=1"},"category_info":"<a href=\"https:\/\/noticiasbahia360.com.br\/?cat=8\" rel=\"category\">Bahia<\/a> <a href=\"https:\/\/noticiasbahia360.com.br\/?cat=9\" rel=\"category\">Brasil<\/a> <a href=\"https:\/\/noticiasbahia360.com.br\/?cat=6\" rel=\"category\">Feira de Santana<\/a> <a href=\"https:\/\/noticiasbahia360.com.br\/?cat=57\" rel=\"category\">Mundo<\/a> <a href=\"https:\/\/noticiasbahia360.com.br\/?cat=56\" rel=\"category\">Pol\u00edcia<\/a> <a href=\"https:\/\/noticiasbahia360.com.br\/?cat=10\" rel=\"category\">Pol\u00edtica<\/a>","tag_info":"Pol\u00edtica","comment_count":"0","_links":{"self":[{"href":"https:\/\/noticiasbahia360.com.br\/index.php?rest_route=\/wp\/v2\/posts\/129117","targetHints":{"allow":["GET"]}}],"collection":[{"href":"https:\/\/noticiasbahia360.com.br\/index.php?rest_route=\/wp\/v2\/posts"}],"about":[{"href":"https:\/\/noticiasbahia360.com.br\/index.php?rest_route=\/wp\/v2\/types\/post"}],"author":[{"embeddable":true,"href":"https:\/\/noticiasbahia360.com.br\/index.php?rest_route=\/wp\/v2\/users\/1"}],"replies":[{"embeddable":true,"href":"https:\/\/noticiasbahia360.com.br\/index.php?rest_route=%2Fwp%2Fv2%2Fcomments&post=129117"}],"version-history":[{"count":0,"href":"https:\/\/noticiasbahia360.com.br\/index.php?rest_route=\/wp\/v2\/posts\/129117\/revisions"}],"wp:featuredmedia":[{"embeddable":true,"href":"https:\/\/noticiasbahia360.com.br\/index.php?rest_route=\/wp\/v2\/media\/129118"}],"wp:attachment":[{"href":"https:\/\/noticiasbahia360.com.br\/index.php?rest_route=%2Fwp%2Fv2%2Fmedia&parent=129117"}],"wp:term":[{"taxonomy":"category","embeddable":true,"href":"https:\/\/noticiasbahia360.com.br\/index.php?rest_route=%2Fwp%2Fv2%2Fcategories&post=129117"},{"taxonomy":"post_tag","embeddable":true,"href":"https:\/\/noticiasbahia360.com.br\/index.php?rest_route=%2Fwp%2Fv2%2Ftags&post=129117"}],"curies":[{"name":"wp","href":"https:\/\/api.w.org\/{rel}","templated":true}]}}