{"id":129120,"date":"2026-04-30T18:31:56","date_gmt":"2026-04-30T21:31:56","guid":{"rendered":"https:\/\/noticiasbahia360.com.br\/?p=129120"},"modified":"2026-04-30T18:31:56","modified_gmt":"2026-04-30T21:31:56","slug":"suspeito-de-carcere-privado-e-preso-em-flagrante-vitima-ficava-trancada-enquanto-homem-saia-para-trabalhar","status":"publish","type":"post","link":"https:\/\/noticiasbahia360.com.br\/?p=129120","title":{"rendered":"Suspeito de c\u00e1rcere privado \u00e9 preso em flagrante; v\u00edtima ficava trancada enquanto homem sa\u00eda para trabalhar"},"content":{"rendered":"<div>\n<div>\n<figure><img decoding=\"async\" src=\"http:\/\/noticiasbahia360.com.br\/wp-content\/uploads\/2026\/04\/Deam-Feira-de-Santana-Foto-Ascom-PCBA.jpg\" alt=\"Deam Feira de Santana\"><figcaption>Foto: Ascom-PCBA<\/figcaption><\/figure>\n<\/div>\n<p>Na manh\u00e3 desta quinta-feira (30), uma equipe do Servi\u00e7o de Investiga\u00e7\u00e3o (SI) da Delegacia Especial de Atendimento \u00e0 Mulher (Deam) de Feira de Santana prendeu em flagrante um homem de 41 anos pelo crime de c\u00e1rcere privado no contexto de viol\u00eancia dom\u00e9stica.<\/p>\n<p>A a\u00e7\u00e3o teve in\u00edcio ap\u00f3s o comparecimento do filho da v\u00edtima na unidade policial, relatando que sua genitora, de 53 anos, estaria sendo mantida trancada em casa pelo companheiro. Segundo a den\u00fancia, a v\u00edtima era deixada na resid\u00eancia, sem acesso \u00e0s chaves, enquanto o suspeito sa\u00eda para trabalhar, al\u00e9m de sofrer restri\u00e7\u00f5es de locomo\u00e7\u00e3o e amea\u00e7as de morte caso procurasse a pol\u00edcia ou tentasse deixar o relacionamento. Ainda conforme apurado, a v\u00edtima encontrava-se enferma, apresentando sintomas como febre e dores, sem que o autor providenciasse atendimento m\u00e9dico.<\/p>\n<p>Diante das informa\u00e7\u00f5es, a equipe policial se deslocou at\u00e9 o endere\u00e7o indicado, constatando que o im\u00f3vel estava trancado com a v\u00edtima em seu interior, sem meios de sa\u00edda. Para realizar o resgate da v\u00edtima, foi necess\u00e1rio remover o cadeado com o uso de uma ferramenta.<\/p>\n<p>Na sequ\u00eancia, a v\u00edtima indicou o local de trabalho do autor, sendo realizada dilig\u00eancia que resultou em sua localiza\u00e7\u00e3o e identifica\u00e7\u00e3o. Ap\u00f3s confirma\u00e7\u00e3o de sua identidade, foi dada voz de pris\u00e3o em flagrante pelo crime de c\u00e1rcere privado, sendo o conduzido apresentado \u00e0 autoridade policial para ado\u00e7\u00e3o das medidas legais cab\u00edveis.<\/p>\n<p>Na unidade policial, o homem afirmou ter relatado \u00e0 v\u00edtima que existiria uma suposta maldi\u00e7\u00e3o lan\u00e7ada sobre ela, e que sacrif\u00edcios e ora\u00e7\u00f5es seriam necess\u00e1rios para romper este mal.<\/p>\n<p>A Pol\u00edcia Civil refor\u00e7a a import\u00e2ncia da den\u00fancia em casos de viol\u00eancia dom\u00e9stica e destaca que situa\u00e7\u00f5es dessa natureza exigem pronta interven\u00e7\u00e3o estatal para garantia da integridade f\u00edsica e psicol\u00f3gica das v\u00edtimas.<\/p>\n<p><em>Siga o Acorda Cidade no <\/em><a href=\"https:\/\/news.google.com\/search?q=acorda%20cidade&amp;hl=pt-BR&amp;gl=BR&amp;ceid=BR%3Apt-419\"><strong><em>Google Not\u00edcias<\/em><\/strong><\/a><em>\u00a0e receba os principais destaques do dia. Participe tamb\u00e9m dos nossos canais no\u00a0<\/em><a href=\"https:\/\/www.whatsapp.com\/channel\/0029Va6Rb4v3WHTNnsh8WI3N\"><strong><em>WhatsApp<\/em><\/strong><\/a><em>\u00a0e\u00a0<\/em><a href=\"https:\/\/www.youtube.com\/@acordacidadenoticias\/videos\"><strong>YouTube<\/strong><\/a><em>\u00a0e grupo de\u00a0<\/em><a href=\"https:\/\/t.me\/+sSz0khrgARA0ZmRh\"><strong><em>Telegram<\/em><\/strong><\/a><em>.<\/em><\/p>\n<\/div>\n","protected":false},"excerpt":{"rendered":"<div>\n<div>\n<figure><img decoding=\"async\" src=\"https:\/\/www.acordacidade.com.br\/wp-content\/uploads\/2026\/03\/Deam-Feira-de-Santana-Foto-Ascom-PCBA.jpg\" alt=\"Deam Feira de Santana\"><figcaption>Foto: Ascom-PCBA<\/figcaption><\/figure>\n<\/div>\n<p>A\u00e7\u00e3o teve in\u00edcio ap\u00f3s o filho da v\u00edtima relatar \u00e0 pol\u00edcia que sua genitora estaria sendo mantida trancada em casa pelo companheiro.<\/p><\/div>\n","protected":false},"author":1,"featured_media":129121,"comment_status":"closed","ping_status":"closed","sticky":false,"template":"","format":"gallery","meta":{"footnotes":""},"categories":[8,9,6,57,56,10],"tags":[],"class_list":["post-129120","post","type-post","status-publish","format-gallery","has-post-thumbnail","hentry","category-bahia","category-brasil","category-feira-de-santana","category-mundo","category-policia","category-politica","post_format-post-format-gallery"],"featured_image_urls":{"full":["https:\/\/noticiasbahia360.com.br\/wp-content\/uploads\/2026\/04\/Deam-Feira-de-Santana-Foto-Ascom-PCBA.jpg",1200,760,false],"thumbnail":["https:\/\/noticiasbahia360.com.br\/wp-content\/uploads\/2026\/04\/Deam-Feira-de-Santana-Foto-Ascom-PCBA-150x150.jpg",150,150,true],"medium":["https:\/\/noticiasbahia360.com.br\/wp-content\/uploads\/2026\/04\/Deam-Feira-de-Santana-Foto-Ascom-PCBA-300x190.jpg",300,190,true],"medium_large":["https:\/\/noticiasbahia360.com.br\/wp-content\/uploads\/2026\/04\/Deam-Feira-de-Santana-Foto-Ascom-PCBA-768x486.jpg",640,405,true],"large":["https:\/\/noticiasbahia360.com.br\/wp-content\/uploads\/2026\/04\/Deam-Feira-de-Santana-Foto-Ascom-PCBA-1024x649.jpg",640,406,true],"1536x1536":["https:\/\/noticiasbahia360.com.br\/wp-content\/uploads\/2026\/04\/Deam-Feira-de-Santana-Foto-Ascom-PCBA.jpg",1200,760,false],"2048x2048":["https:\/\/noticiasbahia360.com.br\/wp-content\/uploads\/2026\/04\/Deam-Feira-de-Santana-Foto-Ascom-PCBA.jpg",1200,760,false],"chromenews-featured":["https:\/\/noticiasbahia360.com.br\/wp-content\/uploads\/2026\/04\/Deam-Feira-de-Santana-Foto-Ascom-PCBA-1024x649.jpg",1024,649,true],"chromenews-large":["https:\/\/noticiasbahia360.com.br\/wp-content\/uploads\/2026\/04\/Deam-Feira-de-Santana-Foto-Ascom-PCBA-825x575.jpg",825,575,true],"chromenews-medium":["https:\/\/noticiasbahia360.com.br\/wp-content\/uploads\/2026\/04\/Deam-Feira-de-Santana-Foto-Ascom-PCBA-590x410.jpg",590,410,true]},"author_info":{"display_name":"noticiasbahia360.com.br","author_link":"https:\/\/noticiasbahia360.com.br\/?author=1"},"category_info":"<a href=\"https:\/\/noticiasbahia360.com.br\/?cat=8\" rel=\"category\">Bahia<\/a> <a href=\"https:\/\/noticiasbahia360.com.br\/?cat=9\" rel=\"category\">Brasil<\/a> <a href=\"https:\/\/noticiasbahia360.com.br\/?cat=6\" rel=\"category\">Feira de Santana<\/a> <a href=\"https:\/\/noticiasbahia360.com.br\/?cat=57\" rel=\"category\">Mundo<\/a> <a href=\"https:\/\/noticiasbahia360.com.br\/?cat=56\" rel=\"category\">Pol\u00edcia<\/a> <a href=\"https:\/\/noticiasbahia360.com.br\/?cat=10\" rel=\"category\">Pol\u00edtica<\/a>","tag_info":"Pol\u00edtica","comment_count":"0","_links":{"self":[{"href":"https:\/\/noticiasbahia360.com.br\/index.php?rest_route=\/wp\/v2\/posts\/129120","targetHints":{"allow":["GET"]}}],"collection":[{"href":"https:\/\/noticiasbahia360.com.br\/index.php?rest_route=\/wp\/v2\/posts"}],"about":[{"href":"https:\/\/noticiasbahia360.com.br\/index.php?rest_route=\/wp\/v2\/types\/post"}],"author":[{"embeddable":true,"href":"https:\/\/noticiasbahia360.com.br\/index.php?rest_route=\/wp\/v2\/users\/1"}],"replies":[{"embeddable":true,"href":"https:\/\/noticiasbahia360.com.br\/index.php?rest_route=%2Fwp%2Fv2%2Fcomments&post=129120"}],"version-history":[{"count":0,"href":"https:\/\/noticiasbahia360.com.br\/index.php?rest_route=\/wp\/v2\/posts\/129120\/revisions"}],"wp:featuredmedia":[{"embeddable":true,"href":"https:\/\/noticiasbahia360.com.br\/index.php?rest_route=\/wp\/v2\/media\/129121"}],"wp:attachment":[{"href":"https:\/\/noticiasbahia360.com.br\/index.php?rest_route=%2Fwp%2Fv2%2Fmedia&parent=129120"}],"wp:term":[{"taxonomy":"category","embeddable":true,"href":"https:\/\/noticiasbahia360.com.br\/index.php?rest_route=%2Fwp%2Fv2%2Fcategories&post=129120"},{"taxonomy":"post_tag","embeddable":true,"href":"https:\/\/noticiasbahia360.com.br\/index.php?rest_route=%2Fwp%2Fv2%2Ftags&post=129120"}],"curies":[{"name":"wp","href":"https:\/\/api.w.org\/{rel}","templated":true}]}}