{"id":129122,"date":"2026-04-30T19:06:43","date_gmt":"2026-04-30T22:06:43","guid":{"rendered":"https:\/\/noticiasbahia360.com.br\/?p=129122"},"modified":"2026-04-30T19:06:43","modified_gmt":"2026-04-30T22:06:43","slug":"tre-ba-realiza-plantao-de-atendimento-nos-dias-1-e-2-de-maio-em-feira-de-santana-e-outras-cidades","status":"publish","type":"post","link":"https:\/\/noticiasbahia360.com.br\/?p=129122","title":{"rendered":"TRE-BA realiza plant\u00e3o de atendimento nos dias 1\u00b0 e 2 de maio em Feira de Santana e outras cidades"},"content":{"rendered":"<div>\n<div>\n<figure><img decoding=\"async\" src=\"http:\/\/noticiasbahia360.com.br\/wp-content\/uploads\/2026\/04\/TRE-BA-realiza-mais-de-5-mil-atendimentos-eleitorais-durante-as-primeiras-2h-de-plantao-Foto-Reproducao-TRE-1.jpg\" alt=\"TRE-BA realiza mais de 5 mil atendimentos eleitorais durante as primeiras 2h de plant\u00e3o\"><figcaption>Foto: Reprodu\u00e7\u00e3o\/ TRE<\/figcaption><\/figure>\n<\/div>\n<p>O Tribunal Regional Eleitoral da Bahia (TRE-BA) realizar\u00e1 novos plant\u00f5es de atendimento nos dias 1\u00b0 e 2 de maio a eleitores e eleitoras por toda a Bahia. Os cart\u00f3rios eleitorais e as Centrais de Atendimento ao P\u00fablico (CAP) em Salvador, em Feira de Santana e em outras cidades do interior do estado funcionar\u00e3o das 8h \u00e0s 12h, tanto na sexta-feira (feriado) quanto no s\u00e1bado. A a\u00e7\u00e3o busca oportunizar, dentre outros servi\u00e7os, o alistamento eleitoral e a regulariza\u00e7\u00e3o de\u00a0 t\u00edtulos cancelados.\u00a0<\/p>\n<p>A iniciativa \u00e9 orientada pela\u00a0<a href=\"https:\/\/www.tre-ba.jus.br\/legislacao\/compilada\/portaria-da-presidencia\/2026\/portaria-no-406-de-07-de-abril-de-2026\" target=\"_blank\" rel=\"noreferrer noopener\">Portaria n\u00ba 406, de 7 de abril de 2026, publicada no Di\u00e1rio da Justi\u00e7a Eletr\u00f4nico (DJE)<\/a>\u00a0e tem como foco a reta final para o fechamento do Cadastro Eleitoral para as Elei\u00e7\u00f5es 2026, que ocorrer\u00e1 no dia 6 de maio. Na Bahia, mais de 450 mil eleitoras(es) ainda est\u00e3o com o t\u00edtulo cancelado.<\/p>\n<p>Segundo Mirella Cunha, diretora-geral do TRE-BA, os plant\u00f5es s\u00e3o \u00f3timas oportunidades para o(a) eleitor(a) ficar em dia com a Justi\u00e7a Eleitoral, especialmente para quem n\u00e3o consegue ir aos postos de atendimento durante a semana. \u201cAs pessoas que n\u00e3o podem resolver as pend\u00eancias eleitorais durante os dias considerados \u00fateis, por quest\u00f5es de trabalho ou de outra natureza, v\u00e3o poder regularizar o documento e\/ou a situa\u00e7\u00e3o eleitoral por meio desta iniciativa, comparecendo aos cart\u00f3rios, CAP ou SAC\u201d, afirma.<\/p>\n<h2 class=\"wp-block-heading\" id=\"h-servicos-disponiveis\"><strong>Servi\u00e7os dispon\u00edveis<\/strong><\/h2>\n<p>Durante os dois dias, a popula\u00e7\u00e3o baiana poder\u00e1 emitir a primeira via do t\u00edtulo, regularizar a situa\u00e7\u00e3o eleitoral, coletar a biometria, realizar a transfer\u00eancia de domic\u00edlio eleitoral, alterar o local de vota\u00e7\u00e3o, revisar os dados cadastrais, dentre outros servi\u00e7os eleitorais.\u00a0<\/p>\n<p>Para participar do atendimento, \u00e9 necess\u00e1rio apresentar comprovante de resid\u00eancia emitido h\u00e1, no m\u00e1ximo, tr\u00eas meses, e documento de identifica\u00e7\u00e3o com foto (Registro Geral; Carteira Nacional de Habilita\u00e7\u00e3o do modelo novo; Passaporte; Carteira de Trabalho e Previd\u00eancia Social; Documento Nacional de Identifica\u00e7\u00e3o ou carteira emitida pelos \u00f3rg\u00e3os criados por lei, a exemplo da Ordem dos Advogados do Brasil \u2013 Se\u00e7\u00e3o Bahia (OAB-BA), Conselho Regional de Engenharia e Agronomia da Bahia (CREA-BA) e Conselho Federal de Medicina (CRM)).\u00a0Homens que completam 19 anos no ano do alistamento, tamb\u00e9m \u00e9 exigido o certificado de quita\u00e7\u00e3o militar.\u00a0<\/p>\n<h2 class=\"wp-block-heading\" id=\"h-excecao-em-coite\"><strong>Exce\u00e7\u00e3o em Coit\u00e9<\/strong><\/h2>\n<p>O plant\u00e3o de atendimento n\u00e3o ser\u00e1 aderido no munic\u00edpio de Concei\u00e7\u00e3o do Coit\u00e9-BA, sede da 132\u00aa Zona Eleitoral. A dispensa pelo TRE-BA ocorre em virtude da realiza\u00e7\u00e3o da tradicional micareta do munic\u00edpio, que ocorrer\u00e1 de 30 de abril a 3 de maio.\u00a0<\/p>\n<h2 class=\"wp-block-heading\" id=\"h-balanco-nbsp\"><strong>Balan\u00e7o\u00a0<\/strong><\/h2>\n<p>No primeiro plant\u00e3o eleitoral, realizado no s\u00e1bado (25) pelo Regional baiano, foram contabilizados 5.484 atendimentos na Bahia, sendo 4.743 opera\u00e7\u00f5es realizadas no interior do estado e 741 em Salvador.<\/p>\n<h2 class=\"wp-block-heading\" id=\"h-extensao-do-horario-de-atendimento\"><strong>Extens\u00e3o do hor\u00e1rio de atendimento<\/strong><\/h2>\n<p>Em Salvador, no per\u00edodo de 4 a 6 de maio (segunda a quarta-feira), os cart\u00f3rios eleitorais e a CAP funcionar\u00e3o das 8h \u00e0s 18h. Nos munic\u00edpios do interior do estado, os trabalhos estar\u00e3o dispon\u00edveis das 8h \u00e0s 15h. O atendimento ser\u00e1 por demanda espont\u00e2nea, ou seja, por ordem de chegada. J\u00e1 os Postos de Atendimento Descentralizados (PADs) e as unidades do Servi\u00e7o de Atendimento ao Cidad\u00e3o (SAC), seguir\u00e3o seus hor\u00e1rios habituais de funcionamento.\u00a0\u00a0<\/p>\n<p>Apesar do feriado de emancipa\u00e7\u00e3o pol\u00edtica do munic\u00edpio de Central, no dia 6 de maio, o cart\u00f3rio eleitoral funcionar\u00e1 normalmente, das 8h \u00e0s 15h, oferecendo servi\u00e7os ao p\u00fablico.<\/p>\n<p><strong>Leia tamb\u00e9m: <\/strong><\/p>\n<p><a href=\"https:\/\/www.acordacidade.com.br\/bahia\/tre-realiza-5-484-atendimentos-no-primeiro-plantao-eleitoral-na-bahia\/\">TRE realiza 5.484 atendimentos no primeiro plant\u00e3o eleitoral na Bahia<\/a><\/p>\n<p><a href=\"https:\/\/www.acordacidade.com.br\/feira-de-santana\/populacao-reclama-de-atendimento-no-mutirao-do-forum-da-justica-eleitoral-de-feira-de-santana\/\">Popula\u00e7\u00e3o reclama de atendimento no mutir\u00e3o do F\u00f3rum da Justi\u00e7a Eleitoral de Feira de Santana<\/a><\/p>\n<p><em>Siga o Acorda Cidade no\u00a0<\/em><a href=\"https:\/\/news.google.com\/search?q=acorda%20cidade&amp;hl=pt-BR&amp;gl=BR&amp;ceid=BR%3Apt-419\"><strong><em>Google Not\u00edcias<\/em><\/strong><\/a><em>\u00a0e receba os principais destaques do dia. Participe tamb\u00e9m dos nossos canais no\u00a0<\/em><a href=\"https:\/\/www.whatsapp.com\/channel\/0029Va6Rb4v3WHTNnsh8WI3N\"><strong><em>WhatsApp<\/em><\/strong><\/a><em>\u00a0e\u00a0<\/em><a href=\"https:\/\/www.youtube.com\/@acordacidadenoticias\/videos\"><strong>YouTube<\/strong><\/a><em>\u00a0e grupo de\u00a0<\/em><a href=\"https:\/\/t.me\/+sSz0khrgARA0ZmRh\"><strong><em>Telegram<\/em><\/strong><\/a><em>.<\/em><\/p>\n<\/div>\n","protected":false},"excerpt":{"rendered":"<div>\n<div>\n<figure><img decoding=\"async\" src=\"https:\/\/uploads.acordacidade.com.br\/2026\/04\/TRE-BA-realiza-mais-de-5-mil-atendimentos-eleitorais-durante-as-primeiras-2h-de-plantao-Foto-Reproducao-TRE.jpg\" alt=\"TRE-BA realiza mais de 5 mil atendimentos eleitorais durante as primeiras 2h de plant\u00e3o\"><figcaption>Foto: Reprodu\u00e7\u00e3o\/ TRE<\/figcaption><\/figure>\n<\/div>\n<p>Durante os dois dias, a popula\u00e7\u00e3o baiana poder\u00e1 emitir a primeira via do t\u00edtulo, regularizar a situa\u00e7\u00e3o eleitoral, coletar a biometria.<\/p><\/div>\n","protected":false},"author":1,"featured_media":129123,"comment_status":"closed","ping_status":"closed","sticky":false,"template":"","format":"gallery","meta":{"footnotes":""},"categories":[8,9,6,57,56,10],"tags":[],"class_list":["post-129122","post","type-post","status-publish","format-gallery","has-post-thumbnail","hentry","category-bahia","category-brasil","category-feira-de-santana","category-mundo","category-policia","category-politica","post_format-post-format-gallery"],"featured_image_urls":{"full":["https:\/\/noticiasbahia360.com.br\/wp-content\/uploads\/2026\/04\/TRE-BA-realiza-mais-de-5-mil-atendimentos-eleitorais-durante-as-primeiras-2h-de-plantao-Foto-Reproducao-TRE-1.jpg",1200,578,false],"thumbnail":["https:\/\/noticiasbahia360.com.br\/wp-content\/uploads\/2026\/04\/TRE-BA-realiza-mais-de-5-mil-atendimentos-eleitorais-durante-as-primeiras-2h-de-plantao-Foto-Reproducao-TRE-1-150x150.jpg",150,150,true],"medium":["https:\/\/noticiasbahia360.com.br\/wp-content\/uploads\/2026\/04\/TRE-BA-realiza-mais-de-5-mil-atendimentos-eleitorais-durante-as-primeiras-2h-de-plantao-Foto-Reproducao-TRE-1-300x145.jpg",300,145,true],"medium_large":["https:\/\/noticiasbahia360.com.br\/wp-content\/uploads\/2026\/04\/TRE-BA-realiza-mais-de-5-mil-atendimentos-eleitorais-durante-as-primeiras-2h-de-plantao-Foto-Reproducao-TRE-1-768x370.jpg",640,308,true],"large":["https:\/\/noticiasbahia360.com.br\/wp-content\/uploads\/2026\/04\/TRE-BA-realiza-mais-de-5-mil-atendimentos-eleitorais-durante-as-primeiras-2h-de-plantao-Foto-Reproducao-TRE-1-1024x493.jpg",640,308,true],"1536x1536":["https:\/\/noticiasbahia360.com.br\/wp-content\/uploads\/2026\/04\/TRE-BA-realiza-mais-de-5-mil-atendimentos-eleitorais-durante-as-primeiras-2h-de-plantao-Foto-Reproducao-TRE-1.jpg",1200,578,false],"2048x2048":["https:\/\/noticiasbahia360.com.br\/wp-content\/uploads\/2026\/04\/TRE-BA-realiza-mais-de-5-mil-atendimentos-eleitorais-durante-as-primeiras-2h-de-plantao-Foto-Reproducao-TRE-1.jpg",1200,578,false],"chromenews-featured":["https:\/\/noticiasbahia360.com.br\/wp-content\/uploads\/2026\/04\/TRE-BA-realiza-mais-de-5-mil-atendimentos-eleitorais-durante-as-primeiras-2h-de-plantao-Foto-Reproducao-TRE-1-1024x493.jpg",1024,493,true],"chromenews-large":["https:\/\/noticiasbahia360.com.br\/wp-content\/uploads\/2026\/04\/TRE-BA-realiza-mais-de-5-mil-atendimentos-eleitorais-durante-as-primeiras-2h-de-plantao-Foto-Reproducao-TRE-1-825x575.jpg",825,575,true],"chromenews-medium":["https:\/\/noticiasbahia360.com.br\/wp-content\/uploads\/2026\/04\/TRE-BA-realiza-mais-de-5-mil-atendimentos-eleitorais-durante-as-primeiras-2h-de-plantao-Foto-Reproducao-TRE-1-590x410.jpg",590,410,true]},"author_info":{"display_name":"noticiasbahia360.com.br","author_link":"https:\/\/noticiasbahia360.com.br\/?author=1"},"category_info":"<a href=\"https:\/\/noticiasbahia360.com.br\/?cat=8\" rel=\"category\">Bahia<\/a> <a href=\"https:\/\/noticiasbahia360.com.br\/?cat=9\" rel=\"category\">Brasil<\/a> <a href=\"https:\/\/noticiasbahia360.com.br\/?cat=6\" rel=\"category\">Feira de Santana<\/a> <a href=\"https:\/\/noticiasbahia360.com.br\/?cat=57\" rel=\"category\">Mundo<\/a> <a href=\"https:\/\/noticiasbahia360.com.br\/?cat=56\" rel=\"category\">Pol\u00edcia<\/a> <a href=\"https:\/\/noticiasbahia360.com.br\/?cat=10\" rel=\"category\">Pol\u00edtica<\/a>","tag_info":"Pol\u00edtica","comment_count":"0","_links":{"self":[{"href":"https:\/\/noticiasbahia360.com.br\/index.php?rest_route=\/wp\/v2\/posts\/129122","targetHints":{"allow":["GET"]}}],"collection":[{"href":"https:\/\/noticiasbahia360.com.br\/index.php?rest_route=\/wp\/v2\/posts"}],"about":[{"href":"https:\/\/noticiasbahia360.com.br\/index.php?rest_route=\/wp\/v2\/types\/post"}],"author":[{"embeddable":true,"href":"https:\/\/noticiasbahia360.com.br\/index.php?rest_route=\/wp\/v2\/users\/1"}],"replies":[{"embeddable":true,"href":"https:\/\/noticiasbahia360.com.br\/index.php?rest_route=%2Fwp%2Fv2%2Fcomments&post=129122"}],"version-history":[{"count":0,"href":"https:\/\/noticiasbahia360.com.br\/index.php?rest_route=\/wp\/v2\/posts\/129122\/revisions"}],"wp:featuredmedia":[{"embeddable":true,"href":"https:\/\/noticiasbahia360.com.br\/index.php?rest_route=\/wp\/v2\/media\/129123"}],"wp:attachment":[{"href":"https:\/\/noticiasbahia360.com.br\/index.php?rest_route=%2Fwp%2Fv2%2Fmedia&parent=129122"}],"wp:term":[{"taxonomy":"category","embeddable":true,"href":"https:\/\/noticiasbahia360.com.br\/index.php?rest_route=%2Fwp%2Fv2%2Fcategories&post=129122"},{"taxonomy":"post_tag","embeddable":true,"href":"https:\/\/noticiasbahia360.com.br\/index.php?rest_route=%2Fwp%2Fv2%2Ftags&post=129122"}],"curies":[{"name":"wp","href":"https:\/\/api.w.org\/{rel}","templated":true}]}}