{"id":129124,"date":"2026-04-30T19:25:58","date_gmt":"2026-04-30T22:25:58","guid":{"rendered":"https:\/\/noticiasbahia360.com.br\/?p=129124"},"modified":"2026-04-30T19:25:58","modified_gmt":"2026-04-30T22:25:58","slug":"confira-previsao-do-tempo-para-feriadao-do-dia-do-trabalho-em-feira-de-santana","status":"publish","type":"post","link":"https:\/\/noticiasbahia360.com.br\/?p=129124","title":{"rendered":"Confira previs\u00e3o do tempo para feriad\u00e3o do Dia do Trabalho em Feira de Santana"},"content":{"rendered":"<div>\n<div>\n<figure><img decoding=\"async\" src=\"http:\/\/noticiasbahia360.com.br\/wp-content\/uploads\/2026\/04\/comercio-de-feira-de-santana-ft-paulo-jose-acorda-cidade-0-2.webp\" alt=\"com\u00e9rcio de Feira de Santana registra movimenta\u00e7\u00e3o na v\u00e9spera do feriado de Tiradentes\"><figcaption>Foto: Paulo Jos\u00e9\/Acorda Cidade<\/figcaption><\/figure>\n<\/div>\n<p>A previs\u00e3o da ag\u00eancia Climatempo indica baixa possibilidade de chuva na regi\u00e3o de Feira de Santana durante o feriad\u00e3o de 1\u00ba de Maio, Dia do Trabalho, comemorado nesta sexta-feira. Caso ocorram precipita\u00e7\u00f5es, elas devem ser fracas e passageiras.<\/p>\n<p>Na sexta-feira (feriado), o dia ser\u00e1 de sol entre nuvens, com chuva r\u00e1pida. O volume previsto \u00e9 de apenas 0,5 mil\u00edmetro, com probabilidade de 85%. A temperatura pode chegar a 29\u00b0C, especialmente entre 12h e 14h.<\/p>\n<p>No s\u00e1bado, as chances de chuva aumentam para 88%, mas o volume segue baixo, podendo atingir at\u00e9 1,7 mil\u00edmetro. O dia ter\u00e1 nuvens passageiras, com per\u00edodos de sol, e a noite deve ter tempo firme. A temperatura m\u00e1xima ser\u00e1 de 28\u00b0C.<\/p>\n<p>J\u00e1 no domingo, a previs\u00e3o indica chuva leve pela manh\u00e3, com volume estimado em 1 mil\u00edmetro. \u00c0 noite, o c\u00e9u deve ficar limpo. O dia ser\u00e1 o mais quente do feriad\u00e3o, com temperatura m\u00e1xima de 30\u00b0C.<\/p>\n<p>Na segunda-feira (4), n\u00e3o h\u00e1 previs\u00e3o de chuva. O tempo ser\u00e1 de sol predominante, com temperatura podendo alcan\u00e7ar os 29\u00b0C, principalmente nas horas mais quentes do dia.<\/p>\n<p><em>As informa\u00e7\u00f5es s\u00e3o da Secretaria Municipal de Comunica\u00e7\u00e3o Social de Feira de Santana<\/em><\/p>\n<p><em>Siga o Acorda Cidade no\u00a0<\/em><a href=\"https:\/\/news.google.com\/search?q=acorda%20cidade&amp;hl=pt-BR&amp;gl=BR&amp;ceid=BR%3Apt-419\"><strong><em>Google Not\u00edcias<\/em><\/strong><\/a><em>\u00a0e receba os principais destaques do dia. Participe tamb\u00e9m dos nossos canais no\u00a0<\/em><a href=\"https:\/\/www.whatsapp.com\/channel\/0029Va6Rb4v3WHTNnsh8WI3N\"><strong><em>WhatsApp<\/em><\/strong><\/a><em>\u00a0e\u00a0<\/em><a href=\"https:\/\/www.youtube.com\/@acordacidadenoticias\/videos\"><strong>YouTube<\/strong><\/a><em>\u00a0e grupo de\u00a0<\/em><a href=\"https:\/\/t.me\/+sSz0khrgARA0ZmRh\"><strong><em>Telegram<\/em><\/strong><\/a><em>.<\/em><\/p>\n<\/div>\n","protected":false},"excerpt":{"rendered":"<div>\n<div>\n<figure><img decoding=\"async\" src=\"https:\/\/uploads.acordacidade.com.br\/2026\/04\/comercio-de-feira-de-santana-ft-paulo-jose-acorda-cidade-0.webp\" alt=\"com\u00e9rcio de Feira de Santana registra movimenta\u00e7\u00e3o na v\u00e9spera do feriado de Tiradentes\"><figcaption>Foto: Paulo Jos\u00e9\/Acorda Cidade<\/figcaption><\/figure>\n<\/div>\n<p>No feriado, o dia ser\u00e1 de sol entre nuvens, com chuva r\u00e1pida. O volume previsto \u00e9 de apenas 0,5 mil\u00edmetro, com probabilidade de 85%.<\/p><\/div>\n","protected":false},"author":1,"featured_media":129125,"comment_status":"closed","ping_status":"closed","sticky":false,"template":"","format":"gallery","meta":{"footnotes":""},"categories":[8,9,6,57,56,10],"tags":[],"class_list":["post-129124","post","type-post","status-publish","format-gallery","has-post-thumbnail","hentry","category-bahia","category-brasil","category-feira-de-santana","category-mundo","category-policia","category-politica","post_format-post-format-gallery"],"featured_image_urls":{"full":["https:\/\/noticiasbahia360.com.br\/wp-content\/uploads\/2026\/04\/comercio-de-feira-de-santana-ft-paulo-jose-acorda-cidade-0-2.webp",1200,796,false],"thumbnail":["https:\/\/noticiasbahia360.com.br\/wp-content\/uploads\/2026\/04\/comercio-de-feira-de-santana-ft-paulo-jose-acorda-cidade-0-2-150x150.webp",150,150,true],"medium":["https:\/\/noticiasbahia360.com.br\/wp-content\/uploads\/2026\/04\/comercio-de-feira-de-santana-ft-paulo-jose-acorda-cidade-0-2-300x199.webp",300,199,true],"medium_large":["https:\/\/noticiasbahia360.com.br\/wp-content\/uploads\/2026\/04\/comercio-de-feira-de-santana-ft-paulo-jose-acorda-cidade-0-2-768x509.webp",640,424,true],"large":["https:\/\/noticiasbahia360.com.br\/wp-content\/uploads\/2026\/04\/comercio-de-feira-de-santana-ft-paulo-jose-acorda-cidade-0-2-1024x679.webp",640,424,true],"1536x1536":["https:\/\/noticiasbahia360.com.br\/wp-content\/uploads\/2026\/04\/comercio-de-feira-de-santana-ft-paulo-jose-acorda-cidade-0-2.webp",1200,796,false],"2048x2048":["https:\/\/noticiasbahia360.com.br\/wp-content\/uploads\/2026\/04\/comercio-de-feira-de-santana-ft-paulo-jose-acorda-cidade-0-2.webp",1200,796,false],"chromenews-featured":["https:\/\/noticiasbahia360.com.br\/wp-content\/uploads\/2026\/04\/comercio-de-feira-de-santana-ft-paulo-jose-acorda-cidade-0-2-1024x679.webp",1024,679,true],"chromenews-large":["https:\/\/noticiasbahia360.com.br\/wp-content\/uploads\/2026\/04\/comercio-de-feira-de-santana-ft-paulo-jose-acorda-cidade-0-2-825x575.webp",825,575,true],"chromenews-medium":["https:\/\/noticiasbahia360.com.br\/wp-content\/uploads\/2026\/04\/comercio-de-feira-de-santana-ft-paulo-jose-acorda-cidade-0-2-590x410.webp",590,410,true]},"author_info":{"display_name":"noticiasbahia360.com.br","author_link":"https:\/\/noticiasbahia360.com.br\/?author=1"},"category_info":"<a href=\"https:\/\/noticiasbahia360.com.br\/?cat=8\" rel=\"category\">Bahia<\/a> <a href=\"https:\/\/noticiasbahia360.com.br\/?cat=9\" rel=\"category\">Brasil<\/a> <a href=\"https:\/\/noticiasbahia360.com.br\/?cat=6\" rel=\"category\">Feira de Santana<\/a> <a href=\"https:\/\/noticiasbahia360.com.br\/?cat=57\" rel=\"category\">Mundo<\/a> <a href=\"https:\/\/noticiasbahia360.com.br\/?cat=56\" rel=\"category\">Pol\u00edcia<\/a> <a href=\"https:\/\/noticiasbahia360.com.br\/?cat=10\" rel=\"category\">Pol\u00edtica<\/a>","tag_info":"Pol\u00edtica","comment_count":"0","_links":{"self":[{"href":"https:\/\/noticiasbahia360.com.br\/index.php?rest_route=\/wp\/v2\/posts\/129124","targetHints":{"allow":["GET"]}}],"collection":[{"href":"https:\/\/noticiasbahia360.com.br\/index.php?rest_route=\/wp\/v2\/posts"}],"about":[{"href":"https:\/\/noticiasbahia360.com.br\/index.php?rest_route=\/wp\/v2\/types\/post"}],"author":[{"embeddable":true,"href":"https:\/\/noticiasbahia360.com.br\/index.php?rest_route=\/wp\/v2\/users\/1"}],"replies":[{"embeddable":true,"href":"https:\/\/noticiasbahia360.com.br\/index.php?rest_route=%2Fwp%2Fv2%2Fcomments&post=129124"}],"version-history":[{"count":0,"href":"https:\/\/noticiasbahia360.com.br\/index.php?rest_route=\/wp\/v2\/posts\/129124\/revisions"}],"wp:featuredmedia":[{"embeddable":true,"href":"https:\/\/noticiasbahia360.com.br\/index.php?rest_route=\/wp\/v2\/media\/129125"}],"wp:attachment":[{"href":"https:\/\/noticiasbahia360.com.br\/index.php?rest_route=%2Fwp%2Fv2%2Fmedia&parent=129124"}],"wp:term":[{"taxonomy":"category","embeddable":true,"href":"https:\/\/noticiasbahia360.com.br\/index.php?rest_route=%2Fwp%2Fv2%2Fcategories&post=129124"},{"taxonomy":"post_tag","embeddable":true,"href":"https:\/\/noticiasbahia360.com.br\/index.php?rest_route=%2Fwp%2Fv2%2Ftags&post=129124"}],"curies":[{"name":"wp","href":"https:\/\/api.w.org\/{rel}","templated":true}]}}