{"id":129126,"date":"2026-04-30T19:56:09","date_gmt":"2026-04-30T22:56:09","guid":{"rendered":"https:\/\/noticiasbahia360.com.br\/?p=129126"},"modified":"2026-04-30T19:56:09","modified_gmt":"2026-04-30T22:56:09","slug":"salario-medio-do-trabalhador-bate-recorde-e-chega-a-r-3-722","status":"publish","type":"post","link":"https:\/\/noticiasbahia360.com.br\/?p=129126","title":{"rendered":"Sal\u00e1rio m\u00e9dio do trabalhador bate recorde e chega a R$ 3.722"},"content":{"rendered":"<div>\n<div>\n<figure><img decoding=\"async\" src=\"http:\/\/noticiasbahia360.com.br\/wp-content\/uploads\/2026\/04\/Dinheiro-Foto-Marcello-Casal-Jr-Agencia-Brasil-Arquivo.jpg\" alt=\"Dinheiro\"><figcaption>Foto: Marcello Casal Jr\/ Ag\u00eancia Brasil\/ Arquivo<\/figcaption><\/figure>\n<\/div>\n<p>Ag\u00eancia Brasil \u2014\u00a0<strong>O rendimento m\u00e9dio mensal do trabalhador brasileiro alcan\u00e7ou R$ 3.722 no primeiro trimestre de 2026.\u00a0<\/strong>Esse valor representa acr\u00e9scimo real \u2013 j\u00e1 descontada a infla\u00e7\u00e3o \u2013 de 5,5% em rela\u00e7\u00e3o ao registrado no mesmo per\u00edodo de 2025.\u00a0<strong>\u00c9 o maior registrado em toda s\u00e9rie hist\u00f3rica da\u00a0<a href=\"https:\/\/agenciadenoticias.ibge.gov.br\/media\/com_mediaibge\/arquivos\/69f95a225b42486551a85a6e04e990ac.pdf\" target=\"_blank\" rel=\"noreferrer noopener\">Pesquisa Nacional por Amostra de Domic\u00edlios (Pnad) Cont\u00ednua<\/a>, iniciada em 2012.<\/strong><img decoding=\"async\" src=\"https:\/\/agenciabrasil.ebc.com.br\/ebc.png?id=1687799&amp;o=node\"><img decoding=\"async\" src=\"https:\/\/agenciabrasil.ebc.com.br\/ebc.gif?id=1687799&amp;o=node\"><\/p>\n<p><strong>O trimestre encerrado em mar\u00e7o \u00e9 o segundo consecutivo em que o sal\u00e1rio m\u00e9dio supera a casa dos R$ 3,7 mil.<\/strong>\u00a0No per\u00edodo de tr\u00eas meses terminado em fevereiro, o rendimento foi de R$ 3.702. Na compara\u00e7\u00e3o com o quarto trimestre de 2025, quando o valor era de R$ 3.662, houve expans\u00e3o de 1,6%.<\/p>\n<p>Os dados foram divulgados nesta quinta-feira (30) pelo\u00a0Instituto Brasileiro de Geografia e Estat\u00edstica (IBGE), no Rio de Janeiro.<\/p>\n<p>A pesquisa do IBGE coleta informa\u00e7\u00f5es de dez grupos de atividades. Em oito deles, o rendimento m\u00e9dio ficou est\u00e1vel (sem varia\u00e7\u00e3o significativa). Em dois, houve aumento m\u00e9dio de sal\u00e1rios: no com\u00e9rcio, alta de 3% (mais R$ 86); na administra\u00e7\u00e3o p\u00fablica, 2,5% (mais R$ 127).<\/p>\n<h2 class=\"wp-block-heading\" id=\"h-causas\">Causas<\/h2>\n<p><strong>A coordenadora de pesquisas domiciliares do IBGE, Adriana Beringuy, considera que parte desse rendimento recorde pode ser atribu\u00edda\u00a0ao aumento do\u00a0sal\u00e1rio m\u00ednimo, no come\u00e7o de janeiro, fixado em R$ 1.621.<\/strong><\/p>\n<blockquote class=\"wp-block-quote is-layout-flow wp-block-quote-is-layout-flow\">\n<p>\u201cPode ter uma participa\u00e7\u00e3o j\u00e1 dessa quest\u00e3o do reajuste do sal\u00e1rio m\u00ednimo, que \u00e9 uma recomposi\u00e7\u00e3o e at\u00e9 ganhos reais [acima da infla\u00e7\u00e3o].\u201d<\/p>\n<\/blockquote>\n<p>No entanto, a analista destaca outro fator: no primeiro trimestre de 2026 houve redu\u00e7\u00e3o de 1 milh\u00e3o de pessoas na quantidade de trabalhadores ocupados em compara\u00e7\u00e3o com o quarto trimestre de 2025.<\/p>\n<p>A diminui\u00e7\u00e3o do contingente foi mais concentrada em trabalhadores informais, que ganham menos.<\/p>\n<p>\u201cEnt\u00e3o, a m\u00e9dia de rendimento dos que est\u00e3o ocupados nesse primeiro trimestre de 2026, comparativamente, \u00e9 maior que a m\u00e9dia de rendimento do quarto trimestre\u201d, completa.<\/p>\n<h2 class=\"wp-block-heading\" id=\"h-rendimentos\">Rendimentos<\/h2>\n<p><strong>A pesquisa do IBGE mostrou ainda que a massa de rendimento dos trabalhadores ficou em R$ 374,8 bilh\u00f5es, tamb\u00e9m a maior j\u00e1 apurada na s\u00e9rie hist\u00f3rica.<\/strong><\/p>\n<p>Esse montante \u00e9 o somat\u00f3rio dos sal\u00e1rios de todos os trabalhadores, dinheiro que acaba sendo usado para consumo, pagamento de d\u00edvidas, investimentos e poupan\u00e7a.<\/p>\n<p>Em rela\u00e7\u00e3o ao primeiro trimestre do ano passado, a massa salarial cresceu 7,1% acima da infla\u00e7\u00e3o. Isso representa, no total, R$ 24,8 bilh\u00f5es a mais na m\u00e3o dos trabalhadores no intervalo de um ano.<\/p>\n<h2 class=\"wp-block-heading\" id=\"h-previdencia\">Previd\u00eancia<\/h2>\n<p><strong>O IBGE identificou que a parcela de pessoas contribuintes para fins de previd\u00eancia no primeiro trimestre de 2026 ficou em 66,9% dos trabalhadores ocupados.<\/strong><\/p>\n<p><strong>Esse \u00e9 a maior propor\u00e7\u00e3o j\u00e1 registrada pela pesquisa e representa 68.174 milh\u00f5es de trabalhadores protegidos socialmente.<\/strong><\/p>\n<p>Ao contribuir para institutos de previd\u00eancia, o trabalhador adquire garantias, como aposentadoria, benef\u00edcio por incapacidade e pens\u00e3o por morte.<\/p>\n<p>O IBGE considera contribuintes os empregados, empregadores, trabalhadores dom\u00e9sticos e por conta pr\u00f3pria que tenham contribu\u00eddo para institutos de previd\u00eancia oficial federal (INSS ou Plano de Seguridade Social da Uni\u00e3o), estadual ou municipal.<\/p>\n<p>De acordo com Adriana Beringuy, a explica\u00e7\u00e3o para o recorde de participa\u00e7\u00e3o est\u00e1 na queda da informalidade. \u201cOs informais contribuem menos para a previd\u00eancia.\u201d<\/p>\n<p>No trimestre encerrado em mar\u00e7o, a taxa de informalidade foi de 37,3% da popula\u00e7\u00e3o ocupada, o que equivale a 38,1 milh\u00f5es de trabalhadores informais, ou seja, sem direitos trabalhistas garantidos.<\/p>\n<p>No fim de 2025, a taxa era de 37,6%, enquanto no primeiro trimestre de 2025 era 38%.<\/p>\n<p>O IBGE esclarece que um trabalhador informal (por exemplo, um conta pr\u00f3pria sem CNPJ) pode ser contribuinte individual do INSS.<\/p>\n<h2 class=\"wp-block-heading\" id=\"h-desemprego-menor\">Desemprego menor<\/h2>\n<p>A Pnad \u00e9 o principal retrato do emprego no pa\u00eds e apura o comportamento no mercado de trabalho para pessoas com 14 anos ou mais e leva em conta todas as formas de ocupa\u00e7\u00e3o, seja com ou sem carteira assinada, tempor\u00e1rio e por conta pr\u00f3pria, por exemplo.<\/p>\n<p><strong>No primeiro trimestre do ano,\u00a0a taxa de desemprego ficou em 6,1%, a menor j\u00e1 registrada para o per\u00edodo.<\/strong><\/p>\n<p>Pelos crit\u00e9rios do instituto, s\u00f3 \u00e9 considerada desocupada a pessoa que efetivamente procurou uma vaga 30 dias antes da pesquisa. S\u00e3o visitados 211 mil domic\u00edlios em todos os estados e no Distrito Federal.<\/p>\n<p><em>Siga o Acorda Cidade no\u00a0<\/em><a href=\"https:\/\/news.google.com\/search?q=acorda%20cidade&amp;hl=pt-BR&amp;gl=BR&amp;ceid=BR%3Apt-419\"><strong><em>Google Not\u00edcias<\/em><\/strong><\/a><em>\u00a0e receba os principais destaques do dia. Participe tamb\u00e9m dos nossos canais no\u00a0<\/em><a href=\"https:\/\/www.whatsapp.com\/channel\/0029Va6Rb4v3WHTNnsh8WI3N\"><strong><em>WhatsApp<\/em><\/strong><\/a><em>\u00a0e\u00a0<\/em><a href=\"https:\/\/www.youtube.com\/@acordacidadenoticias\/videos\"><strong>YouTube<\/strong><\/a><em>\u00a0e grupo de\u00a0<\/em><a href=\"https:\/\/t.me\/+sSz0khrgARA0ZmRh\"><strong><em>Telegram<\/em><\/strong><\/a><em>.<\/em><\/p>\n<\/div>\n","protected":false},"excerpt":{"rendered":"<div>\n<div>\n<figure><img decoding=\"async\" src=\"https:\/\/uploads.acordacidade.com.br\/2026\/03\/Dinheiro-Foto-Marcello-Casal-Jr-Agencia-Brasil-Arquivo.jpg\" alt=\"Dinheiro\"><figcaption>Foto: Marcello Casal Jr\/ Ag\u00eancia Brasil\/ Arquivo<\/figcaption><\/figure>\n<\/div>\n<p>O trimestre encerrado em mar\u00e7o \u00e9 o segundo consecutivo em que o sal\u00e1rio m\u00e9dio supera a casa dos R$ 3,7 mil.<\/p><\/div>\n","protected":false},"author":1,"featured_media":129127,"comment_status":"closed","ping_status":"closed","sticky":false,"template":"","format":"gallery","meta":{"footnotes":""},"categories":[8,9,6,57,56,10],"tags":[],"class_list":["post-129126","post","type-post","status-publish","format-gallery","has-post-thumbnail","hentry","category-bahia","category-brasil","category-feira-de-santana","category-mundo","category-policia","category-politica","post_format-post-format-gallery"],"featured_image_urls":{"full":["https:\/\/noticiasbahia360.com.br\/wp-content\/uploads\/2026\/04\/Dinheiro-Foto-Marcello-Casal-Jr-Agencia-Brasil-Arquivo.jpg",1200,718,false],"thumbnail":["https:\/\/noticiasbahia360.com.br\/wp-content\/uploads\/2026\/04\/Dinheiro-Foto-Marcello-Casal-Jr-Agencia-Brasil-Arquivo-150x150.jpg",150,150,true],"medium":["https:\/\/noticiasbahia360.com.br\/wp-content\/uploads\/2026\/04\/Dinheiro-Foto-Marcello-Casal-Jr-Agencia-Brasil-Arquivo-300x180.jpg",300,180,true],"medium_large":["https:\/\/noticiasbahia360.com.br\/wp-content\/uploads\/2026\/04\/Dinheiro-Foto-Marcello-Casal-Jr-Agencia-Brasil-Arquivo-768x460.jpg",640,383,true],"large":["https:\/\/noticiasbahia360.com.br\/wp-content\/uploads\/2026\/04\/Dinheiro-Foto-Marcello-Casal-Jr-Agencia-Brasil-Arquivo-1024x613.jpg",640,383,true],"1536x1536":["https:\/\/noticiasbahia360.com.br\/wp-content\/uploads\/2026\/04\/Dinheiro-Foto-Marcello-Casal-Jr-Agencia-Brasil-Arquivo.jpg",1200,718,false],"2048x2048":["https:\/\/noticiasbahia360.com.br\/wp-content\/uploads\/2026\/04\/Dinheiro-Foto-Marcello-Casal-Jr-Agencia-Brasil-Arquivo.jpg",1200,718,false],"chromenews-featured":["https:\/\/noticiasbahia360.com.br\/wp-content\/uploads\/2026\/04\/Dinheiro-Foto-Marcello-Casal-Jr-Agencia-Brasil-Arquivo-1024x613.jpg",1024,613,true],"chromenews-large":["https:\/\/noticiasbahia360.com.br\/wp-content\/uploads\/2026\/04\/Dinheiro-Foto-Marcello-Casal-Jr-Agencia-Brasil-Arquivo-825x575.jpg",825,575,true],"chromenews-medium":["https:\/\/noticiasbahia360.com.br\/wp-content\/uploads\/2026\/04\/Dinheiro-Foto-Marcello-Casal-Jr-Agencia-Brasil-Arquivo-590x410.jpg",590,410,true]},"author_info":{"display_name":"noticiasbahia360.com.br","author_link":"https:\/\/noticiasbahia360.com.br\/?author=1"},"category_info":"<a href=\"https:\/\/noticiasbahia360.com.br\/?cat=8\" rel=\"category\">Bahia<\/a> <a href=\"https:\/\/noticiasbahia360.com.br\/?cat=9\" rel=\"category\">Brasil<\/a> <a href=\"https:\/\/noticiasbahia360.com.br\/?cat=6\" rel=\"category\">Feira de Santana<\/a> <a href=\"https:\/\/noticiasbahia360.com.br\/?cat=57\" rel=\"category\">Mundo<\/a> <a href=\"https:\/\/noticiasbahia360.com.br\/?cat=56\" rel=\"category\">Pol\u00edcia<\/a> <a href=\"https:\/\/noticiasbahia360.com.br\/?cat=10\" rel=\"category\">Pol\u00edtica<\/a>","tag_info":"Pol\u00edtica","comment_count":"0","_links":{"self":[{"href":"https:\/\/noticiasbahia360.com.br\/index.php?rest_route=\/wp\/v2\/posts\/129126","targetHints":{"allow":["GET"]}}],"collection":[{"href":"https:\/\/noticiasbahia360.com.br\/index.php?rest_route=\/wp\/v2\/posts"}],"about":[{"href":"https:\/\/noticiasbahia360.com.br\/index.php?rest_route=\/wp\/v2\/types\/post"}],"author":[{"embeddable":true,"href":"https:\/\/noticiasbahia360.com.br\/index.php?rest_route=\/wp\/v2\/users\/1"}],"replies":[{"embeddable":true,"href":"https:\/\/noticiasbahia360.com.br\/index.php?rest_route=%2Fwp%2Fv2%2Fcomments&post=129126"}],"version-history":[{"count":0,"href":"https:\/\/noticiasbahia360.com.br\/index.php?rest_route=\/wp\/v2\/posts\/129126\/revisions"}],"wp:featuredmedia":[{"embeddable":true,"href":"https:\/\/noticiasbahia360.com.br\/index.php?rest_route=\/wp\/v2\/media\/129127"}],"wp:attachment":[{"href":"https:\/\/noticiasbahia360.com.br\/index.php?rest_route=%2Fwp%2Fv2%2Fmedia&parent=129126"}],"wp:term":[{"taxonomy":"category","embeddable":true,"href":"https:\/\/noticiasbahia360.com.br\/index.php?rest_route=%2Fwp%2Fv2%2Fcategories&post=129126"},{"taxonomy":"post_tag","embeddable":true,"href":"https:\/\/noticiasbahia360.com.br\/index.php?rest_route=%2Fwp%2Fv2%2Ftags&post=129126"}],"curies":[{"name":"wp","href":"https:\/\/api.w.org\/{rel}","templated":true}]}}