{"id":129128,"date":"2026-04-30T20:06:06","date_gmt":"2026-04-30T23:06:06","guid":{"rendered":"https:\/\/noticiasbahia360.com.br\/?p=129128"},"modified":"2026-04-30T20:06:06","modified_gmt":"2026-04-30T23:06:06","slug":"netflix-divulga-estreias-de-maio-com-series-ineditas-e-retornos-de-filmes-populares-veja","status":"publish","type":"post","link":"https:\/\/noticiasbahia360.com.br\/?p=129128","title":{"rendered":"Netflix divulga estreias de maio com s\u00e9ries in\u00e9ditas e retornos de filmes populares; veja"},"content":{"rendered":"<div>\n<div>\n<figure><img decoding=\"async\" src=\"http:\/\/noticiasbahia360.com.br\/wp-content\/uploads\/2026\/04\/sr-e-sra-smith.jpg\" alt=\"Netflix divulga estreias de maio com s\u00e9ries in\u00e9ditas e retornos de filmes populares; veja\"><figcaption>Angelina Jolie e Brad Pitt s\u00e3o John e Jane Smith no filme &#8216;Sr. e Sra. Smith&#8217; \u2014 Foto: Reprodu\u00e7\u00e3o<\/figcaption><\/figure>\n<\/div>\n<p>Maio chega daquele jeitinho: com cheiro de almo\u00e7o de domingo, abra\u00e7o apertado, e\u2026 novidades na Netflix. No m\u00eas marcado pelo Dia das M\u00e3es, a plataforma de streaming re\u00fane desde produ\u00e7\u00f5es in\u00e9ditas at\u00e9 t\u00edtulos j\u00e1 conhecidos do p\u00fablico que retornam ao cat\u00e1logo. A programa\u00e7\u00e3o mistura g\u00eaneros e apostas que v\u00e3o do drama \u00e0 com\u00e9dia, passando por a\u00e7\u00e3o, document\u00e1rios e conte\u00fados voltados para toda a fam\u00edlia.<\/p>\n<p>A proposta \u00e9 contemplar diferentes perfis de audi\u00eancia ao longo do m\u00eas, com estreias distribu\u00eddas em v\u00e1rias datas. <strong>A seguir, veja os principais lan\u00e7amentos previstos para maio na plataforma.<\/strong><\/p>\n<h2 class=\"wp-block-heading\" id=\"h-series\">S\u00e9ries<\/h2>\n<ul class=\"wp-block-list\">\n<li><strong>A Pousada do Jae-seok (EM BREVE)<\/strong><br \/>O h\u00f3spede \u00e9 rei, mas o anfitri\u00e3o tamb\u00e9m \u00e9! Yu Jae-seok abre sua primeira pousada, gerenciando tudo do jeito dele e servindo os h\u00f3spedes com os jogos que s\u00e3o sua marca registrada.<\/li>\n<li><strong>30 Rock: Temporadas 1 a 7 (01\/05\/2026)<\/strong><br \/>Liz comanda um programa de com\u00e9dia ca\u00f3tico, lidando com o elenco e o chefe exc\u00eantrico. Mas ela s\u00f3 quer resolver a vida e ter tempo para o queijinho de todas as noites.<\/li>\n<\/ul>\n<figure class=\"wp-block-image size-full\"><img fetchpriority=\"high\" fetchpriority=\"high\" decoding=\"async\" width=\"1200\" height=\"675\" src=\"http:\/\/noticiasbahia360.com.br\/wp-content\/uploads\/2026\/04\/30-rock-elenco-personagens-reproducao.jpg\" alt=\"Netflix divulga estreias de maio com s\u00e9ries in\u00e9ditas e retornos de filmes populares; veja\" class=\"wp-image-649831\" srcset=\"http:\/\/noticiasbahia360.com.br\/wp-content\/uploads\/2026\/04\/30-rock-elenco-personagens-reproducao.jpg 1200w, https:\/\/uploads.acordacidade.com.br\/2026\/04\/30-rock-elenco-personagens-reproducao-750x422.jpg 750w, https:\/\/uploads.acordacidade.com.br\/2026\/04\/30-rock-elenco-personagens-reproducao-1000x563.jpg 1000w, https:\/\/uploads.acordacidade.com.br\/2026\/04\/30-rock-elenco-personagens-reproducao-450x253.jpg 450w, https:\/\/uploads.acordacidade.com.br\/2026\/04\/30-rock-elenco-personagens-reproducao-150x84.jpg 150w\" sizes=\"(max-width: 1200px) 100vw, 1200px\"><figcaption class=\"wp-element-caption\">Elenco de 30 Rock (Foto: Divulga\u00e7\u00e3o\/NBC)<\/figcaption><\/figure>\n<ul class=\"wp-block-list\">\n<li><strong>O Conto da Aia: Temporadas 1a 6 (06\/05\/2026)<\/strong><br \/>Quando um regime totalit\u00e1rio assume o controle dos Estados Unidos, uma mulher for\u00e7ada a gerar filhos luta contra o Estado opressor para reencontrar a filha e escapar.<\/li>\n<li><strong>My Royal Nemesis (08\/05\/2026)<\/strong><br \/>Uma vil\u00e3 da era Joseon condenada \u00e0 morte desperta na Seul de hoje, onde um herdeiro implac\u00e1vel pode ser sua \u00faltima chance de reden\u00e7\u00e3o.<\/li>\n<li><strong>Devil May Cry: Temporada 2 (12\/05\/2026)<\/strong><br \/>Dante confronta os pr\u00f3prios dem\u00f4nios e precisa encarar a \u00fanica for\u00e7a t\u00e3o grande como a dele: a do irm\u00e3o g\u00eameo Vergil. Come\u00e7a uma guerra entre mundos.<\/li>\n<\/ul>\n<figure class=\"wp-block-embed is-type-video is-provider-youtube wp-block-embed-youtube wp-embed-aspect-16-9 wp-has-aspect-ratio\">\n<div class=\"wp-block-embed__wrapper\">\n<iframe title=\"Devil May Cry: Temporada 2 | Trailer oficial | Netflix\" width=\"500\" height=\"281\" src=\"https:\/\/www.youtube.com\/embed\/D62pGnqODHE?feature=oembed\" frameborder=\"0\" allow=\"accelerometer; autoplay; clipboard-write; encrypted-media; gyroscope; picture-in-picture; web-share\" referrerpolicy=\"strict-origin-when-cross-origin\" allowfullscreen><\/iframe>\n<\/div>\n<\/figure>\n<ul class=\"wp-block-list\">\n<li><strong>Os SUPERtontos (15\/05\/2026)<\/strong><br \/>Nesta com\u00e9dia de a\u00e7\u00e3o apocal\u00edptica, um grupo de pessoas sem no\u00e7\u00e3o recebe superpoderes e come\u00e7a a lutar contra o mal em meio ao p\u00e2nico cada vez maior.<\/li>\n<li><strong>Berlim e a Dama com Arminho (15\/05\/2026)<\/strong><br \/>Sevilha \u00e9 um belo lugar para um roubo sem igual. De olho em uma obra de arte valiosa, Berlim convoca sua gangue para planejar um crime explosivo.<\/li>\n<li><strong>The Boroughs (21\/05\/2026)<\/strong><br \/>Em uma comunidade de aposentados aparentemente perfeita, um grupo improv\u00e1vel de her\u00f3is precisa deter uma amea\u00e7a, antes que ela roube a \u00fanica coisa que eles n\u00e3o t\u00eam: tempo.<\/li>\n<\/ul>\n<figure class=\"wp-block-embed is-type-video is-provider-youtube wp-block-embed-youtube wp-embed-aspect-16-9 wp-has-aspect-ratio\">\n<div class=\"wp-block-embed__wrapper\">\n<iframe title=\"The Boroughs | Trailer teaser oficial | Netflix\" width=\"500\" height=\"281\" src=\"https:\/\/www.youtube.com\/embed\/KO-7cS4nz1o?feature=oembed\" frameborder=\"0\" allow=\"accelerometer; autoplay; clipboard-write; encrypted-media; gyroscope; picture-in-picture; web-share\" referrerpolicy=\"strict-origin-when-cross-origin\" allowfullscreen><\/iframe>\n<\/div>\n<\/figure>\n<ul class=\"wp-block-list\">\n<li><strong>Manual de Assassinato para Boas Garotas: Temporada 2 (27\/05\/2026)<\/strong><br \/>Ap\u00f3s resolver o caso de Andie Bell, Pip (Emma Myers) est\u00e1 decidida a reparar os danos e deixar as investiga\u00e7\u00f5es para tr\u00e1s. Mas com o julgamento de Max Hastings (Henry Ashton) se aproximando, Jamie (Eden H. Davies), irm\u00e3o de Connor (Jude Morgan-Collie), desaparece sem deixar rastro e Pip precisa correr contra o tempo para tentar encontr\u00e1-lo.<\/li>\n<li><strong>Brasil 70: A Saga do Tri (29\/05\/2026)<\/strong><br \/>Em 1970, a Sele\u00e7\u00e3o Brasileira entra em campo com grandes sonhos e um desafio maior ainda: vencer a <a href=\"https:\/\/www.acordacidade.com.br\/tag\/copa-do-mundo\/\" type=\"post_tag\" id=\"39725\">Copa do Mundo<\/a> e se tornar tricampe\u00e3 mundial.<\/li>\n<\/ul>\n<figure class=\"wp-block-embed is-type-video is-provider-youtube wp-block-embed-youtube wp-embed-aspect-16-9 wp-has-aspect-ratio\">\n<div class=\"wp-block-embed__wrapper\">\n<iframe title=\"Brasil 70: A Saga do Tri | Teaser oficial | Netflix Brasil\" width=\"500\" height=\"281\" src=\"https:\/\/www.youtube.com\/embed\/3IzZNmVwQVc?feature=oembed\" frameborder=\"0\" allow=\"accelerometer; autoplay; clipboard-write; encrypted-media; gyroscope; picture-in-picture; web-share\" referrerpolicy=\"strict-origin-when-cross-origin\" allowfullscreen><\/iframe>\n<\/div>\n<\/figure>\n<h2 class=\"wp-block-heading\" id=\"h-filmes\">Filmes<\/h2>\n<ul class=\"wp-block-list\">\n<li><strong>De Volta ao Jogo (01\/05\/2026)<\/strong><br \/>Quando o filho de um g\u00e2ngster rouba seu carro e mata seu c\u00e3o, o destemido John Wick decide enfrentar todo o crime organizado como forma de vingan\u00e7a.<\/li>\n<li><strong>John Wick 2: Um Novo Dia Para Matar (01\/05\/2026)<\/strong><br \/>For\u00e7ado a honrar uma d\u00edvida de sua vida passada, John Wick assassina um alvo que n\u00e3o desejava matar, depois \u00e9 tra\u00eddo pelo mandante do crime.<\/li>\n<\/ul>\n<figure class=\"wp-block-image size-full\"><img decoding=\"async\" width=\"1200\" height=\"536\" src=\"http:\/\/noticiasbahia360.com.br\/wp-content\/uploads\/2026\/04\/vitrine-johnwickdog.jpg\" alt=\"https:\/\/youtu.be\/8-KFnxx4rgk\" class=\"wp-image-649833\" srcset=\"http:\/\/noticiasbahia360.com.br\/wp-content\/uploads\/2026\/04\/vitrine-johnwickdog.jpg 1200w, https:\/\/uploads.acordacidade.com.br\/2026\/04\/vitrine-johnwickdog-750x335.jpg 750w, https:\/\/uploads.acordacidade.com.br\/2026\/04\/vitrine-johnwickdog-1000x447.jpg 1000w, https:\/\/uploads.acordacidade.com.br\/2026\/04\/vitrine-johnwickdog-450x201.jpg 450w, https:\/\/uploads.acordacidade.com.br\/2026\/04\/vitrine-johnwickdog-150x67.jpg 150w\" sizes=\"(max-width: 1200px) 100vw, 1200px\"><figcaption class=\"wp-element-caption\">John Wick 2 \u2013 Divulga\u00e7\u00e3o<\/figcaption><\/figure>\n<ul class=\"wp-block-list\">\n<li><strong>John Wick: Chapter 3 \u2013 Parabellum (01\/05\/2026)<\/strong><br \/>Com uma recompensa milion\u00e1ria por sua cabe\u00e7a, o assassino de elite John Wick enfrenta todos em seu caminho para encontrar antigos aliados e retomar a vida.<\/li>\n<li><strong>Sr. e Sra. Smith (01\/05\/2026)<\/strong><br \/>A vida de um pacato casal muda radicalmente quando os dois descobrem que guardam um mesmo segredo: s\u00e3o assassinos profissionais.<\/li>\n<li><strong>Antes S\u00f3 Do Que Mal Casado (01\/05\/2026)<\/strong><br \/>Acreditando ter encontrado a mulher dos sonhos, um homem se casa apressadamente. Mas, durante a lua de mel, acaba descobrindo que cometeu um grande erro.<\/li>\n<li><strong>Meu Casamento Preferido\u200b (01\/05\/2026)<\/strong><br \/>Dispensada pelo namorado, uma madrinha viaja sozinha para o casamento da melhor amiga. L\u00e1, ela acaba se aproximando do padrinho do noivo.<\/li>\n<li><strong>Scarface (01\/05\/2026)<\/strong><br \/>Ele chegou ao topo do imp\u00e9rio do narcotr\u00e1fico, mas logo ser\u00e1 engolido pelo mundo do v\u00edcio, da obsess\u00e3o e da brutalidade \u2014 e suas terr\u00edveis consequ\u00eancias.<\/li>\n<\/ul>\n<figure class=\"wp-block-image size-full\"><img decoding=\"async\" width=\"1200\" height=\"750\" src=\"http:\/\/noticiasbahia360.com.br\/wp-content\/uploads\/2026\/04\/al-pacino-scarface.jpg\" alt=\"Netflix divulga estreias de maio com s\u00e9ries in\u00e9ditas e retornos de filmes populares; veja\" class=\"wp-image-649834\" srcset=\"http:\/\/noticiasbahia360.com.br\/wp-content\/uploads\/2026\/04\/al-pacino-scarface.jpg 1200w, https:\/\/uploads.acordacidade.com.br\/2026\/04\/al-pacino-scarface-750x469.jpg 750w, https:\/\/uploads.acordacidade.com.br\/2026\/04\/al-pacino-scarface-1000x625.jpg 1000w, https:\/\/uploads.acordacidade.com.br\/2026\/04\/al-pacino-scarface-450x281.jpg 450w, https:\/\/uploads.acordacidade.com.br\/2026\/04\/al-pacino-scarface-150x94.jpg 150w\" sizes=\"(max-width: 1200px) 100vw, 1200px\"><figcaption class=\"wp-element-caption\">Al Pacino no \u2018Scarface\u2019 de 1983 \u2014 Foto: Divulga\u00e7\u00e3o\/Universal<\/figcaption><\/figure>\n<ul class=\"wp-block-list\">\n<li><strong>Tetra: Acreditar de Novo (07\/05\/2026)<\/strong><br \/>Este document\u00e1rio relembra a trajet\u00f3ria da sele\u00e7\u00e3o brasileira rumo ao t\u00edtulo da Copa do Mundo de 1994, com entrevistas exclusivas de craques da equipe e de advers\u00e1rios, al\u00e9m de imagens in\u00e9ditas registradas pelos pr\u00f3prios jogadores.\u00a0<\/li>\n<li><strong>Garota Infernal (08\/05\/2026)<\/strong><br \/>A bela l\u00edder de torcida Jennifer \u00e9 transformada em dem\u00f4nio ap\u00f3s um encontro sobrenatural com uma banda sat\u00e2nica.<\/li>\n<\/ul>\n<figure class=\"wp-block-image size-full\"><img decoding=\"async\" width=\"1200\" height=\"675\" src=\"http:\/\/noticiasbahia360.com.br\/wp-content\/uploads\/2026\/04\/Garota-infernal.jpg\" alt=\"Netflix divulga estreias de maio com s\u00e9ries in\u00e9ditas e retornos de filmes populares; veja\" class=\"wp-image-649832\" srcset=\"http:\/\/noticiasbahia360.com.br\/wp-content\/uploads\/2026\/04\/Garota-infernal.jpg 1200w, https:\/\/uploads.acordacidade.com.br\/2026\/04\/Garota-infernal-750x422.jpg 750w, https:\/\/uploads.acordacidade.com.br\/2026\/04\/Garota-infernal-1000x563.jpg 1000w, https:\/\/uploads.acordacidade.com.br\/2026\/04\/Garota-infernal-450x253.jpg 450w, https:\/\/uploads.acordacidade.com.br\/2026\/04\/Garota-infernal-150x84.jpg 150w\" sizes=\"(max-width: 1200px) 100vw, 1200px\"><figcaption class=\"wp-element-caption\">Megan Fox \u00e9 Jennifer Check em Garota Infernal \u2013 Foto: Divulga\u00e7\u00e3o<\/figcaption><\/figure>\n<ul class=\"wp-block-list\">\n<li><strong>Eu sou a lenda (08\/05\/2026)<\/strong><br \/>Um v\u00edrus se espalhou transformando a ra\u00e7a humana em monstros sanguin\u00e1rios. Um cientista, a \u00fanica pessoa que n\u00e3o foi infectada, ter\u00e1 que lutar contra a epidemia.<\/li>\n<li><strong>Criaturas Extraordinariamente Brilhantes (08\/05\/2026)<\/strong><br \/>Neste drama baseado em um best-seller, uma vi\u00fava faz amizade com um polvo esperto e um jovem perdido depois que come\u00e7a a trabalhar \u00e0 noite no aqu\u00e1rio da cidade.<\/li>\n<\/ul>\n<figure class=\"wp-block-embed is-type-video is-provider-youtube wp-block-embed-youtube wp-embed-aspect-16-9 wp-has-aspect-ratio\">\n<div class=\"wp-block-embed__wrapper\">\n<iframe title=\"Criaturas Extraordinariamente Brilhantes | Trailer oficial | Netflix\" width=\"500\" height=\"281\" src=\"https:\/\/www.youtube.com\/embed\/8-KFnxx4rgk?feature=oembed\" frameborder=\"0\" allow=\"accelerometer; autoplay; clipboard-write; encrypted-media; gyroscope; picture-in-picture; web-share\" referrerpolicy=\"strict-origin-when-cross-origin\" allowfullscreen><\/iframe>\n<\/div>\n<\/figure>\n<ul class=\"wp-block-list\">\n<li><strong>As M\u00e3es de Chico Xavier (13\/05\/2026)<\/strong><br \/>Tr\u00eas m\u00e3es desesperadas com os desafios da maternidade buscam o aconselhamento do m\u00e9dium Chico Xavier.<\/li>\n<li><strong>Est\u00f4mago (13\/05\/2026)<\/strong><br \/>De um boteco simples a um restaurante renomado\u2026 \u00e0 cela da pris\u00e3o. A jornada de um talentoso cozinheiro em S\u00e3o Paulo \u00e9 cheia de surpresas.<\/li>\n<li><strong>Coco Antes de Chanel (15\/05\/2026)<\/strong><br \/>Conhe\u00e7a a hist\u00f3ria da lenda da moda Coco Chanel, que ascendeu de \u00f3rf\u00e3 a costureira, cantora de cabar\u00e9 e, por fim, rainha da alta cultura parisiense.<\/li>\n<li><strong>Meu Passado Me Condena (27\/05\/2026)<\/strong><br \/>F\u00e1bio e Mi\u00e1 fazem um cruzeiro de lua de mel na Europa, onde encontram seus respectivos ex-namorados, que tamb\u00e9m se casaram.<\/li>\n<\/ul>\n<figure class=\"wp-block-image size-full\"><img loading=\"lazy\" decoding=\"async\" width=\"1200\" height=\"900\" src=\"http:\/\/noticiasbahia360.com.br\/wp-content\/uploads\/2026\/04\/mia-mello-fabio-porchat-meu-passado-me-condena.jpg\" alt=\"Netflix divulga estreias de maio com s\u00e9ries in\u00e9ditas e retornos de filmes populares; veja\" class=\"wp-image-649835\" srcset=\"http:\/\/noticiasbahia360.com.br\/wp-content\/uploads\/2026\/04\/mia-mello-fabio-porchat-meu-passado-me-condena.jpg 1200w, https:\/\/uploads.acordacidade.com.br\/2026\/04\/mia-mello-fabio-porchat-meu-passado-me-condena-750x563.jpg 750w, https:\/\/uploads.acordacidade.com.br\/2026\/04\/mia-mello-fabio-porchat-meu-passado-me-condena-1000x750.jpg 1000w, https:\/\/uploads.acordacidade.com.br\/2026\/04\/mia-mello-fabio-porchat-meu-passado-me-condena-450x338.jpg 450w, https:\/\/uploads.acordacidade.com.br\/2026\/04\/mia-mello-fabio-porchat-meu-passado-me-condena-150x113.jpg 150w\" sizes=\"(max-width: 1200px) 100vw, 1200px\"><figcaption class=\"wp-element-caption\">Mi\u00e1 Mello e F\u00e1bio Porchat em \u2018Meu passado me condena \u2013 o filme\u2019 (Foto: Divulga\u00e7\u00e3o\/P\u00e1prica Fotografia)<\/figcaption><\/figure>\n<ul class=\"wp-block-list\">\n<li><strong>Meu Passado Me Condena 2: O Filme (27\/05\/2026)<\/strong><br \/>Com tr\u00eas anos de casados, F\u00e1bio e Mi\u00e1 v\u00e3o a Portugal, onde tentam esconder dos amigos e da fam\u00edlia os problemas no relacionamento.<\/li>\n<li><strong>Qualquer Gato Vira-Lata 2 (29\/05\/2026)<\/strong><br \/>Tati e Conrado v\u00e3o para Cancun, onde surpresas \u2013 pessoais e profissionais \u2013 os aguardam e testam a for\u00e7a da rela\u00e7\u00e3o. Ex-amores, ci\u00fames, d\u00favidas\u2026 \u00c9 confus\u00e3o na certa!<\/li>\n<li><strong>Vizinhos (31\/05\/2026)<\/strong><br \/>Uma turma de estudantes que adoram uma festa s\u00e3o os novos vizinhos de um casal com um filho rec\u00e9m-nascido. Brigas \u00e9picas na sequ\u00eancia.<\/li>\n<li><strong>Vizinhos 2 (31\/05\/2026)<\/strong><br \/>Mac e Kelly querem vender sua casa. Mas quando uma irmandade universit\u00e1ria bem liberal e rebelde se muda para a casa ao lado, a venda fica bem mais dif\u00edcil.<\/li>\n<\/ul>\n<h2 class=\"wp-block-heading\" id=\"h-documentarios-e-especiais\">Document\u00e1rios e especiais<\/h2>\n<ul class=\"wp-block-list\">\n<li><strong>Rafa (29\/05\/2026)<\/strong><br \/>Nesta s\u00e9rie documental, Rafael Nadal, um dos maiores tenistas de todos os tempos, reflete sobre a carreira, seu legado e sua \u00faltima temporada nas quadras.<\/li>\n<\/ul>\n<figure class=\"wp-block-embed is-type-video is-provider-youtube wp-block-embed-youtube wp-embed-aspect-16-9 wp-has-aspect-ratio\">\n<div class=\"wp-block-embed__wrapper\">\n<iframe title=\"Rafa | An\u00fancio de estreia | Netflix\" width=\"500\" height=\"281\" src=\"https:\/\/www.youtube.com\/embed\/ABHIpJ0MOM4?feature=oembed\" frameborder=\"0\" allow=\"accelerometer; autoplay; clipboard-write; encrypted-media; gyroscope; picture-in-picture; web-share\" referrerpolicy=\"strict-origin-when-cross-origin\" allowfullscreen><\/iframe>\n<\/div>\n<\/figure>\n<h2 class=\"wp-block-heading\" id=\"h-eventos-ao-vivo\">Eventos ao vivo<\/h2>\n<ul class=\"wp-block-list\">\n<li><strong>Ronda Rousey vs. Gina Carano (16\/05\/2026)<\/strong><br \/>Ronda Rousey e Gina Carano, duas lendas do MMA, voltam ao ringue para uma aguardada luta da Most Valuable Promotions.<\/li>\n<\/ul>\n<h2 class=\"wp-block-heading\" id=\"h-criancas-e-familia\">Criancas e Familia<\/h2>\n<ul class=\"wp-block-list\">\n<li><strong>Como M\u00e1gica (01\/05\/2026)<\/strong><br \/>Uma pequena criatura da floresta e um p\u00e1ssaro majestoso trocam de corpo e precisam se unir para sobreviver \u00e0 aventura mais incr\u00edvel de suas vidas.<\/li>\n<\/ul>\n<figure class=\"wp-block-embed is-type-video is-provider-youtube wp-block-embed-youtube wp-embed-aspect-16-9 wp-has-aspect-ratio\">\n<div class=\"wp-block-embed__wrapper\">\n<iframe title=\"Como M\u00e1gica | Trailer oficial | Netflix\" width=\"500\" height=\"281\" src=\"https:\/\/www.youtube.com\/embed\/_juCljJ4rzU?feature=oembed\" frameborder=\"0\" allow=\"accelerometer; autoplay; clipboard-write; encrypted-media; gyroscope; picture-in-picture; web-share\" referrerpolicy=\"strict-origin-when-cross-origin\" allowfullscreen><\/iframe>\n<\/div>\n<\/figure>\n<ul class=\"wp-block-list\">\n<li><strong>As Namoradas do Papai (01\/05\/2026)<\/strong><br \/>Depois de se conhecerem no acampamento de ver\u00e3o, a \u00f3rf\u00e3 Amanda e a rica Alyssa usam a semelhan\u00e7a entre elas para juntar o pai de Alyssa e uma assistente social atenciosa.<\/li>\n<li><strong>Carrossel, O Filme (25\/05\/2026)<\/strong><br \/>A divers\u00e3o de um grupo de amigos em f\u00e9rias fica amea\u00e7ada quando uma grande corpora\u00e7\u00e3o tenta construir uma f\u00e1brica altamente poluente no local.<\/li>\n<li><strong>Carrossel 2 \u2013 O Sumi\u00e7o de Maria Joaquina (25\/05\/2026)<\/strong><br \/>As crian\u00e7as da Escola Mundial recebem um convite para conhecer uma estrela da m\u00fasica, mas seus arqui-inimigos sequestram Maria Joaquina para acabar com a divers\u00e3o.<\/li>\n<\/ul>\n<h2 class=\"wp-block-heading\" id=\"h-anime\">Anime<\/h2>\n<ul class=\"wp-block-list\">\n<li><strong>One Piece: Whole Cake Island \u2463 (01\/05\/2026)<\/strong><br \/>Com o tempo se esgotando antes do casamento mortal, Luffy e a equipe de resgate de Sanji mudam de plano para tentar derrotar Big Mom e salvar a fam\u00edlia Vinsmoke.<\/li>\n<li><strong>One Piece: Whole Cake Island \u2464 (01\/05\/2026)<\/strong><br \/>O passado de Big Mom \u00e9 revelado. Os Chap\u00e9us de Palha acabam fugindo de Big Mom, que fica louca por bolo de casamento!\u00a0<\/li>\n<\/ul>\n<p><em>Com informa\u00e7\u00f5es de Netflix Brasil<\/em><\/p>\n<p><em>Siga o Acorda Cidade no<\/em><a href=\"https:\/\/news.google.com\/search?q=acorda%20cidade&amp;hl=pt-BR&amp;gl=BR&amp;ceid=BR%3Apt-419\"><strong><em>\u00a0Google Not\u00edcias<\/em><\/strong><\/a><em>\u00a0e receba os principais destaques do dia. Participe tamb\u00e9m dos nossos canais no\u00a0<\/em><a href=\"https:\/\/www.whatsapp.com\/channel\/0029Va6Rb4v3WHTNnsh8WI3N\"><strong><em>WhatsApp<\/em><\/strong><\/a><em>\u00a0e\u00a0<\/em><a href=\"https:\/\/www.youtube.com\/@acordacidadenoticias\/videos\"><strong>YouTube<\/strong><\/a><em>\u00a0e do grupo no\u00a0<\/em><a href=\"https:\/\/t.me\/+sSz0khrgARA0ZmRh\"><strong><em>Telegram<\/em><\/strong><\/a><em>.<\/em><\/p>\n<\/div>\n","protected":false},"excerpt":{"rendered":"<div>\n<div>\n<figure><img decoding=\"async\" src=\"https:\/\/uploads.acordacidade.com.br\/2026\/04\/sr-e-sra-smith.jpg\" alt=\"Netflix divulga estreias de maio com s\u00e9ries in\u00e9ditas e retornos de filmes populares; veja\"><figcaption>Angelina Jolie e Brad Pitt s\u00e3o John e Jane Smith no filme &#8216;Sr. e Sra. Smith&#8217; \u2014 Foto: Reprodu\u00e7\u00e3o<\/figcaption><\/figure>\n<\/div>\n<p>Plataforma re\u00fane lan\u00e7amentos in\u00e9ditos, continua\u00e7\u00f5es e t\u00edtulos j\u00e1 populares entre o p\u00fablico.<\/p><\/div>\n","protected":false},"author":1,"featured_media":129129,"comment_status":"closed","ping_status":"closed","sticky":false,"template":"","format":"gallery","meta":{"footnotes":""},"categories":[8,9,6,57,56,10],"tags":[],"class_list":["post-129128","post","type-post","status-publish","format-gallery","has-post-thumbnail","hentry","category-bahia","category-brasil","category-feira-de-santana","category-mundo","category-policia","category-politica","post_format-post-format-gallery"],"featured_image_urls":{"full":["https:\/\/noticiasbahia360.com.br\/wp-content\/uploads\/2026\/04\/sr-e-sra-smith.jpg",1200,676,false],"thumbnail":["https:\/\/noticiasbahia360.com.br\/wp-content\/uploads\/2026\/04\/sr-e-sra-smith-150x150.jpg",150,150,true],"medium":["https:\/\/noticiasbahia360.com.br\/wp-content\/uploads\/2026\/04\/sr-e-sra-smith-300x169.jpg",300,169,true],"medium_large":["https:\/\/noticiasbahia360.com.br\/wp-content\/uploads\/2026\/04\/sr-e-sra-smith-768x433.jpg",640,361,true],"large":["https:\/\/noticiasbahia360.com.br\/wp-content\/uploads\/2026\/04\/sr-e-sra-smith-1024x577.jpg",640,361,true],"1536x1536":["https:\/\/noticiasbahia360.com.br\/wp-content\/uploads\/2026\/04\/sr-e-sra-smith.jpg",1200,676,false],"2048x2048":["https:\/\/noticiasbahia360.com.br\/wp-content\/uploads\/2026\/04\/sr-e-sra-smith.jpg",1200,676,false],"chromenews-featured":["https:\/\/noticiasbahia360.com.br\/wp-content\/uploads\/2026\/04\/sr-e-sra-smith-1024x577.jpg",1024,577,true],"chromenews-large":["https:\/\/noticiasbahia360.com.br\/wp-content\/uploads\/2026\/04\/sr-e-sra-smith-825x575.jpg",825,575,true],"chromenews-medium":["https:\/\/noticiasbahia360.com.br\/wp-content\/uploads\/2026\/04\/sr-e-sra-smith-590x410.jpg",590,410,true]},"author_info":{"display_name":"noticiasbahia360.com.br","author_link":"https:\/\/noticiasbahia360.com.br\/?author=1"},"category_info":"<a href=\"https:\/\/noticiasbahia360.com.br\/?cat=8\" rel=\"category\">Bahia<\/a> <a href=\"https:\/\/noticiasbahia360.com.br\/?cat=9\" rel=\"category\">Brasil<\/a> <a href=\"https:\/\/noticiasbahia360.com.br\/?cat=6\" rel=\"category\">Feira de Santana<\/a> <a href=\"https:\/\/noticiasbahia360.com.br\/?cat=57\" rel=\"category\">Mundo<\/a> <a href=\"https:\/\/noticiasbahia360.com.br\/?cat=56\" rel=\"category\">Pol\u00edcia<\/a> <a href=\"https:\/\/noticiasbahia360.com.br\/?cat=10\" rel=\"category\">Pol\u00edtica<\/a>","tag_info":"Pol\u00edtica","comment_count":"0","_links":{"self":[{"href":"https:\/\/noticiasbahia360.com.br\/index.php?rest_route=\/wp\/v2\/posts\/129128","targetHints":{"allow":["GET"]}}],"collection":[{"href":"https:\/\/noticiasbahia360.com.br\/index.php?rest_route=\/wp\/v2\/posts"}],"about":[{"href":"https:\/\/noticiasbahia360.com.br\/index.php?rest_route=\/wp\/v2\/types\/post"}],"author":[{"embeddable":true,"href":"https:\/\/noticiasbahia360.com.br\/index.php?rest_route=\/wp\/v2\/users\/1"}],"replies":[{"embeddable":true,"href":"https:\/\/noticiasbahia360.com.br\/index.php?rest_route=%2Fwp%2Fv2%2Fcomments&post=129128"}],"version-history":[{"count":0,"href":"https:\/\/noticiasbahia360.com.br\/index.php?rest_route=\/wp\/v2\/posts\/129128\/revisions"}],"wp:featuredmedia":[{"embeddable":true,"href":"https:\/\/noticiasbahia360.com.br\/index.php?rest_route=\/wp\/v2\/media\/129129"}],"wp:attachment":[{"href":"https:\/\/noticiasbahia360.com.br\/index.php?rest_route=%2Fwp%2Fv2%2Fmedia&parent=129128"}],"wp:term":[{"taxonomy":"category","embeddable":true,"href":"https:\/\/noticiasbahia360.com.br\/index.php?rest_route=%2Fwp%2Fv2%2Fcategories&post=129128"},{"taxonomy":"post_tag","embeddable":true,"href":"https:\/\/noticiasbahia360.com.br\/index.php?rest_route=%2Fwp%2Fv2%2Ftags&post=129128"}],"curies":[{"name":"wp","href":"https:\/\/api.w.org\/{rel}","templated":true}]}} 