{"id":129137,"date":"2026-04-30T20:31:04","date_gmt":"2026-04-30T23:31:04","guid":{"rendered":"https:\/\/noticiasbahia360.com.br\/?p=129137"},"modified":"2026-04-30T20:31:04","modified_gmt":"2026-04-30T23:31:04","slug":"governo-da-bahia-abre-processo-seletivo-reda-para-a-secretaria-de-comunicacao-com-salarios-de-r-3-810","status":"publish","type":"post","link":"https:\/\/noticiasbahia360.com.br\/?p=129137","title":{"rendered":"Governo da Bahia abre processo seletivo Reda para a Secretaria de Comunica\u00e7\u00e3o com sal\u00e1rios de R$ 3.810"},"content":{"rendered":"<div>\n<div>\n<figure><img decoding=\"async\" src=\"http:\/\/noticiasbahia360.com.br\/wp-content\/uploads\/2026\/04\/Imprensa-Secom-Foto-Feijao-Almeida-GOVBA.jpg\" alt=\"Imprensa Secom\"><figcaption>Foto: Feij\u00e3o Almeida\/ GOVBA<\/figcaption><\/figure>\n<\/div>\n<p>A Secretaria de Comunica\u00e7\u00e3o Social do Estado da Bahia (Secom) publicou, nesta quinta-feira (30), o Edital n\u00ba 001\/2025 do Processo Seletivo Simplificado para contrata\u00e7\u00e3o tempor\u00e1ria de profissionais em Regime Especial de Direito Administrativo (Reda). Ao todo, est\u00e3o sendo ofertadas 21 vagas para atua\u00e7\u00e3o em Salvador, nas \u00e1reas de Jornalismo, Fotografia e Cinegrafia.<\/p>\n<p>As inscri\u00e7\u00f5es ser\u00e3o realizadas exclusivamente pela internet, no per\u00edodo de 6 a 13 de maio de 2026, por meio do <a href=\"https:\/\/www.ba.gov.br\/comunicacao\/editais\/selecao-reda\" target=\"_blank\" rel=\"noreferrer noopener\">site<\/a>. O processo seletivo ser\u00e1 realizado em etapa \u00fanica, por meio de avalia\u00e7\u00e3o curricular, de car\u00e1ter eliminat\u00f3rio e classificat\u00f3rio. Ser\u00e3o considerados crit\u00e9rios como experi\u00eancia profissional, cursos de qualifica\u00e7\u00e3o e forma\u00e7\u00e3o complementar, al\u00e9m de conhecimentos em inform\u00e1tica.<\/p>\n<p>Do total de vagas ofertadas, 10 s\u00e3o para jornalistas, oito para fot\u00f3grafos e tr\u00eas para cinegrafistas. Para todas as fun\u00e7\u00f5es, \u00e9 exigido diploma de n\u00edvel superior em Comunica\u00e7\u00e3o Social, Jornalismo, Publicidade ou Audiovisual, reconhecido pelo Minist\u00e9rio da Educa\u00e7\u00e3o (MEC). Os contratos ter\u00e3o dura\u00e7\u00e3o de at\u00e9 36 meses, podendo ser prorrogados uma \u00fanica vez por igual per\u00edodo. O processo seletivo ter\u00e1 validade de um ano, tamb\u00e9m prorrog\u00e1vel por igual per\u00edodo.<\/p>\n<p>A remunera\u00e7\u00e3o total \u00e9 de R$ 3.810,40 para jornada de 35 horas semanais, composta por vencimento b\u00e1sico e gratifica\u00e7\u00e3o de fun\u00e7\u00e3o tempor\u00e1ria. Os profissionais tamb\u00e9m ter\u00e3o direito a aux\u00edlio-refei\u00e7\u00e3o, aux\u00edlio-transporte e poder\u00e3o aderir \u00e0 assist\u00eancia m\u00e9dica do Estado.<\/p>\n<p>O edital prev\u00ea ainda a reserva de vagas conforme pol\u00edticas de inclus\u00e3o: 30% para candidatos negros (pretos e pardos) e 5% para pessoas com defici\u00eancia, em conformidade com a legisla\u00e7\u00e3o vigente. Os candidatos classificados ser\u00e3o convocados para apresenta\u00e7\u00e3o de documenta\u00e7\u00e3o comprobat\u00f3ria, conforme cronograma a ser divulgado pela Secom.<\/p>\n<\/div>\n","protected":false},"excerpt":{"rendered":"<div>\n<div>\n<figure><img decoding=\"async\" src=\"https:\/\/uploads.acordacidade.com.br\/2026\/04\/Imprensa-Secom-Foto-Feijao-Almeida-GOVBA.jpg\" alt=\"Imprensa Secom\"><figcaption>Foto: Feij\u00e3o Almeida\/ GOVBA<\/figcaption><\/figure>\n<\/div>\n<p>As inscri\u00e7\u00f5es ser\u00e3o realizadas exclusivamente pela internet, no per\u00edodo de 6 a 13 de maio de 2026, por meio do site.<\/p><\/div>\n","protected":false},"author":1,"featured_media":129138,"comment_status":"closed","ping_status":"closed","sticky":false,"template":"","format":"gallery","meta":{"footnotes":""},"categories":[8,9,6,57,56,10],"tags":[],"class_list":["post-129137","post","type-post","status-publish","format-gallery","has-post-thumbnail","hentry","category-bahia","category-brasil","category-feira-de-santana","category-mundo","category-policia","category-politica","post_format-post-format-gallery"],"featured_image_urls":{"full":["https:\/\/noticiasbahia360.com.br\/wp-content\/uploads\/2026\/04\/Imprensa-Secom-Foto-Feijao-Almeida-GOVBA.jpg",1200,674,false],"thumbnail":["https:\/\/noticiasbahia360.com.br\/wp-content\/uploads\/2026\/04\/Imprensa-Secom-Foto-Feijao-Almeida-GOVBA-150x150.jpg",150,150,true],"medium":["https:\/\/noticiasbahia360.com.br\/wp-content\/uploads\/2026\/04\/Imprensa-Secom-Foto-Feijao-Almeida-GOVBA-300x169.jpg",300,169,true],"medium_large":["https:\/\/noticiasbahia360.com.br\/wp-content\/uploads\/2026\/04\/Imprensa-Secom-Foto-Feijao-Almeida-GOVBA-768x431.jpg",640,359,true],"large":["https:\/\/noticiasbahia360.com.br\/wp-content\/uploads\/2026\/04\/Imprensa-Secom-Foto-Feijao-Almeida-GOVBA-1024x575.jpg",640,359,true],"1536x1536":["https:\/\/noticiasbahia360.com.br\/wp-content\/uploads\/2026\/04\/Imprensa-Secom-Foto-Feijao-Almeida-GOVBA.jpg",1200,674,false],"2048x2048":["https:\/\/noticiasbahia360.com.br\/wp-content\/uploads\/2026\/04\/Imprensa-Secom-Foto-Feijao-Almeida-GOVBA.jpg",1200,674,false],"chromenews-featured":["https:\/\/noticiasbahia360.com.br\/wp-content\/uploads\/2026\/04\/Imprensa-Secom-Foto-Feijao-Almeida-GOVBA-1024x575.jpg",1024,575,true],"chromenews-large":["https:\/\/noticiasbahia360.com.br\/wp-content\/uploads\/2026\/04\/Imprensa-Secom-Foto-Feijao-Almeida-GOVBA-825x575.jpg",825,575,true],"chromenews-medium":["https:\/\/noticiasbahia360.com.br\/wp-content\/uploads\/2026\/04\/Imprensa-Secom-Foto-Feijao-Almeida-GOVBA-590x410.jpg",590,410,true]},"author_info":{"display_name":"noticiasbahia360.com.br","author_link":"https:\/\/noticiasbahia360.com.br\/?author=1"},"category_info":"<a href=\"https:\/\/noticiasbahia360.com.br\/?cat=8\" rel=\"category\">Bahia<\/a> <a href=\"https:\/\/noticiasbahia360.com.br\/?cat=9\" rel=\"category\">Brasil<\/a> <a href=\"https:\/\/noticiasbahia360.com.br\/?cat=6\" rel=\"category\">Feira de Santana<\/a> <a href=\"https:\/\/noticiasbahia360.com.br\/?cat=57\" rel=\"category\">Mundo<\/a> <a href=\"https:\/\/noticiasbahia360.com.br\/?cat=56\" rel=\"category\">Pol\u00edcia<\/a> <a href=\"https:\/\/noticiasbahia360.com.br\/?cat=10\" rel=\"category\">Pol\u00edtica<\/a>","tag_info":"Pol\u00edtica","comment_count":"0","_links":{"self":[{"href":"https:\/\/noticiasbahia360.com.br\/index.php?rest_route=\/wp\/v2\/posts\/129137","targetHints":{"allow":["GET"]}}],"collection":[{"href":"https:\/\/noticiasbahia360.com.br\/index.php?rest_route=\/wp\/v2\/posts"}],"about":[{"href":"https:\/\/noticiasbahia360.com.br\/index.php?rest_route=\/wp\/v2\/types\/post"}],"author":[{"embeddable":true,"href":"https:\/\/noticiasbahia360.com.br\/index.php?rest_route=\/wp\/v2\/users\/1"}],"replies":[{"embeddable":true,"href":"https:\/\/noticiasbahia360.com.br\/index.php?rest_route=%2Fwp%2Fv2%2Fcomments&post=129137"}],"version-history":[{"count":0,"href":"https:\/\/noticiasbahia360.com.br\/index.php?rest_route=\/wp\/v2\/posts\/129137\/revisions"}],"wp:featuredmedia":[{"embeddable":true,"href":"https:\/\/noticiasbahia360.com.br\/index.php?rest_route=\/wp\/v2\/media\/129138"}],"wp:attachment":[{"href":"https:\/\/noticiasbahia360.com.br\/index.php?rest_route=%2Fwp%2Fv2%2Fmedia&parent=129137"}],"wp:term":[{"taxonomy":"category","embeddable":true,"href":"https:\/\/noticiasbahia360.com.br\/index.php?rest_route=%2Fwp%2Fv2%2Fcategories&post=129137"},{"taxonomy":"post_tag","embeddable":true,"href":"https:\/\/noticiasbahia360.com.br\/index.php?rest_route=%2Fwp%2Fv2%2Ftags&post=129137"}],"curies":[{"name":"wp","href":"https:\/\/api.w.org\/{rel}","templated":true}]}} 