{"id":129139,"date":"2026-04-30T20:36:44","date_gmt":"2026-04-30T23:36:44","guid":{"rendered":"https:\/\/noticiasbahia360.com.br\/?p=129139"},"modified":"2026-04-30T20:36:44","modified_gmt":"2026-04-30T23:36:44","slug":"mpba-e-feira-de-santana-firmam-acordo-para-corrigir-criterios-de-cotas-em-concurso-publico","status":"publish","type":"post","link":"https:\/\/noticiasbahia360.com.br\/?p=129139","title":{"rendered":"MPBA e Feira de Santana firmam acordo para corrigir crit\u00e9rios de cotas em concurso p\u00fablico"},"content":{"rendered":"<div>\n<div>\n<figure><img decoding=\"async\" src=\"http:\/\/noticiasbahia360.com.br\/wp-content\/uploads\/2026\/04\/Acordo-entre-MPBA-e-Feira-de-Santana-corrige-criterios-de-cotas-em-concurso-publico-Foto-Ascom-MPBA.jpg\" alt=\"Acordo entre MPBA e Feira de Santana corrige crit\u00e9rios de cotas em concurso p\u00fablico\"><figcaption>Foto: Ascom\/ MPBA<\/figcaption><\/figure>\n<\/div>\n<p>O Minist\u00e9rio P\u00fablico da Bahia (MPBA) e o Munic\u00edpio de Feira de Santana firmaram nesta quinta-feira (30), um acordo que corrige inconsist\u00eancias na aplica\u00e7\u00e3o das regras de cotas no concurso p\u00fablico regido pelo Edital n\u00ba 01\/2024, para preenchimento de vagas no quadro municipal, voltadas a 50 especialidades profissionais.O documento redefine crit\u00e9rios de contabiliza\u00e7\u00e3o e torna poss\u00edvel a convoca\u00e7\u00e3o de mais pessoas para as pr\u00f3ximas fases do concurso, garantindo que todos sejam avaliados de maneira correta e em condi\u00e7\u00f5es de igualdade. Foi acordado prazo de 15 dias para apresenta\u00e7\u00e3o de cronograma detalhado para a execu\u00e7\u00e3o das medidas corretivas, cujo cumprimento ser\u00e1 acompanhado pelo MPBA.<\/p>\n<p>O acordo, constru\u00eddo em reuni\u00e3o conduzida pelo Centro de Autocomposi\u00e7\u00e3o e Constru\u00e7\u00e3o de Consensos (Compor) do MPBA, traz solu\u00e7\u00e3o para um problema t\u00e9cnico que impactou diretamente diversos candidatos ao longo do concurso. A forma como os crit\u00e9rios vinham sendo aplicados reduzia o n\u00famero de pessoas convocadas para as etapas seguintes. Agora, os candidatos classificados na ampla concorr\u00eancia n\u00e3o impactar\u00e3o na lista de convocados dentro das cotas. Segundo o documento, o Munic\u00edpio, por interm\u00e9dio da Banca Examinadora, identificar\u00e1 os candidatos que deixaram de ser convocados para as fases subsequentes em raz\u00e3o da metodologia anteriormente adotada e os convocar\u00e1 por meio de lista complementar, destinada exclusivamente \u00e0 inclus\u00e3o dos novos habilitados, sem altera\u00e7\u00e3o das listas anteriores. Os atos j\u00e1 realizados no certame ser\u00e3o preservados.<\/p>\n<p>O acordo foi celebrado com a participa\u00e7\u00e3o, pelo Munic\u00edpio, do procurador-geral Ant\u00f4nio Augusto Gra\u00e7a Leal e da secret\u00e1ria de Administra\u00e7\u00e3o Sandra Peggy Ara\u00fajo de Carvalho, e, pelo Minist\u00e9rio P\u00fablico, da promotora de Justi\u00e7a Marina Miranda Almeida das Neves. \u201cA solu\u00e7\u00e3o consensual que se alcan\u00e7ou n\u00e3o surgiu de forma apressada. Foi constru\u00edda com di\u00e1logo, ao longo de diversas reuni\u00f5es no Minist\u00e9rio P\u00fablico e de uma audi\u00eancia p\u00fablica em Feira de Santana, que permitiu ouvir quem realmente foi impactado\u201d, disse a promotora.<\/p>\n<p>A constru\u00e7\u00e3o da solu\u00e7\u00e3o contou ainda com a participa\u00e7\u00e3o de integrantes da equipe t\u00e9cnica do Munic\u00edpio de Feira de Santana, da banca examinadora respons\u00e1vel pelo certame, o Instituto Brasileiro de Forma\u00e7\u00e3o e Capacita\u00e7\u00e3o (IBFC), e de uma comiss\u00e3o de candidatos, formada a partir de audi\u00eancia p\u00fablica realizada pelo Minist\u00e9rio P\u00fablico no munic\u00edpio.<\/p>\n<p><em>Siga o Acorda Cidade no\u00a0<\/em><a href=\"https:\/\/news.google.com\/search?q=acorda%20cidade&amp;hl=pt-BR&amp;gl=BR&amp;ceid=BR%3Apt-419\"><strong><em>Google Not\u00edcias<\/em><\/strong><\/a><em>\u00a0e receba os principais destaques do dia. Participe tamb\u00e9m dos nossos canais no\u00a0<\/em><a href=\"https:\/\/www.whatsapp.com\/channel\/0029Va6Rb4v3WHTNnsh8WI3N\"><strong><em>WhatsApp<\/em><\/strong><\/a><em>\u00a0e\u00a0<\/em><a href=\"https:\/\/www.youtube.com\/@acordacidadenoticias\/videos\"><strong>YouTube<\/strong><\/a><em>\u00a0e grupo de\u00a0<\/em><a href=\"https:\/\/t.me\/+sSz0khrgARA0ZmRh\"><strong><em>Telegram<\/em><\/strong><\/a><em>.<\/em><\/p>\n<\/div>\n","protected":false},"excerpt":{"rendered":"<div>\n<div>\n<figure><img decoding=\"async\" src=\"https:\/\/uploads.acordacidade.com.br\/2026\/04\/Acordo-entre-MPBA-e-Feira-de-Santana-corrige-criterios-de-cotas-em-concurso-publico-Foto-Ascom-MPBA.jpg\" alt=\"Acordo entre MPBA e Feira de Santana corrige crit\u00e9rios de cotas em concurso p\u00fablico\"><figcaption>Foto: Ascom\/ MPBA<\/figcaption><\/figure>\n<\/div>\n<p>Foi acordado prazo de 15 dias para apresenta\u00e7\u00e3o de cronograma detalhado para a execu\u00e7\u00e3o das medidas corretivas acompanhado pelo MPBA.<\/p><\/div>\n","protected":false},"author":1,"featured_media":129140,"comment_status":"closed","ping_status":"closed","sticky":false,"template":"","format":"gallery","meta":{"footnotes":""},"categories":[8,9,6,57,56,10],"tags":[],"class_list":["post-129139","post","type-post","status-publish","format-gallery","has-post-thumbnail","hentry","category-bahia","category-brasil","category-feira-de-santana","category-mundo","category-policia","category-politica","post_format-post-format-gallery"],"featured_image_urls":{"full":["https:\/\/noticiasbahia360.com.br\/wp-content\/uploads\/2026\/04\/Acordo-entre-MPBA-e-Feira-de-Santana-corrige-criterios-de-cotas-em-concurso-publico-Foto-Ascom-MPBA.jpg",1200,800,false],"thumbnail":["https:\/\/noticiasbahia360.com.br\/wp-content\/uploads\/2026\/04\/Acordo-entre-MPBA-e-Feira-de-Santana-corrige-criterios-de-cotas-em-concurso-publico-Foto-Ascom-MPBA-150x150.jpg",150,150,true],"medium":["https:\/\/noticiasbahia360.com.br\/wp-content\/uploads\/2026\/04\/Acordo-entre-MPBA-e-Feira-de-Santana-corrige-criterios-de-cotas-em-concurso-publico-Foto-Ascom-MPBA-300x200.jpg",300,200,true],"medium_large":["https:\/\/noticiasbahia360.com.br\/wp-content\/uploads\/2026\/04\/Acordo-entre-MPBA-e-Feira-de-Santana-corrige-criterios-de-cotas-em-concurso-publico-Foto-Ascom-MPBA-768x512.jpg",640,427,true],"large":["https:\/\/noticiasbahia360.com.br\/wp-content\/uploads\/2026\/04\/Acordo-entre-MPBA-e-Feira-de-Santana-corrige-criterios-de-cotas-em-concurso-publico-Foto-Ascom-MPBA-1024x683.jpg",640,427,true],"1536x1536":["https:\/\/noticiasbahia360.com.br\/wp-content\/uploads\/2026\/04\/Acordo-entre-MPBA-e-Feira-de-Santana-corrige-criterios-de-cotas-em-concurso-publico-Foto-Ascom-MPBA.jpg",1200,800,false],"2048x2048":["https:\/\/noticiasbahia360.com.br\/wp-content\/uploads\/2026\/04\/Acordo-entre-MPBA-e-Feira-de-Santana-corrige-criterios-de-cotas-em-concurso-publico-Foto-Ascom-MPBA.jpg",1200,800,false],"chromenews-featured":["https:\/\/noticiasbahia360.com.br\/wp-content\/uploads\/2026\/04\/Acordo-entre-MPBA-e-Feira-de-Santana-corrige-criterios-de-cotas-em-concurso-publico-Foto-Ascom-MPBA-1024x683.jpg",1024,683,true],"chromenews-large":["https:\/\/noticiasbahia360.com.br\/wp-content\/uploads\/2026\/04\/Acordo-entre-MPBA-e-Feira-de-Santana-corrige-criterios-de-cotas-em-concurso-publico-Foto-Ascom-MPBA-825x575.jpg",825,575,true],"chromenews-medium":["https:\/\/noticiasbahia360.com.br\/wp-content\/uploads\/2026\/04\/Acordo-entre-MPBA-e-Feira-de-Santana-corrige-criterios-de-cotas-em-concurso-publico-Foto-Ascom-MPBA-590x410.jpg",590,410,true]},"author_info":{"display_name":"noticiasbahia360.com.br","author_link":"https:\/\/noticiasbahia360.com.br\/?author=1"},"category_info":"<a href=\"https:\/\/noticiasbahia360.com.br\/?cat=8\" rel=\"category\">Bahia<\/a> <a href=\"https:\/\/noticiasbahia360.com.br\/?cat=9\" rel=\"category\">Brasil<\/a> <a href=\"https:\/\/noticiasbahia360.com.br\/?cat=6\" rel=\"category\">Feira de Santana<\/a> <a href=\"https:\/\/noticiasbahia360.com.br\/?cat=57\" rel=\"category\">Mundo<\/a> <a href=\"https:\/\/noticiasbahia360.com.br\/?cat=56\" rel=\"category\">Pol\u00edcia<\/a> <a href=\"https:\/\/noticiasbahia360.com.br\/?cat=10\" rel=\"category\">Pol\u00edtica<\/a>","tag_info":"Pol\u00edtica","comment_count":"0","_links":{"self":[{"href":"https:\/\/noticiasbahia360.com.br\/index.php?rest_route=\/wp\/v2\/posts\/129139","targetHints":{"allow":["GET"]}}],"collection":[{"href":"https:\/\/noticiasbahia360.com.br\/index.php?rest_route=\/wp\/v2\/posts"}],"about":[{"href":"https:\/\/noticiasbahia360.com.br\/index.php?rest_route=\/wp\/v2\/types\/post"}],"author":[{"embeddable":true,"href":"https:\/\/noticiasbahia360.com.br\/index.php?rest_route=\/wp\/v2\/users\/1"}],"replies":[{"embeddable":true,"href":"https:\/\/noticiasbahia360.com.br\/index.php?rest_route=%2Fwp%2Fv2%2Fcomments&post=129139"}],"version-history":[{"count":0,"href":"https:\/\/noticiasbahia360.com.br\/index.php?rest_route=\/wp\/v2\/posts\/129139\/revisions"}],"wp:featuredmedia":[{"embeddable":true,"href":"https:\/\/noticiasbahia360.com.br\/index.php?rest_route=\/wp\/v2\/media\/129140"}],"wp:attachment":[{"href":"https:\/\/noticiasbahia360.com.br\/index.php?rest_route=%2Fwp%2Fv2%2Fmedia&parent=129139"}],"wp:term":[{"taxonomy":"category","embeddable":true,"href":"https:\/\/noticiasbahia360.com.br\/index.php?rest_route=%2Fwp%2Fv2%2Fcategories&post=129139"},{"taxonomy":"post_tag","embeddable":true,"href":"https:\/\/noticiasbahia360.com.br\/index.php?rest_route=%2Fwp%2Fv2%2Ftags&post=129139"}],"curies":[{"name":"wp","href":"https:\/\/api.w.org\/{rel}","templated":true}]}}