{"id":129141,"date":"2026-04-30T21:56:11","date_gmt":"2026-05-01T00:56:11","guid":{"rendered":"https:\/\/noticiasbahia360.com.br\/?p=129141"},"modified":"2026-04-30T21:56:11","modified_gmt":"2026-05-01T00:56:11","slug":"adolescente-e-apreendido-por-suspeita-de-morte-de-estudante-em-frente-a-colegio","status":"publish","type":"post","link":"https:\/\/noticiasbahia360.com.br\/?p=129141","title":{"rendered":"Adolescente \u00e9 apreendido por suspeita de morte de estudante em frente a col\u00e9gio"},"content":{"rendered":"<div>\n<div>\n<figure><img decoding=\"async\" src=\"http:\/\/noticiasbahia360.com.br\/wp-content\/uploads\/2026\/04\/viatura-delegacia-policia-civil-DHPP-homicidios-Feira-de-Santana-disque-denuncia-foto-Ed-Santos-Acorda-Cidade-1-1.jpg\" alt=\"Delegada\"><figcaption>Foto: Ed Santos \/ Acorda Cidade <\/figcaption><\/figure>\n<\/div>\n<p>Um adolescente, de 14 anos, foi apreendido nesta quinta-feira (30), no bairro Jardim Cruzeiro, em Feira de Santana, por ato infracional an\u00e1logo a homic\u00eddio e tentativa de homic\u00eddio. Ele confessou a autoria da <a href=\"https:\/\/www.acordacidade.com.br\/policia\/estudante-de-15-anos-e-morto-em-feira-de-santana-outro-adolescente-foi-ba\">morte de Daniel Lobo de Jesus, 15 anos, e da tentativa de homic\u00eddio contra outro adolescente, tamb\u00e9m de 15 anos,<\/a> na \u00faltima ter\u00e7a-feira (28), em frente a um centro integrado de educa\u00e7\u00e3o, localizado no bairro Sobradinho.<\/p>\n<p>A a\u00e7\u00e3o foi realizada pela Pol\u00edcia Civil da Bahia, por meio da Delegacia de Homic\u00eddios (DH\/Feira de Santana). Desde o primeiro momento, equipes da unidade policial iniciaram dilig\u00eancias que seguiram de forma ininterruptas, empregando t\u00e9cnicas investigativas avan\u00e7adas para identificar o autor dos disparos.<\/p>\n<p>A DH de Feira de Santana solicitou a interna\u00e7\u00e3o do adolescente a Justi\u00e7a, com parecer favor\u00e1vel do Minist\u00e9rio P\u00fablico e decreta\u00e7\u00e3o da medida pelo Poder Judici\u00e1rio. O garoto foi encaminhado a um Centro de Atendimento Socioeducativo.<\/p>\n<p>Ao Acorda Cidade, o delegado Gustavo Coutinho, atual titular da Delegacia de Homic\u00eddios explicou que, com as investiga\u00e7\u00f5es, cinco adolescentes foram identificados no local do crime. Segundo ele, os jovens estavam em uma pra\u00e7a, quando aconteceu uma discuss\u00e3o e o adolescente de 14 anos sacou a arma que estava na mochila e efetuou os disparos. <\/p>\n<blockquote class=\"wp-block-quote is-layout-flow wp-block-quote-is-layout-flow\">\n<p>\u201cCom a investiga\u00e7\u00e3o, descobrimos a identidade de todos. Todos foram trazidos at\u00e9 a delegacia, o autor acabou confessando esse ato infracional an\u00e1logo ao homic\u00eddio e a tentativa de homic\u00eddio na presen\u00e7a de sua genitora e a Delegacia de Homic\u00eddios representou rapidamente pela interna\u00e7\u00e3o provis\u00f3ria do mesmo. O Minist\u00e9rio P\u00fablico deu parecer favor\u00e1vel, a Justi\u00e7a decretou a interna\u00e7\u00e3o provis\u00f3ria e o mesmo encontra-se agora custodiado no caso no Melo Matos, aqui em Feira de Santana\u201d. <\/p>\n<\/blockquote>\n<p>Ainda de acordo como delegado, os outros adolescentes n\u00e3o foram apreendidos porque n\u00e3o tinham conhecimento da arma. <\/p>\n<p>\u201cEssa arma n\u00e3o era de conhecimento dos outros quatro. Durante a discuss\u00e3o, ele decidiu sacar essa arma e ele mesmo atirou. Ele assumiu realmente a autoria desses disparos, ent\u00e3o a DH acho por bem representar somente pela apreens\u00e3o desse menor que atirou. Os outros quatro j\u00e1 foram todos identificados, j\u00e1 prestaram suas declara\u00e7\u00f5es, mas o trabalho de investiga\u00e7\u00e3o ainda vai continuar at\u00e9 para que possamos recuperar essa arma\u201d.<\/p>\n<p><strong>Leia tamb\u00e9m:<\/strong><\/p>\n<p><a href=\"https:\/\/www.acordacidade.com.br\/policia\/estudante-de-15-anos-e-morto-em-feira-de-santana-outro-adolescente-foi-baleado\/\">Estudante de 15 anos \u00e9 morto em Feira de Santana; outro adolescente foi baleado<\/a><\/p>\n<p><a href=\"https:\/\/www.acordacidade.com.br\/policia\/policia-identifica-dois-adolescentes-suspeitos-de-participacao-na-morte-de-estudante-de-15-anos\/\">Pol\u00edcia identifica dois adolescentes suspeitos de participa\u00e7\u00e3o na morte de estudante de 15 anos<\/a><\/p>\n<p><em>Com informa\u00e7\u00f5es do rep\u00f3rter Ed Santos, do Acorda Cidade<\/em><\/p>\n<p><em>Siga o Acorda Cidade no\u00a0<\/em><a href=\"https:\/\/news.google.com\/search?q=acorda%20cidade&amp;hl=pt-BR&amp;gl=BR&amp;ceid=BR%3Apt-419\"><strong><em>Google Not\u00edcias<\/em><\/strong><\/a><em>\u00a0e receba os principais destaques do dia. Participe tamb\u00e9m dos nossos canais no\u00a0<\/em><a href=\"https:\/\/www.whatsapp.com\/channel\/0029Va6Rb4v3WHTNnsh8WI3N\"><strong><em>WhatsApp<\/em><\/strong><\/a><em>\u00a0e\u00a0<\/em><a href=\"https:\/\/www.youtube.com\/@acordacidadenoticias\/videos\"><strong>YouTube<\/strong><\/a><em>\u00a0e grupo de\u00a0<\/em><a href=\"https:\/\/t.me\/+sSz0khrgARA0ZmRh\"><strong><em>Telegram<\/em><\/strong><\/a><em>.<\/em><\/p>\n<\/div>\n","protected":false},"excerpt":{"rendered":"<div>\n<div>\n<figure><img decoding=\"async\" src=\"https:\/\/uploads.acordacidade.com.br\/2026\/04\/viatura-delegacia-policia-civil-DHPP-homicidios-Feira-de-Santana-disque-denuncia-foto-Ed-Santos-Acorda-Cidade-.jpg\" alt=\"Delegada\"><figcaption>Foto: Ed Santos \/ Acorda Cidade <\/figcaption><\/figure>\n<\/div>\n<p>Segundo o delegado da DH, cinco jovens estavam em uma pra\u00e7a, quando aconteceu uma discuss\u00e3o e o adolescente sacou uma arma da mochila.<\/p><\/div>\n","protected":false},"author":1,"featured_media":129142,"comment_status":"closed","ping_status":"closed","sticky":false,"template":"","format":"gallery","meta":{"footnotes":""},"categories":[8,9,6,57,56,10],"tags":[],"class_list":["post-129141","post","type-post","status-publish","format-gallery","has-post-thumbnail","hentry","category-bahia","category-brasil","category-feira-de-santana","category-mundo","category-policia","category-politica","post_format-post-format-gallery"],"featured_image_urls":{"full":["https:\/\/noticiasbahia360.com.br\/wp-content\/uploads\/2026\/04\/viatura-delegacia-policia-civil-DHPP-homicidios-Feira-de-Santana-disque-denuncia-foto-Ed-Santos-Acorda-Cidade-1-1.jpg",1200,675,false],"thumbnail":["https:\/\/noticiasbahia360.com.br\/wp-content\/uploads\/2026\/04\/viatura-delegacia-policia-civil-DHPP-homicidios-Feira-de-Santana-disque-denuncia-foto-Ed-Santos-Acorda-Cidade-1-1-150x150.jpg",150,150,true],"medium":["https:\/\/noticiasbahia360.com.br\/wp-content\/uploads\/2026\/04\/viatura-delegacia-policia-civil-DHPP-homicidios-Feira-de-Santana-disque-denuncia-foto-Ed-Santos-Acorda-Cidade-1-1-300x169.jpg",300,169,true],"medium_large":["https:\/\/noticiasbahia360.com.br\/wp-content\/uploads\/2026\/04\/viatura-delegacia-policia-civil-DHPP-homicidios-Feira-de-Santana-disque-denuncia-foto-Ed-Santos-Acorda-Cidade-1-1-768x432.jpg",640,360,true],"large":["https:\/\/noticiasbahia360.com.br\/wp-content\/uploads\/2026\/04\/viatura-delegacia-policia-civil-DHPP-homicidios-Feira-de-Santana-disque-denuncia-foto-Ed-Santos-Acorda-Cidade-1-1-1024x576.jpg",640,360,true],"1536x1536":["https:\/\/noticiasbahia360.com.br\/wp-content\/uploads\/2026\/04\/viatura-delegacia-policia-civil-DHPP-homicidios-Feira-de-Santana-disque-denuncia-foto-Ed-Santos-Acorda-Cidade-1-1.jpg",1200,675,false],"2048x2048":["https:\/\/noticiasbahia360.com.br\/wp-content\/uploads\/2026\/04\/viatura-delegacia-policia-civil-DHPP-homicidios-Feira-de-Santana-disque-denuncia-foto-Ed-Santos-Acorda-Cidade-1-1.jpg",1200,675,false],"chromenews-featured":["https:\/\/noticiasbahia360.com.br\/wp-content\/uploads\/2026\/04\/viatura-delegacia-policia-civil-DHPP-homicidios-Feira-de-Santana-disque-denuncia-foto-Ed-Santos-Acorda-Cidade-1-1-1024x576.jpg",1024,576,true],"chromenews-large":["https:\/\/noticiasbahia360.com.br\/wp-content\/uploads\/2026\/04\/viatura-delegacia-policia-civil-DHPP-homicidios-Feira-de-Santana-disque-denuncia-foto-Ed-Santos-Acorda-Cidade-1-1-825x575.jpg",825,575,true],"chromenews-medium":["https:\/\/noticiasbahia360.com.br\/wp-content\/uploads\/2026\/04\/viatura-delegacia-policia-civil-DHPP-homicidios-Feira-de-Santana-disque-denuncia-foto-Ed-Santos-Acorda-Cidade-1-1-590x410.jpg",590,410,true]},"author_info":{"display_name":"noticiasbahia360.com.br","author_link":"https:\/\/noticiasbahia360.com.br\/?author=1"},"category_info":"<a href=\"https:\/\/noticiasbahia360.com.br\/?cat=8\" rel=\"category\">Bahia<\/a> <a href=\"https:\/\/noticiasbahia360.com.br\/?cat=9\" rel=\"category\">Brasil<\/a> <a href=\"https:\/\/noticiasbahia360.com.br\/?cat=6\" rel=\"category\">Feira de Santana<\/a> <a href=\"https:\/\/noticiasbahia360.com.br\/?cat=57\" rel=\"category\">Mundo<\/a> <a href=\"https:\/\/noticiasbahia360.com.br\/?cat=56\" rel=\"category\">Pol\u00edcia<\/a> <a href=\"https:\/\/noticiasbahia360.com.br\/?cat=10\" rel=\"category\">Pol\u00edtica<\/a>","tag_info":"Pol\u00edtica","comment_count":"0","_links":{"self":[{"href":"https:\/\/noticiasbahia360.com.br\/index.php?rest_route=\/wp\/v2\/posts\/129141","targetHints":{"allow":["GET"]}}],"collection":[{"href":"https:\/\/noticiasbahia360.com.br\/index.php?rest_route=\/wp\/v2\/posts"}],"about":[{"href":"https:\/\/noticiasbahia360.com.br\/index.php?rest_route=\/wp\/v2\/types\/post"}],"author":[{"embeddable":true,"href":"https:\/\/noticiasbahia360.com.br\/index.php?rest_route=\/wp\/v2\/users\/1"}],"replies":[{"embeddable":true,"href":"https:\/\/noticiasbahia360.com.br\/index.php?rest_route=%2Fwp%2Fv2%2Fcomments&post=129141"}],"version-history":[{"count":0,"href":"https:\/\/noticiasbahia360.com.br\/index.php?rest_route=\/wp\/v2\/posts\/129141\/revisions"}],"wp:featuredmedia":[{"embeddable":true,"href":"https:\/\/noticiasbahia360.com.br\/index.php?rest_route=\/wp\/v2\/media\/129142"}],"wp:attachment":[{"href":"https:\/\/noticiasbahia360.com.br\/index.php?rest_route=%2Fwp%2Fv2%2Fmedia&parent=129141"}],"wp:term":[{"taxonomy":"category","embeddable":true,"href":"https:\/\/noticiasbahia360.com.br\/index.php?rest_route=%2Fwp%2Fv2%2Fcategories&post=129141"},{"taxonomy":"post_tag","embeddable":true,"href":"https:\/\/noticiasbahia360.com.br\/index.php?rest_route=%2Fwp%2Fv2%2Ftags&post=129141"}],"curies":[{"name":"wp","href":"https:\/\/api.w.org\/{rel}","templated":true}]}}