{"id":129143,"date":"2026-04-30T22:16:16","date_gmt":"2026-05-01T01:16:16","guid":{"rendered":"https:\/\/noticiasbahia360.com.br\/?p=129143"},"modified":"2026-04-30T22:16:16","modified_gmt":"2026-05-01T01:16:16","slug":"prefeitura-anuncia-ze-neto-e-cristiano-rai-saia-rodada-e-mais-tres-artistas-no-sao-joao-de-berimbau","status":"publish","type":"post","link":"https:\/\/noticiasbahia360.com.br\/?p=129143","title":{"rendered":"Prefeitura anuncia Z\u00e9 Neto e Cristiano, Ra\u00ed Saia Rodada e mais tr\u00eas artistas no S\u00e3o Jo\u00e3o de Berimbau"},"content":{"rendered":"<div>\n<div>\n<figure><img decoding=\"async\" src=\"http:\/\/noticiasbahia360.com.br\/wp-content\/uploads\/2026\/04\/palco-netto-brito-cantor-arraia-do-berimbau-2025-conceicao-do-jacuipe-foto-fala-genifax.jpg\" alt=\"Palco do Arrai\u00e1 do Berimbau 2025 , em Concei\u00e7\u00e3o do Jacu\u00edpe\"><figcaption>Palco do Arrai\u00e1 do Berimbau 2025 , em Concei\u00e7\u00e3o do Jacu\u00edpe | Foto: Fala Genifax<\/figcaption><\/figure>\n<\/div>\n<p>Na noite desta quinta-feira (30), a Prefeitura de Concei\u00e7\u00e3o do Jacu\u00edpe, tamb\u00e9m conhecida como Berimbau, divulgou novas atra\u00e7\u00f5es do S\u00e3o Jo\u00e3o do munic\u00edpio, por meio das redes sociais. Neste ano, o Arrai\u00e1 do Berimbau tamb\u00e9m contar\u00e1 com apresenta\u00e7\u00f5es de Z\u00e9 Neto e Cristiano, Ra\u00ed Saia Rodada, Mikael Santos, Michele Andrade e Berguinho.<\/p>\n<p>O S\u00e3o Jo\u00e3o de Concei\u00e7\u00e3o do Jacu\u00edpe acontece de 20 a 24 de junho. <\/p>\n<p><strong>Confira a publica\u00e7\u00e3o:<\/strong><\/p>\n<figure class=\"wp-block-embed is-type-rich is-provider-instagram wp-block-embed-instagram\">\n<div class=\"wp-block-embed__wrapper\"><iframe title=\"Instagram frame\" loading=\"lazy\" height=\"628\" class=\"instagram-embed-iframe\" src=\"https:\/\/www.instagram.com\/p\/DXxpTWPmg3w\/embed\/\" allowtransparency=\"true\" frameborder=\"0\" scrolling=\"no\" onload=\"(function(o){window.instagramIframe = window.instagramIframe || []; window.instagramIframe.push(o);})(this)\" style=\"border: 0px; margin: 0 auto; max-width: 658px; width: calc(100% - 2px); border-radius: 4px; box-shadow: rgba(0, 0, 0, 0.498039) 0px 0px 1px 0px, rgba(0, 0, 0, 0.14902) 0px 1px 10px 0px; display: block; padding: 0px; background: rgb(255, 255, 255);\"><\/iframe><\/div>\n<\/figure>\n<p><strong>Leia tamb\u00e9m: <\/strong><\/p>\n<p><a href=\"https:\/\/www.acordacidade.com.br\/sao-joao\/prefeitura-anuncia-maiara-e-maraisa-calcinha-preta-devinho-novaes-e-mais-cinco-atracoes-para-o-sao-joao-de-berimbau\/\">Prefeitura anuncia Maiara e Maraisa, Calcinha Preta, Devinho Novaes e mais cinco atra\u00e7\u00f5es para o S\u00e3o Jo\u00e3o de Berimbau<\/a><\/p>\n<p><em>Siga o Acorda Cidade no\u00a0<\/em><a href=\"https:\/\/news.google.com\/search?q=acorda%20cidade&amp;hl=pt-BR&amp;gl=BR&amp;ceid=BR%3Apt-419\"><strong><em>Google Not\u00edcias<\/em><\/strong><\/a><em>\u00a0e receba os principais destaques do dia. Participe tamb\u00e9m dos nossos canais no\u00a0<\/em><a href=\"https:\/\/www.whatsapp.com\/channel\/0029Va6Rb4v3WHTNnsh8WI3N\"><strong><em>WhatsApp<\/em><\/strong><\/a><em>\u00a0e\u00a0<\/em><a href=\"https:\/\/www.youtube.com\/@acordacidadenoticias\/videos\"><strong>YouTube<\/strong><\/a><em>\u00a0e grupo de\u00a0<\/em><a href=\"https:\/\/t.me\/+sSz0khrgARA0ZmRh\"><strong><em>Telegram<\/em><\/strong><\/a><em>.<\/em><\/p>\n<\/div>\n","protected":false},"excerpt":{"rendered":"<div>\n<div>\n<figure><img decoding=\"async\" src=\"https:\/\/www.acordacidade.com.br\/wp-content\/uploads\/2025\/06\/palco-netto-brito-cantor-arraia-do-berimbau-2025-conceicao-do-jacuipe-foto-fala-genifax.jpg\" alt=\"Palco do Arrai\u00e1 do Berimbau 2025 , em Concei\u00e7\u00e3o do Jacu\u00edpe\"><figcaption>Palco do Arrai\u00e1 do Berimbau 2025 , em Concei\u00e7\u00e3o do Jacu\u00edpe | Foto: Fala Genifax<\/figcaption><\/figure>\n<\/div>\n<p>Ap\u00f3s o an\u00fancio das apresenta\u00e7\u00f5es de Luan Santana, Calcinha Preta, Maiara e Maraisa e muito mais, Berimbau agora confirma mais cinco atra\u00e7\u00f5es.<\/p><\/div>\n","protected":false},"author":1,"featured_media":129144,"comment_status":"closed","ping_status":"closed","sticky":false,"template":"","format":"gallery","meta":{"footnotes":""},"categories":[8,9,6,57,56,10],"tags":[],"class_list":["post-129143","post","type-post","status-publish","format-gallery","has-post-thumbnail","hentry","category-bahia","category-brasil","category-feira-de-santana","category-mundo","category-policia","category-politica","post_format-post-format-gallery"],"featured_image_urls":{"full":["https:\/\/noticiasbahia360.com.br\/wp-content\/uploads\/2026\/04\/palco-netto-brito-cantor-arraia-do-berimbau-2025-conceicao-do-jacuipe-foto-fala-genifax.jpg",1200,675,false],"thumbnail":["https:\/\/noticiasbahia360.com.br\/wp-content\/uploads\/2026\/04\/palco-netto-brito-cantor-arraia-do-berimbau-2025-conceicao-do-jacuipe-foto-fala-genifax-150x150.jpg",150,150,true],"medium":["https:\/\/noticiasbahia360.com.br\/wp-content\/uploads\/2026\/04\/palco-netto-brito-cantor-arraia-do-berimbau-2025-conceicao-do-jacuipe-foto-fala-genifax-300x169.jpg",300,169,true],"medium_large":["https:\/\/noticiasbahia360.com.br\/wp-content\/uploads\/2026\/04\/palco-netto-brito-cantor-arraia-do-berimbau-2025-conceicao-do-jacuipe-foto-fala-genifax-768x432.jpg",640,360,true],"large":["https:\/\/noticiasbahia360.com.br\/wp-content\/uploads\/2026\/04\/palco-netto-brito-cantor-arraia-do-berimbau-2025-conceicao-do-jacuipe-foto-fala-genifax-1024x576.jpg",640,360,true],"1536x1536":["https:\/\/noticiasbahia360.com.br\/wp-content\/uploads\/2026\/04\/palco-netto-brito-cantor-arraia-do-berimbau-2025-conceicao-do-jacuipe-foto-fala-genifax.jpg",1200,675,false],"2048x2048":["https:\/\/noticiasbahia360.com.br\/wp-content\/uploads\/2026\/04\/palco-netto-brito-cantor-arraia-do-berimbau-2025-conceicao-do-jacuipe-foto-fala-genifax.jpg",1200,675,false],"chromenews-featured":["https:\/\/noticiasbahia360.com.br\/wp-content\/uploads\/2026\/04\/palco-netto-brito-cantor-arraia-do-berimbau-2025-conceicao-do-jacuipe-foto-fala-genifax-1024x576.jpg",1024,576,true],"chromenews-large":["https:\/\/noticiasbahia360.com.br\/wp-content\/uploads\/2026\/04\/palco-netto-brito-cantor-arraia-do-berimbau-2025-conceicao-do-jacuipe-foto-fala-genifax-825x575.jpg",825,575,true],"chromenews-medium":["https:\/\/noticiasbahia360.com.br\/wp-content\/uploads\/2026\/04\/palco-netto-brito-cantor-arraia-do-berimbau-2025-conceicao-do-jacuipe-foto-fala-genifax-590x410.jpg",590,410,true]},"author_info":{"display_name":"noticiasbahia360.com.br","author_link":"https:\/\/noticiasbahia360.com.br\/?author=1"},"category_info":"<a href=\"https:\/\/noticiasbahia360.com.br\/?cat=8\" rel=\"category\">Bahia<\/a> <a href=\"https:\/\/noticiasbahia360.com.br\/?cat=9\" rel=\"category\">Brasil<\/a> <a href=\"https:\/\/noticiasbahia360.com.br\/?cat=6\" rel=\"category\">Feira de Santana<\/a> <a href=\"https:\/\/noticiasbahia360.com.br\/?cat=57\" rel=\"category\">Mundo<\/a> <a href=\"https:\/\/noticiasbahia360.com.br\/?cat=56\" rel=\"category\">Pol\u00edcia<\/a> <a href=\"https:\/\/noticiasbahia360.com.br\/?cat=10\" rel=\"category\">Pol\u00edtica<\/a>","tag_info":"Pol\u00edtica","comment_count":"0","_links":{"self":[{"href":"https:\/\/noticiasbahia360.com.br\/index.php?rest_route=\/wp\/v2\/posts\/129143","targetHints":{"allow":["GET"]}}],"collection":[{"href":"https:\/\/noticiasbahia360.com.br\/index.php?rest_route=\/wp\/v2\/posts"}],"about":[{"href":"https:\/\/noticiasbahia360.com.br\/index.php?rest_route=\/wp\/v2\/types\/post"}],"author":[{"embeddable":true,"href":"https:\/\/noticiasbahia360.com.br\/index.php?rest_route=\/wp\/v2\/users\/1"}],"replies":[{"embeddable":true,"href":"https:\/\/noticiasbahia360.com.br\/index.php?rest_route=%2Fwp%2Fv2%2Fcomments&post=129143"}],"version-history":[{"count":0,"href":"https:\/\/noticiasbahia360.com.br\/index.php?rest_route=\/wp\/v2\/posts\/129143\/revisions"}],"wp:featuredmedia":[{"embeddable":true,"href":"https:\/\/noticiasbahia360.com.br\/index.php?rest_route=\/wp\/v2\/media\/129144"}],"wp:attachment":[{"href":"https:\/\/noticiasbahia360.com.br\/index.php?rest_route=%2Fwp%2Fv2%2Fmedia&parent=129143"}],"wp:term":[{"taxonomy":"category","embeddable":true,"href":"https:\/\/noticiasbahia360.com.br\/index.php?rest_route=%2Fwp%2Fv2%2Fcategories&post=129143"},{"taxonomy":"post_tag","embeddable":true,"href":"https:\/\/noticiasbahia360.com.br\/index.php?rest_route=%2Fwp%2Fv2%2Ftags&post=129143"}],"curies":[{"name":"wp","href":"https:\/\/api.w.org\/{rel}","templated":true}]}} 