{"id":129145,"date":"2026-04-30T22:16:17","date_gmt":"2026-05-01T01:16:17","guid":{"rendered":"https:\/\/noticiasbahia360.com.br\/?p=129145"},"modified":"2026-04-30T22:16:17","modified_gmt":"2026-05-01T01:16:17","slug":"policia-civil-prende-suspeito-de-participar-de-grupo-responsavel-por-roubos-em-onibus-intermunicipais","status":"publish","type":"post","link":"https:\/\/noticiasbahia360.com.br\/?p=129145","title":{"rendered":"Pol\u00edcia Civil prende suspeito de participar de grupo respons\u00e1vel por roubos em \u00f4nibus intermunicipais"},"content":{"rendered":"<div>\n<div>\n<figure><img decoding=\"async\" src=\"http:\/\/noticiasbahia360.com.br\/wp-content\/uploads\/2026\/04\/Policia-Civil-Foto-Ascom-PCBA-1.jpg\" alt=\"Pol\u00edcia Civil\"><figcaption>Foto: Ascom-PCBA<\/figcaption><\/figure>\n<\/div>\n<p>Nesta quarta-feira (29), equipes da Pol\u00edcia Civil cumpriram um mandado de pris\u00e3o preventiva contra um integrante de uma associa\u00e7\u00e3o criminosa especializada em roubos a passageiros de \u00f4nibus intermunicipais. Para identificar os envolvidos, foram realizadas an\u00e1lises de registros de ocorr\u00eancias, oitivas de v\u00edtimas e testemunhas, al\u00e9m do cruzamento de informa\u00e7\u00f5es de inqu\u00e9ritos instaurados para apurar crimes praticados com a mesma din\u00e2mica.<\/p>\n<p>De acordo com as investiga\u00e7\u00f5es, equipes da Delegacia Especializada de Repress\u00e3o a Roubos em Coletivos (Derrc), unidade vinculada ao Departamento Especializado de Investiga\u00e7\u00f5es Criminais (Deic), identificaram que o grupo atuava de forma estruturada e previamente articulada, com os criminosos embarcando nos coletivos em uma regi\u00e3o da BR-324 e efetuando o pagamento das passagens para evitar suspeitas.<\/p>\n<p>Durante o trajeto, anunciavam o assalto, subtraindo aparelhos celulares, mochilas e outros pertences das v\u00edtimas. Ap\u00f3s os roubos, os investigados desembarcavam em locais previamente combinados, contando com o apoio log\u00edstico de um ve\u00edculo respons\u00e1vel por assegurar a fuga e dificultar a a\u00e7\u00e3o policial.<\/p>\n<p>Pela forma de atua\u00e7\u00e3o, o grupo era considerado de alta periculosidade, com registros de agress\u00f5es f\u00edsicas e disparos de arma de fogo no interior dos coletivos, com o objetivo de intimidar passageiros e rodovi\u00e1rios que utilizam o transporte intermunicipal na Regi\u00e3o Metropolitana de Salvador.<\/p>\n<p>Ao longo das investiga\u00e7\u00f5es, foi poss\u00edvel identificar todos os 13 integrantes da associa\u00e7\u00e3o criminosa. Desses, cinco morreram em confrontos anteriores com for\u00e7as de seguran\u00e7a, enquanto os outros oito foram presos em opera\u00e7\u00f5es conduzidas pela Derrc, culminando, agora, com a captura do \u00faltimo foragido do grupo. Ap\u00f3s a captura, o investigado foi encaminhado \u00e0 Coordena\u00e7\u00e3o de Pol\u00edcia Interestadual (Polinter) para ado\u00e7\u00e3o das medidas legais cab\u00edveis.<\/p>\n<p><em>Siga o Acorda Cidade no\u00a0<\/em><a href=\"https:\/\/news.google.com\/search?q=acorda%20cidade&amp;hl=pt-BR&amp;gl=BR&amp;ceid=BR%3Apt-419\"><strong><em>Google Not\u00edcias<\/em><\/strong><\/a><em>\u00a0e receba os principais destaques do dia. Participe tamb\u00e9m dos nossos canais no\u00a0<\/em><a href=\"https:\/\/www.whatsapp.com\/channel\/0029Va6Rb4v3WHTNnsh8WI3N\"><strong><em>WhatsApp<\/em><\/strong><\/a><em>\u00a0e\u00a0<\/em><a href=\"https:\/\/www.youtube.com\/@acordacidadenoticias\/videos\"><strong>YouTube<\/strong><\/a><em>\u00a0e grupo de\u00a0<\/em><a href=\"https:\/\/t.me\/+sSz0khrgARA0ZmRh\"><strong><em>Telegram<\/em><\/strong><\/a><em>.<\/em><\/p>\n<\/div>\n","protected":false},"excerpt":{"rendered":"<div>\n<div>\n<figure><img decoding=\"async\" src=\"https:\/\/uploads.acordacidade.com.br\/2026\/04\/Policia-Civil-Foto-Ascom-PCBA-1.jpg\" alt=\"Pol\u00edcia Civil\"><figcaption>Foto: Ascom-PCBA<\/figcaption><\/figure>\n<\/div>\n<p>Grupo atuava com os criminosos embarcando nos coletivos em uma regi\u00e3o da BR-324 e efetuando o pagamento das passagens para evitar suspeitas.<\/p><\/div>\n","protected":false},"author":1,"featured_media":129146,"comment_status":"closed","ping_status":"closed","sticky":false,"template":"","format":"gallery","meta":{"footnotes":""},"categories":[8,9,6,57,56,10],"tags":[],"class_list":["post-129145","post","type-post","status-publish","format-gallery","has-post-thumbnail","hentry","category-bahia","category-brasil","category-feira-de-santana","category-mundo","category-policia","category-politica","post_format-post-format-gallery"],"featured_image_urls":{"full":["https:\/\/noticiasbahia360.com.br\/wp-content\/uploads\/2026\/04\/Policia-Civil-Foto-Ascom-PCBA-1.jpg",1200,900,false],"thumbnail":["https:\/\/noticiasbahia360.com.br\/wp-content\/uploads\/2026\/04\/Policia-Civil-Foto-Ascom-PCBA-1-150x150.jpg",150,150,true],"medium":["https:\/\/noticiasbahia360.com.br\/wp-content\/uploads\/2026\/04\/Policia-Civil-Foto-Ascom-PCBA-1-300x225.jpg",300,225,true],"medium_large":["https:\/\/noticiasbahia360.com.br\/wp-content\/uploads\/2026\/04\/Policia-Civil-Foto-Ascom-PCBA-1-768x576.jpg",640,480,true],"large":["https:\/\/noticiasbahia360.com.br\/wp-content\/uploads\/2026\/04\/Policia-Civil-Foto-Ascom-PCBA-1-1024x768.jpg",640,480,true],"1536x1536":["https:\/\/noticiasbahia360.com.br\/wp-content\/uploads\/2026\/04\/Policia-Civil-Foto-Ascom-PCBA-1.jpg",1200,900,false],"2048x2048":["https:\/\/noticiasbahia360.com.br\/wp-content\/uploads\/2026\/04\/Policia-Civil-Foto-Ascom-PCBA-1.jpg",1200,900,false],"chromenews-featured":["https:\/\/noticiasbahia360.com.br\/wp-content\/uploads\/2026\/04\/Policia-Civil-Foto-Ascom-PCBA-1-1024x768.jpg",1024,768,true],"chromenews-large":["https:\/\/noticiasbahia360.com.br\/wp-content\/uploads\/2026\/04\/Policia-Civil-Foto-Ascom-PCBA-1-825x575.jpg",825,575,true],"chromenews-medium":["https:\/\/noticiasbahia360.com.br\/wp-content\/uploads\/2026\/04\/Policia-Civil-Foto-Ascom-PCBA-1-590x410.jpg",590,410,true]},"author_info":{"display_name":"noticiasbahia360.com.br","author_link":"https:\/\/noticiasbahia360.com.br\/?author=1"},"category_info":"<a href=\"https:\/\/noticiasbahia360.com.br\/?cat=8\" rel=\"category\">Bahia<\/a> <a href=\"https:\/\/noticiasbahia360.com.br\/?cat=9\" rel=\"category\">Brasil<\/a> <a href=\"https:\/\/noticiasbahia360.com.br\/?cat=6\" rel=\"category\">Feira de Santana<\/a> <a href=\"https:\/\/noticiasbahia360.com.br\/?cat=57\" rel=\"category\">Mundo<\/a> <a href=\"https:\/\/noticiasbahia360.com.br\/?cat=56\" rel=\"category\">Pol\u00edcia<\/a> <a href=\"https:\/\/noticiasbahia360.com.br\/?cat=10\" rel=\"category\">Pol\u00edtica<\/a>","tag_info":"Pol\u00edtica","comment_count":"0","_links":{"self":[{"href":"https:\/\/noticiasbahia360.com.br\/index.php?rest_route=\/wp\/v2\/posts\/129145","targetHints":{"allow":["GET"]}}],"collection":[{"href":"https:\/\/noticiasbahia360.com.br\/index.php?rest_route=\/wp\/v2\/posts"}],"about":[{"href":"https:\/\/noticiasbahia360.com.br\/index.php?rest_route=\/wp\/v2\/types\/post"}],"author":[{"embeddable":true,"href":"https:\/\/noticiasbahia360.com.br\/index.php?rest_route=\/wp\/v2\/users\/1"}],"replies":[{"embeddable":true,"href":"https:\/\/noticiasbahia360.com.br\/index.php?rest_route=%2Fwp%2Fv2%2Fcomments&post=129145"}],"version-history":[{"count":0,"href":"https:\/\/noticiasbahia360.com.br\/index.php?rest_route=\/wp\/v2\/posts\/129145\/revisions"}],"wp:featuredmedia":[{"embeddable":true,"href":"https:\/\/noticiasbahia360.com.br\/index.php?rest_route=\/wp\/v2\/media\/129146"}],"wp:attachment":[{"href":"https:\/\/noticiasbahia360.com.br\/index.php?rest_route=%2Fwp%2Fv2%2Fmedia&parent=129145"}],"wp:term":[{"taxonomy":"category","embeddable":true,"href":"https:\/\/noticiasbahia360.com.br\/index.php?rest_route=%2Fwp%2Fv2%2Fcategories&post=129145"},{"taxonomy":"post_tag","embeddable":true,"href":"https:\/\/noticiasbahia360.com.br\/index.php?rest_route=%2Fwp%2Fv2%2Ftags&post=129145"}],"curies":[{"name":"wp","href":"https:\/\/api.w.org\/{rel}","templated":true}]}} 