{"id":129150,"date":"2026-04-30T22:31:09","date_gmt":"2026-05-01T01:31:09","guid":{"rendered":"https:\/\/noticiasbahia360.com.br\/?p=129150"},"modified":"2026-04-30T22:31:09","modified_gmt":"2026-05-01T01:31:09","slug":"em-pronunciamento-lula-defende-fim-da-escala-6x1-e-anuncia-medidas-para-populacao-endividada","status":"publish","type":"post","link":"https:\/\/noticiasbahia360.com.br\/?p=129150","title":{"rendered":"Em pronunciamento, Lula defende fim da escala 6\u00d71 e anuncia medidas para popula\u00e7\u00e3o endividada"},"content":{"rendered":"<div>\n<div>\n<figure><img decoding=\"async\" src=\"http:\/\/noticiasbahia360.com.br\/wp-content\/uploads\/2026\/04\/Lula-Foto-Ricardo-Stuckert-PR-2.jpg\" alt=\"Lula\"><figcaption>Lula | Foto: Ricardo Stuckert\/ PR<\/figcaption><\/figure>\n<\/div>\n<p>O presidente Luiz In\u00e1cio Lula da Silva (PT)\u00a0defendeu o fim da escala de trabalho 6\u00d71 e anunciou medidas voltadas \u00e0 popula\u00e7\u00e3o endividada em pronunciamento em alus\u00e3o ao Dia do Trabalhador. O petista realizou o pronunciamento na noite desta quinta-feira (30), na v\u00e9spera do feriado nacional.<\/p>\n<p>Na fala, Lula afirmou que enviou ao Congresso um projeto para reduzir a jornada semanal para at\u00e9 40 horas, com dois dias de descanso, sem redu\u00e7\u00e3o salarial. Segundo ele, o modelo atual n\u00e3o condiz com a realidade do s\u00e9culo XXI. O presidente tamb\u00e9m destacou que a mudan\u00e7a pode garantir mais qualidade de vida aos trabalhadores.<\/p>\n<p>\u201cN\u00e3o faz sentido que, em pleno s\u00e9culo XXI, milh\u00f5es de brasileiros tenham que trabalhar seis dias por semana para descansar apenas um dia. O fim da escala 6\u00d71 vai garantir mais tempo com a fam\u00edlia, para estudar, cuidar da sa\u00fade e descansar\u201d, afirmou.<\/p>\n<p>Presidente tamb\u00e9m relacionou a proposta de redu\u00e7\u00e3o da jornada \u00e0 valoriza\u00e7\u00e3o hist\u00f3rica dos direitos trabalhistas e defendeu que avan\u00e7os nesse campo contribuem para o crescimento econ\u00f4mico.<\/p>\n<p>\u201cTodas as conquistas dos trabalhadores foram criticadas no passado, mas o Brasil nunca quebrou por dar direitos. Pelo contr\u00e1rio, ficou mais forte\u201d, disse.<\/p>\n<p>Durante o pronunciamento, Lula anunciou ainda uma nova etapa do programa Desenrola Brasil, voltada \u00e0 renegocia\u00e7\u00e3o de d\u00edvidas das fam\u00edlias brasileiras. De acordo com ele, haver\u00e1 redu\u00e7\u00e3o de juros, possibilidade de descontos e prazo maior para pagamento. O presidente tamb\u00e9m fez cr\u00edticas \u00e0s plataformas de apostas online, as chamadas \u201cbets\u201d, e afirmou que benefici\u00e1rios do programa ficar\u00e3o impedidos de utilizar esses servi\u00e7os por um per\u00edodo.<\/p>\n<p>Lula tamb\u00e9m anunciou que a popula\u00e7\u00e3o poder\u00e1 realizar saques do FGTS para fazer o pagamento das d\u00edvidas.<\/p>\n<p>\u201cA d\u00edvida das fam\u00edlias cresceu por anos e agora est\u00e1 sufocando uma parte da sociedade brasileira. Por isso, vamos lan\u00e7ar, na pr\u00f3xima segunda-feira, o Novo Desenrola Brasil, um conjunto de medidas \u00a0para ajudar a resolver a vida financeira das fam\u00edlias endividadas. As trabalhadoras e os trabalhadores poder\u00e3o negociar d\u00edvidas do cart\u00e3o de cr\u00e9dito, do cheque especial, do rotativo, do cr\u00e9dito pessoal e at\u00e9 do Fies. Os brasileiros endividados ter\u00e3o juros mais baixos de no m\u00e1ximo 1,99 e desconto de 30 at\u00e9 90% no valor da d\u00edvida. Assim, voc\u00ea vai ter uma parcela bem menor e mais tempo para pagar a sua d\u00edvida. E cada pessoa poder\u00e1 sacar at\u00e9 20% do saldo do Fundo de Garantia por Tempo de Servi\u00e7o (FGTS)\u201d, afirmou o presidente.<\/p>\n<p><strong>Confira a publica\u00e7\u00e3o:<\/strong><\/p>\n<figure class=\"wp-block-embed is-type-rich is-provider-instagram wp-block-embed-instagram\">\n<div class=\"wp-block-embed__wrapper\"><iframe title=\"Instagram frame\" loading=\"lazy\" height=\"628\" class=\"instagram-embed-iframe\" src=\"https:\/\/www.instagram.com\/reel\/DXxjiHRBOXR\/embed\/\" allowtransparency=\"true\" frameborder=\"0\" scrolling=\"no\" onload=\"(function(o){window.instagramIframe = window.instagramIframe || []; window.instagramIframe.push(o);})(this)\" style=\"border: 0px; margin: 0 auto; max-width: 658px; width: calc(100% - 2px); border-radius: 4px; box-shadow: rgba(0, 0, 0, 0.498039) 0px 0px 1px 0px, rgba(0, 0, 0, 0.14902) 0px 1px 10px 0px; display: block; padding: 0px; background: rgb(255, 255, 255);\"><\/iframe><\/div>\n<\/figure>\n<p><em>Fonte: <a href=\"https:\/\/www.bahianoticias.com.br\/noticia\/316350-video-lula-defende-fim-da-escala-6x1-critica-bets-e-anuncia-nova-etapa-do-etapa-do-desenrola-brasil\" target=\"_blank\" rel=\"noreferrer noopener\">Bahia Not\u00edcias<\/a>, parceiro do Acorda Cidade<\/em><\/p>\n<p><em>Siga o Acorda Cidade no\u00a0<\/em><a href=\"https:\/\/news.google.com\/search?q=acorda%20cidade&amp;hl=pt-BR&amp;gl=BR&amp;ceid=BR%3Apt-419\"><strong><em>Google Not\u00edcias<\/em><\/strong><\/a><em>\u00a0e receba os principais destaques do dia. Participe tamb\u00e9m dos nossos canais no\u00a0<\/em><a href=\"https:\/\/www.whatsapp.com\/channel\/0029Va6Rb4v3WHTNnsh8WI3N\"><strong><em>WhatsApp<\/em><\/strong><\/a><em>\u00a0e\u00a0<\/em><a href=\"https:\/\/www.youtube.com\/@acordacidadenoticias\/videos\"><strong>YouTube<\/strong><\/a><em>\u00a0e grupo de\u00a0<\/em><a href=\"https:\/\/t.me\/+sSz0khrgARA0ZmRh\"><strong><em>Telegram<\/em><\/strong><\/a><em>.<\/em><\/p>\n<\/div>\n","protected":false},"excerpt":{"rendered":"<div>\n<div>\n<figure><img decoding=\"async\" src=\"https:\/\/uploads.acordacidade.com.br\/2026\/04\/Lula-Foto-Ricardo-Stuckert-PR.jpg\" alt=\"Lula\"><figcaption>Lula | Foto: Ricardo Stuckert\/ PR<\/figcaption><\/figure>\n<\/div>\n<p>Presidente tamb\u00e9m relacionou a proposta de redu\u00e7\u00e3o da jornada \u00e0 valoriza\u00e7\u00e3o hist\u00f3rica dos direitos trabalhistas.<\/p><\/div>\n","protected":false},"author":1,"featured_media":129151,"comment_status":"closed","ping_status":"closed","sticky":false,"template":"","format":"gallery","meta":{"footnotes":""},"categories":[8,9,6,57,56,10],"tags":[],"class_list":["post-129150","post","type-post","status-publish","format-gallery","has-post-thumbnail","hentry","category-bahia","category-brasil","category-feira-de-santana","category-mundo","category-policia","category-politica","post_format-post-format-gallery"],"featured_image_urls":{"full":["https:\/\/noticiasbahia360.com.br\/wp-content\/uploads\/2026\/04\/Lula-Foto-Ricardo-Stuckert-PR-2.jpg",1200,718,false],"thumbnail":["https:\/\/noticiasbahia360.com.br\/wp-content\/uploads\/2026\/04\/Lula-Foto-Ricardo-Stuckert-PR-2-150x150.jpg",150,150,true],"medium":["https:\/\/noticiasbahia360.com.br\/wp-content\/uploads\/2026\/04\/Lula-Foto-Ricardo-Stuckert-PR-2-300x180.jpg",300,180,true],"medium_large":["https:\/\/noticiasbahia360.com.br\/wp-content\/uploads\/2026\/04\/Lula-Foto-Ricardo-Stuckert-PR-2-768x460.jpg",640,383,true],"large":["https:\/\/noticiasbahia360.com.br\/wp-content\/uploads\/2026\/04\/Lula-Foto-Ricardo-Stuckert-PR-2-1024x613.jpg",640,383,true],"1536x1536":["https:\/\/noticiasbahia360.com.br\/wp-content\/uploads\/2026\/04\/Lula-Foto-Ricardo-Stuckert-PR-2.jpg",1200,718,false],"2048x2048":["https:\/\/noticiasbahia360.com.br\/wp-content\/uploads\/2026\/04\/Lula-Foto-Ricardo-Stuckert-PR-2.jpg",1200,718,false],"chromenews-featured":["https:\/\/noticiasbahia360.com.br\/wp-content\/uploads\/2026\/04\/Lula-Foto-Ricardo-Stuckert-PR-2-1024x613.jpg",1024,613,true],"chromenews-large":["https:\/\/noticiasbahia360.com.br\/wp-content\/uploads\/2026\/04\/Lula-Foto-Ricardo-Stuckert-PR-2-825x575.jpg",825,575,true],"chromenews-medium":["https:\/\/noticiasbahia360.com.br\/wp-content\/uploads\/2026\/04\/Lula-Foto-Ricardo-Stuckert-PR-2-590x410.jpg",590,410,true]},"author_info":{"display_name":"noticiasbahia360.com.br","author_link":"https:\/\/noticiasbahia360.com.br\/?author=1"},"category_info":"<a href=\"https:\/\/noticiasbahia360.com.br\/?cat=8\" rel=\"category\">Bahia<\/a> <a href=\"https:\/\/noticiasbahia360.com.br\/?cat=9\" rel=\"category\">Brasil<\/a> <a href=\"https:\/\/noticiasbahia360.com.br\/?cat=6\" rel=\"category\">Feira de Santana<\/a> <a href=\"https:\/\/noticiasbahia360.com.br\/?cat=57\" rel=\"category\">Mundo<\/a> <a href=\"https:\/\/noticiasbahia360.com.br\/?cat=56\" rel=\"category\">Pol\u00edcia<\/a> <a href=\"https:\/\/noticiasbahia360.com.br\/?cat=10\" rel=\"category\">Pol\u00edtica<\/a>","tag_info":"Pol\u00edtica","comment_count":"0","_links":{"self":[{"href":"https:\/\/noticiasbahia360.com.br\/index.php?rest_route=\/wp\/v2\/posts\/129150","targetHints":{"allow":["GET"]}}],"collection":[{"href":"https:\/\/noticiasbahia360.com.br\/index.php?rest_route=\/wp\/v2\/posts"}],"about":[{"href":"https:\/\/noticiasbahia360.com.br\/index.php?rest_route=\/wp\/v2\/types\/post"}],"author":[{"embeddable":true,"href":"https:\/\/noticiasbahia360.com.br\/index.php?rest_route=\/wp\/v2\/users\/1"}],"replies":[{"embeddable":true,"href":"https:\/\/noticiasbahia360.com.br\/index.php?rest_route=%2Fwp%2Fv2%2Fcomments&post=129150"}],"version-history":[{"count":0,"href":"https:\/\/noticiasbahia360.com.br\/index.php?rest_route=\/wp\/v2\/posts\/129150\/revisions"}],"wp:featuredmedia":[{"embeddable":true,"href":"https:\/\/noticiasbahia360.com.br\/index.php?rest_route=\/wp\/v2\/media\/129151"}],"wp:attachment":[{"href":"https:\/\/noticiasbahia360.com.br\/index.php?rest_route=%2Fwp%2Fv2%2Fmedia&parent=129150"}],"wp:term":[{"taxonomy":"category","embeddable":true,"href":"https:\/\/noticiasbahia360.com.br\/index.php?rest_route=%2Fwp%2Fv2%2Fcategories&post=129150"},{"taxonomy":"post_tag","embeddable":true,"href":"https:\/\/noticiasbahia360.com.br\/index.php?rest_route=%2Fwp%2Fv2%2Ftags&post=129150"}],"curies":[{"name":"wp","href":"https:\/\/api.w.org\/{rel}","templated":true}]}}