{"id":129152,"date":"2026-04-30T22:36:01","date_gmt":"2026-05-01T01:36:01","guid":{"rendered":"https:\/\/noticiasbahia360.com.br\/?p=129152"},"modified":"2026-04-30T22:36:01","modified_gmt":"2026-05-01T01:36:01","slug":"veja-votos-de-senadores-e-deputados-baianos-sobre-projeto-que-reduz-penas-de-bolsonaro-e-condenados-por-tentativa-de-golpe","status":"publish","type":"post","link":"https:\/\/noticiasbahia360.com.br\/?p=129152","title":{"rendered":"Veja votos de senadores e deputados baianos sobre projeto que reduz penas de Bolsonaro e condenados por tentativa de golpe"},"content":{"rendered":"<div>\n<div>\n<figure><img decoding=\"async\" src=\"http:\/\/noticiasbahia360.com.br\/wp-content\/uploads\/2026\/04\/Votos-na-PL-da-Dosimetria-Foto-Reproducao.webp\" alt=\"Votos na PL da Dosimetria\"><figcaption>Foto: Reprodu\u00e7\u00e3o<\/figcaption><\/figure>\n<\/div>\n<p>Com vota\u00e7\u00e3o muito acima do m\u00ednimo necess\u00e1rio, a C\u00e2mara dos Deputados e o Senado derrubaram, nesta quinta-feira (30), o veto do presidente Luiz In\u00e1cio Lula da Silva ao projeto de lei da dosimetria de penas. A derrubada se deu na sess\u00e3o do Congresso Nacional presidida por Davi Alcolumbre (Uni\u00e3o-AP). \u00a0<\/p>\n<p>O veto ao projeto que reduz as penas aos condenados do 8 de janeiro e por tentativa de golpe foi rejeitado por 318 votos a 144 na C\u00e2mara e, no Senado, por 49 votos a 24. A decis\u00e3o beneficia o ex-presidente Jair Bolsonaro (PL).\u00a0<\/p>\n<p>Com a 4\u00aa maior bancada da C\u00e2mara dos Deputados, contando com 39 deputados federais, a Bahia imp\u00f5e um peso relevante a vota\u00e7\u00e3o. Na C\u00e2mara, ao todo, 15 votaram pela manuten\u00e7\u00e3o do veto presidencial, 17 votaram pela derrubada e outros oito se ausentaram. J\u00e1 no Senado foram um voto pela manuten\u00e7\u00e3o do veto, um pela derrubada e uma aus\u00eancia.<\/p>\n<p>A recomenda\u00e7\u00e3o do grupo governista era o voto pela manuten\u00e7\u00e3o do veto, ou seja, \u201cSim\u201d; enquanto para a oposi\u00e7\u00e3o, especialmente aquela vinculada ao Bolsonarismo, a indica\u00e7\u00e3o das lideran\u00e7as era a vota\u00e7\u00e3o pela derrubada, o \u201cN\u00e3o\u201d.\u00a0<\/p>\n<p><strong>Confira como votaram os parlamentares nas duas Casas que comp\u00f5em o Congresso Nacional:\u00a0<\/strong><\/p>\n<p class=\"has-vivid-green-cyan-color has-text-color has-link-color wp-elements-29ccfd349520d5dc990bfdc46fd49202\"><strong>Votaram \u201cSIM\u201d pela manuten\u00e7\u00e3o do veto de Lula:\u00a0<\/strong><\/p>\n<ul class=\"wp-block-list\">\n<li>Dep. Afonso Florence (PT) \u2013 Sim<\/li>\n<li>Dep. Alice Portugal (PCdoB)\u00a0\u2013 Sim<\/li>\n<li>Dep. Bacelar\u00a0(PV) \u2013 Sim<\/li>\n<li>Dep. Daniel Almeida (PCdoB) \u2013 Sim<\/li>\n<li>Dep. F\u00e9lix Mendon\u00e7a Jr (PDT) \u2013 Sim<\/li>\n<li>Dep. Gabriel Nunes\u00a0(PSD) \u2013 Sim<\/li>\n<li>Dep. Ivoneide Caetano (PT) \u2013 Sim<\/li>\n<li>Dep. Jorge Solla (PT) \u2013 Sim<\/li>\n<li>Dep. Joseildo Ramos (PT) \u2013 Sim<\/li>\n<li>Dep. L\u00eddice da Mata (PSB)\u00a0\u2013 Sim<\/li>\n<li>Dep. M\u00e1rio Negromonte J\u00fanior (PSB) \u2013 Sim<\/li>\n<li>Dep. Ricardo Maia (MDB) \u2013 Sim<\/li>\n<li>Dep. Valmir Assun\u00e7\u00e3o\u00a0(PT) \u2013 Sim<\/li>\n<li>Dep. Waldenor Pereira (PT) \u2013 Sim<\/li>\n<li>Dep. Z\u00e9 Neto (PT) \u2013 Sim<\/li>\n<li>Sen. Otto Alencar (PSD) \u2013 Sim<\/li>\n<\/ul>\n<p class=\"has-vivid-red-color has-text-color has-link-color wp-elements-afe3c0f9a7798f0ff96d4a2ac8cb4179\"><strong>Votaram \u201cN\u00c3O\u201d pela manuten\u00e7\u00e3o do veto de Lula e consequente derrubada do veto:\u00a0<\/strong><\/p>\n<ul class=\"wp-block-list\">\n<li>Dep. Adolfo Viana (PSDB) \u2013 N\u00e3o<\/li>\n<li>Dep. Arthur O. Maia (Uni\u00e3o) \u2013\u00a0N\u00e3o<\/li>\n<li>Dep. Capit\u00e3o Alden (PL) \u2013 N\u00e3o<\/li>\n<li>Dep. Claudio Cajado (PP) \u2013 N\u00e3o<\/li>\n<li>Dep. Diego Coronel (Republicanos) \u2013 N\u00e3o<\/li>\n<li>Dep. Elmar Nascimento (Uni\u00e3o) \u2013 N\u00e3o<\/li>\n<li>Dep. Jo\u00e3oCarlosBacelar (PL) \u2013 N\u00e3o<\/li>\n<li>Dep. Jorge Ara\u00fajo (PP) \u2013 N\u00e3o<\/li>\n<li>Dep. Jos\u00e9 Rocha (Uni\u00e3o) \u2013 N\u00e3o<\/li>\n<li>Dep. Leur Lomanto Jr. (Uni\u00e3o) \u2013 N\u00e3o<\/li>\n<li>Dep. Marcelo Nilo (Republicanos) \u2013 N\u00e3o<\/li>\n<li>Dep. M\u00e1rcio Marinho\u00a0(Republicanos) \u2013 N\u00e3o<\/li>\n<li>Dep. Pastor Isid\u00f3rio (Avante) \u2013 N\u00e3o<\/li>\n<li>Dep. Paulo Azi (Uni\u00e3o) \u2013 N\u00e3o<\/li>\n<li>Dep. Roberta Roma (PL) \u2013 N\u00e3o<\/li>\n<li>Dep. Rog\u00e9ria Santos\u00a0(Republicanos) \u2013 N\u00e3o<\/li>\n<li>Dep. S\u00e9rgio Brito (PSD) \u2013 N\u00e3o<\/li>\n<li>Sen. \u00c2ngelo Coronel\u00a0(Republicanos) \u2013 N\u00e3o<\/li>\n<\/ul>\n<p class=\"has-luminous-vivid-amber-color has-text-color has-link-color wp-elements-1f3888dd649e6e3eee0052b6e8e5d399\"><strong>Aus\u00eancias<\/strong><\/p>\n<ul class=\"wp-block-list\">\n<li>Dep. Antonio Brito (PSD)<\/li>\n<li>Dep. Charles Fernandes (PSD)\u00a0\u00a0 \u00a0<\/li>\n<li>Dep. Dal Barreto (Uni\u00e3o)<\/li>\n<li>Dep. Leo Prates (Republicanos)<\/li>\n<li>Dep. Neto Carletto (Avante)<\/li>\n<li>Dep. Paulo Magalh\u00e3es (PSD)<\/li>\n<li>Dep. Raimundo Costa (PSD)\u00a0<\/li>\n<li>Jaques Wagner (PT) \u2013 Ausente<\/li>\n<\/ul>\n<p><em>Fonte: <a href=\"https:\/\/www.bahianoticias.com.br\/noticia\/316343-com-39-deputados-e-3-senadores-bahia-registra-18-votos-pela-derrubada-e-16-pela-manutencao-do-veto\" target=\"_blank\" rel=\"noreferrer noopener\">Bahia Not\u00edcias<\/a>, parceiro do Acorda Cidade<\/em><\/p>\n<p><em>Siga o Acorda Cidade no\u00a0<\/em><a href=\"https:\/\/news.google.com\/search?q=acorda%20cidade&amp;hl=pt-BR&amp;gl=BR&amp;ceid=BR%3Apt-419\"><strong><em>Google Not\u00edcias<\/em><\/strong><\/a><em>\u00a0e receba os principais destaques do dia. Participe tamb\u00e9m dos nossos canais no\u00a0<\/em><a href=\"https:\/\/www.whatsapp.com\/channel\/0029Va6Rb4v3WHTNnsh8WI3N\"><strong><em>WhatsApp<\/em><\/strong><\/a><em>\u00a0e\u00a0<\/em><a href=\"https:\/\/www.youtube.com\/@acordacidadenoticias\/videos\"><strong>YouTube<\/strong><\/a><em>\u00a0e grupo de\u00a0<\/em><a href=\"https:\/\/t.me\/+sSz0khrgARA0ZmRh\"><strong><em>Telegram<\/em><\/strong><\/a><em>.<\/em><\/p>\n<\/div>\n","protected":false},"excerpt":{"rendered":"<div>\n<div>\n<figure><img decoding=\"async\" src=\"https:\/\/uploads.acordacidade.com.br\/2026\/04\/Votos-na-PL-da-Dosimetria-Foto-Reproducao.webp\" alt=\"Votos na PL da Dosimetria\"><figcaption>Foto: Reprodu\u00e7\u00e3o<\/figcaption><\/figure>\n<\/div>\n<p>Com a 4\u00aa maior bancada da C\u00e2mara dos Deputados, contando com 39 deputados federais, a Bahia imp\u00f5e um peso relevante a vota\u00e7\u00e3o.<\/p><\/div>\n","protected":false},"author":1,"featured_media":129153,"comment_status":"closed","ping_status":"closed","sticky":false,"template":"","format":"gallery","meta":{"footnotes":""},"categories":[8,9,6,57,56,10],"tags":[],"class_list":["post-129152","post","type-post","status-publish","format-gallery","has-post-thumbnail","hentry","category-bahia","category-brasil","category-feira-de-santana","category-mundo","category-policia","category-politica","post_format-post-format-gallery"],"featured_image_urls":{"full":["https:\/\/noticiasbahia360.com.br\/wp-content\/uploads\/2026\/04\/Votos-na-PL-da-Dosimetria-Foto-Reproducao.webp",1200,630,false],"thumbnail":["https:\/\/noticiasbahia360.com.br\/wp-content\/uploads\/2026\/04\/Votos-na-PL-da-Dosimetria-Foto-Reproducao-150x150.webp",150,150,true],"medium":["https:\/\/noticiasbahia360.com.br\/wp-content\/uploads\/2026\/04\/Votos-na-PL-da-Dosimetria-Foto-Reproducao-300x158.webp",300,158,true],"medium_large":["https:\/\/noticiasbahia360.com.br\/wp-content\/uploads\/2026\/04\/Votos-na-PL-da-Dosimetria-Foto-Reproducao-768x403.webp",640,336,true],"large":["https:\/\/noticiasbahia360.com.br\/wp-content\/uploads\/2026\/04\/Votos-na-PL-da-Dosimetria-Foto-Reproducao-1024x538.webp",640,336,true],"1536x1536":["https:\/\/noticiasbahia360.com.br\/wp-content\/uploads\/2026\/04\/Votos-na-PL-da-Dosimetria-Foto-Reproducao.webp",1200,630,false],"2048x2048":["https:\/\/noticiasbahia360.com.br\/wp-content\/uploads\/2026\/04\/Votos-na-PL-da-Dosimetria-Foto-Reproducao.webp",1200,630,false],"chromenews-featured":["https:\/\/noticiasbahia360.com.br\/wp-content\/uploads\/2026\/04\/Votos-na-PL-da-Dosimetria-Foto-Reproducao-1024x538.webp",1024,538,true],"chromenews-large":["https:\/\/noticiasbahia360.com.br\/wp-content\/uploads\/2026\/04\/Votos-na-PL-da-Dosimetria-Foto-Reproducao-825x575.webp",825,575,true],"chromenews-medium":["https:\/\/noticiasbahia360.com.br\/wp-content\/uploads\/2026\/04\/Votos-na-PL-da-Dosimetria-Foto-Reproducao-590x410.webp",590,410,true]},"author_info":{"display_name":"noticiasbahia360.com.br","author_link":"https:\/\/noticiasbahia360.com.br\/?author=1"},"category_info":"<a href=\"https:\/\/noticiasbahia360.com.br\/?cat=8\" rel=\"category\">Bahia<\/a> <a href=\"https:\/\/noticiasbahia360.com.br\/?cat=9\" rel=\"category\">Brasil<\/a> <a href=\"https:\/\/noticiasbahia360.com.br\/?cat=6\" rel=\"category\">Feira de Santana<\/a> <a href=\"https:\/\/noticiasbahia360.com.br\/?cat=57\" rel=\"category\">Mundo<\/a> <a href=\"https:\/\/noticiasbahia360.com.br\/?cat=56\" rel=\"category\">Pol\u00edcia<\/a> <a href=\"https:\/\/noticiasbahia360.com.br\/?cat=10\" rel=\"category\">Pol\u00edtica<\/a>","tag_info":"Pol\u00edtica","comment_count":"0","_links":{"self":[{"href":"https:\/\/noticiasbahia360.com.br\/index.php?rest_route=\/wp\/v2\/posts\/129152","targetHints":{"allow":["GET"]}}],"collection":[{"href":"https:\/\/noticiasbahia360.com.br\/index.php?rest_route=\/wp\/v2\/posts"}],"about":[{"href":"https:\/\/noticiasbahia360.com.br\/index.php?rest_route=\/wp\/v2\/types\/post"}],"author":[{"embeddable":true,"href":"https:\/\/noticiasbahia360.com.br\/index.php?rest_route=\/wp\/v2\/users\/1"}],"replies":[{"embeddable":true,"href":"https:\/\/noticiasbahia360.com.br\/index.php?rest_route=%2Fwp%2Fv2%2Fcomments&post=129152"}],"version-history":[{"count":0,"href":"https:\/\/noticiasbahia360.com.br\/index.php?rest_route=\/wp\/v2\/posts\/129152\/revisions"}],"wp:featuredmedia":[{"embeddable":true,"href":"https:\/\/noticiasbahia360.com.br\/index.php?rest_route=\/wp\/v2\/media\/129153"}],"wp:attachment":[{"href":"https:\/\/noticiasbahia360.com.br\/index.php?rest_route=%2Fwp%2Fv2%2Fmedia&parent=129152"}],"wp:term":[{"taxonomy":"category","embeddable":true,"href":"https:\/\/noticiasbahia360.com.br\/index.php?rest_route=%2Fwp%2Fv2%2Fcategories&post=129152"},{"taxonomy":"post_tag","embeddable":true,"href":"https:\/\/noticiasbahia360.com.br\/index.php?rest_route=%2Fwp%2Fv2%2Ftags&post=129152"}],"curies":[{"name":"wp","href":"https:\/\/api.w.org\/{rel}","templated":true}]}}