{"id":129154,"date":"2026-04-30T22:52:21","date_gmt":"2026-05-01T01:52:21","guid":{"rendered":"https:\/\/noticiasbahia360.com.br\/?p=129154"},"modified":"2026-04-30T22:52:21","modified_gmt":"2026-05-01T01:52:21","slug":"mae-e-padrasto-sao-presos-por-suspeita-de-abusar-sexualmente-de-filha-de-13-anos","status":"publish","type":"post","link":"https:\/\/noticiasbahia360.com.br\/?p=129154","title":{"rendered":"M\u00e3e e padrasto s\u00e3o presos por suspeita de abusar sexualmente de filha de 13 anos"},"content":{"rendered":"<div>\n<div>\n<figure><img decoding=\"async\" src=\"http:\/\/noticiasbahia360.com.br\/wp-content\/uploads\/2026\/04\/Policia-Civil-Mae-e-padrasto-sao-presos-por-suspeita-de-abusar-sexualmente-de-filha-de-13-anos-Foto-WhatsApp-Achei-Sudoeste.jpg\" alt=\"Pol\u00edcia Civil - M\u00e3e e padrasto s\u00e3o presos por suspeita de abusar sexualmente de filha de 13 anos\"><figcaption>Foto: WhatsApp\/ Achei Sudoeste<\/figcaption><\/figure>\n<\/div>\n<p>Uma mulher, de 29 anos, e seu companheiro, de 35 anos, foram presos em Bom Jesus da Lapa, no oeste da Bahia, por suspeita de abusar sexualmente da filha da mulher, que teria 13 anos na \u00e9poca do crime. <\/p>\n<p>Segundo informa\u00e7\u00f5es do Achei Sudoeste, parceiro do Acorda Cidade, o caso aconteceu em dezembro de 2025, quando a v\u00edtima residia com a genitora e o padrasto. Durante uma visita ao pai, que tinha guarda compartilhada da adolescente, a mesma relatou os abusos. O pai procurou a delegacia do munic\u00edpio, onde foram realizados exames periciais e a ocorr\u00eancia foi registrada. <\/p>\n<p id=\"isPasted\">Com a den\u00fancia, a pol\u00edcia iniciou investiga\u00e7\u00f5es e chegou at\u00e9 o casal. Um aparelho celular foi apreendido e ser\u00e1 encaminhado para an\u00e1lise pericial.<\/p>\n<p>A opera\u00e7\u00e3o foi deflagrada pela 24\u00aa Coordenadoria Regional de Pol\u00edcia do Interior (Coorpin), juntamente com o Servi\u00e7o de Investiga\u00e7\u00e3o da Delegacia Territorial de Bom Jesus da Lapa.<\/p>\n<p>Durante o cumprimento das ordens judiciais, todas as provid\u00eancias legais cab\u00edveis foram adotadas, e os investigados foram devidamente cientificados dos seus direitos constitucionais. O casal segue preso \u00e0 disposi\u00e7\u00e3o da justi\u00e7a.<\/p>\n<p><em>Siga o Acorda Cidade no\u00a0<\/em><a href=\"https:\/\/news.google.com\/search?q=acorda%20cidade&amp;hl=pt-BR&amp;gl=BR&amp;ceid=BR%3Apt-419\"><strong><em>Google Not\u00edcias<\/em><\/strong><\/a><em>\u00a0e receba os principais destaques do dia. Participe tamb\u00e9m dos nossos canais no\u00a0<\/em><a href=\"https:\/\/www.whatsapp.com\/channel\/0029Va6Rb4v3WHTNnsh8WI3N\"><strong><em>WhatsApp<\/em><\/strong><\/a><em>\u00a0e\u00a0<\/em><a href=\"https:\/\/www.youtube.com\/@acordacidadenoticias\/videos\"><strong>YouTube<\/strong><\/a><em>\u00a0e grupo de\u00a0<\/em><a href=\"https:\/\/t.me\/+sSz0khrgARA0ZmRh\"><strong><em>Telegram<\/em><\/strong><\/a><em>.<\/em><\/p>\n<\/div>\n","protected":false},"excerpt":{"rendered":"<div>\n<div>\n<figure><img decoding=\"async\" src=\"https:\/\/uploads.acordacidade.com.br\/2026\/04\/Policia-Civil-Mae-e-padrasto-sao-presos-por-suspeita-de-abusar-sexualmente-de-filha-de-13-anos-Foto-WhatsApp-Achei-Sudoeste.jpg\" alt=\"Pol\u00edcia Civil - M\u00e3e e padrasto s\u00e3o presos por suspeita de abusar sexualmente de filha de 13 anos\"><figcaption>Foto: WhatsApp\/ Achei Sudoeste<\/figcaption><\/figure>\n<\/div>\n<p>Durante visita ao pai, que tinha guarda compartilhada da adolescente, a mesma relatou os abusos e o pai procurou a delegacia do munic\u00edpio.<\/p><\/div>\n","protected":false},"author":1,"featured_media":129155,"comment_status":"closed","ping_status":"closed","sticky":false,"template":"","format":"gallery","meta":{"footnotes":""},"categories":[8,9,6,57,56,10],"tags":[],"class_list":["post-129154","post","type-post","status-publish","format-gallery","has-post-thumbnail","hentry","category-bahia","category-brasil","category-feira-de-santana","category-mundo","category-policia","category-politica","post_format-post-format-gallery"],"featured_image_urls":{"full":["https:\/\/noticiasbahia360.com.br\/wp-content\/uploads\/2026\/04\/Policia-Civil-Mae-e-padrasto-sao-presos-por-suspeita-de-abusar-sexualmente-de-filha-de-13-anos-Foto-WhatsApp-Achei-Sudoeste.jpg",1200,800,false],"thumbnail":["https:\/\/noticiasbahia360.com.br\/wp-content\/uploads\/2026\/04\/Policia-Civil-Mae-e-padrasto-sao-presos-por-suspeita-de-abusar-sexualmente-de-filha-de-13-anos-Foto-WhatsApp-Achei-Sudoeste-150x150.jpg",150,150,true],"medium":["https:\/\/noticiasbahia360.com.br\/wp-content\/uploads\/2026\/04\/Policia-Civil-Mae-e-padrasto-sao-presos-por-suspeita-de-abusar-sexualmente-de-filha-de-13-anos-Foto-WhatsApp-Achei-Sudoeste-300x200.jpg",300,200,true],"medium_large":["https:\/\/noticiasbahia360.com.br\/wp-content\/uploads\/2026\/04\/Policia-Civil-Mae-e-padrasto-sao-presos-por-suspeita-de-abusar-sexualmente-de-filha-de-13-anos-Foto-WhatsApp-Achei-Sudoeste-768x512.jpg",640,427,true],"large":["https:\/\/noticiasbahia360.com.br\/wp-content\/uploads\/2026\/04\/Policia-Civil-Mae-e-padrasto-sao-presos-por-suspeita-de-abusar-sexualmente-de-filha-de-13-anos-Foto-WhatsApp-Achei-Sudoeste-1024x683.jpg",640,427,true],"1536x1536":["https:\/\/noticiasbahia360.com.br\/wp-content\/uploads\/2026\/04\/Policia-Civil-Mae-e-padrasto-sao-presos-por-suspeita-de-abusar-sexualmente-de-filha-de-13-anos-Foto-WhatsApp-Achei-Sudoeste.jpg",1200,800,false],"2048x2048":["https:\/\/noticiasbahia360.com.br\/wp-content\/uploads\/2026\/04\/Policia-Civil-Mae-e-padrasto-sao-presos-por-suspeita-de-abusar-sexualmente-de-filha-de-13-anos-Foto-WhatsApp-Achei-Sudoeste.jpg",1200,800,false],"chromenews-featured":["https:\/\/noticiasbahia360.com.br\/wp-content\/uploads\/2026\/04\/Policia-Civil-Mae-e-padrasto-sao-presos-por-suspeita-de-abusar-sexualmente-de-filha-de-13-anos-Foto-WhatsApp-Achei-Sudoeste-1024x683.jpg",1024,683,true],"chromenews-large":["https:\/\/noticiasbahia360.com.br\/wp-content\/uploads\/2026\/04\/Policia-Civil-Mae-e-padrasto-sao-presos-por-suspeita-de-abusar-sexualmente-de-filha-de-13-anos-Foto-WhatsApp-Achei-Sudoeste-825x575.jpg",825,575,true],"chromenews-medium":["https:\/\/noticiasbahia360.com.br\/wp-content\/uploads\/2026\/04\/Policia-Civil-Mae-e-padrasto-sao-presos-por-suspeita-de-abusar-sexualmente-de-filha-de-13-anos-Foto-WhatsApp-Achei-Sudoeste-590x410.jpg",590,410,true]},"author_info":{"display_name":"noticiasbahia360.com.br","author_link":"https:\/\/noticiasbahia360.com.br\/?author=1"},"category_info":"<a href=\"https:\/\/noticiasbahia360.com.br\/?cat=8\" rel=\"category\">Bahia<\/a> <a href=\"https:\/\/noticiasbahia360.com.br\/?cat=9\" rel=\"category\">Brasil<\/a> <a href=\"https:\/\/noticiasbahia360.com.br\/?cat=6\" rel=\"category\">Feira de Santana<\/a> <a href=\"https:\/\/noticiasbahia360.com.br\/?cat=57\" rel=\"category\">Mundo<\/a> <a href=\"https:\/\/noticiasbahia360.com.br\/?cat=56\" rel=\"category\">Pol\u00edcia<\/a> <a href=\"https:\/\/noticiasbahia360.com.br\/?cat=10\" rel=\"category\">Pol\u00edtica<\/a>","tag_info":"Pol\u00edtica","comment_count":"0","_links":{"self":[{"href":"https:\/\/noticiasbahia360.com.br\/index.php?rest_route=\/wp\/v2\/posts\/129154","targetHints":{"allow":["GET"]}}],"collection":[{"href":"https:\/\/noticiasbahia360.com.br\/index.php?rest_route=\/wp\/v2\/posts"}],"about":[{"href":"https:\/\/noticiasbahia360.com.br\/index.php?rest_route=\/wp\/v2\/types\/post"}],"author":[{"embeddable":true,"href":"https:\/\/noticiasbahia360.com.br\/index.php?rest_route=\/wp\/v2\/users\/1"}],"replies":[{"embeddable":true,"href":"https:\/\/noticiasbahia360.com.br\/index.php?rest_route=%2Fwp%2Fv2%2Fcomments&post=129154"}],"version-history":[{"count":0,"href":"https:\/\/noticiasbahia360.com.br\/index.php?rest_route=\/wp\/v2\/posts\/129154\/revisions"}],"wp:featuredmedia":[{"embeddable":true,"href":"https:\/\/noticiasbahia360.com.br\/index.php?rest_route=\/wp\/v2\/media\/129155"}],"wp:attachment":[{"href":"https:\/\/noticiasbahia360.com.br\/index.php?rest_route=%2Fwp%2Fv2%2Fmedia&parent=129154"}],"wp:term":[{"taxonomy":"category","embeddable":true,"href":"https:\/\/noticiasbahia360.com.br\/index.php?rest_route=%2Fwp%2Fv2%2Fcategories&post=129154"},{"taxonomy":"post_tag","embeddable":true,"href":"https:\/\/noticiasbahia360.com.br\/index.php?rest_route=%2Fwp%2Fv2%2Ftags&post=129154"}],"curies":[{"name":"wp","href":"https:\/\/api.w.org\/{rel}","templated":true}]}} 