{"id":129156,"date":"2026-05-01T06:06:03","date_gmt":"2026-05-01T09:06:03","guid":{"rendered":"https:\/\/noticiasbahia360.com.br\/?p=129156"},"modified":"2026-05-01T06:06:03","modified_gmt":"2026-05-01T09:06:03","slug":"dia-do-trabalho","status":"publish","type":"post","link":"https:\/\/noticiasbahia360.com.br\/?p=129156","title":{"rendered":"\u00a0Dia do Trabalho"},"content":{"rendered":"<div>\n<div>\n<figure><img decoding=\"async\" src=\"http:\/\/noticiasbahia360.com.br\/wp-content\/uploads\/2026\/05\/pedreiro-construcao-civil-trablho-trabalhador-foto-fernando-frazao-abr.jpg\" alt=\"Pedreiro\"><figcaption>Foto: Fernando Fraz\u00e3o\/Ag\u00eancia Brasil <\/figcaption><\/figure>\n<\/div>\n<p><strong>SEXTA-FEIRA, 1\u00ba DE MAIO DE 2026<\/strong> \u2013 Gostaria de felicitar todos os trabalhadores que, com garra e muita determina\u00e7\u00e3o, exercem suas fun\u00e7\u00f5es por todo este pa\u00eds. Todos voc\u00eas merecem respeito, dignidade e uma chance honesta de realizar os seus sonhos.\u00a0<\/p>\n<p><strong>O\u00a0Dia do Trabalho<\/strong>\u00a0\u00e9 uma data para reconhecer a dedica\u00e7\u00e3o e o esfor\u00e7o de todos os trabalhadores.\u00a0 Que este Dia do Trabalhador seja um lembrete de que n\u00e3o importa o desafio, voc\u00ea sempre ser\u00e1 capaz de superar qualquer obst\u00e1culo atrav\u00e9s da sua resili\u00eancia.\u00a0<\/p>\n<p>Cada trabalhador carrega nas m\u00e3os a for\u00e7a do esfor\u00e7o di\u00e1rio e no cora\u00e7\u00e3o a esperan\u00e7a de dias melhores. Valorizar quem trabalha \u00e9 reconhecer dignidade, coragem e dedica\u00e7\u00e3o em cada tarefa, pois \u00e9 o trabalho honesto que constr\u00f3i hist\u00f3rias, sonhos e transforma o mundo.\u00a0<\/p>\n<p>No trabalho, assim como na vida, os desafios, as dificuldades, n\u00e3o devem e n\u00e3o podem ser encarados como obst\u00e1culos, mas sim como oportunidades de supera\u00e7\u00e3o.<\/p>\n<p>O sucesso \u00e9 o reflexo da determina\u00e7\u00e3o de cada um de n\u00f3s. Confie no seu potencial e se dedique muito. O caminho para o sucesso \u00e9 longo, mas se voc\u00ea acreditar e se empenhar, tudo \u00e9 poss\u00edvel.<\/p>\n<p><strong>A grandeza de um trabalhador est\u00e1 na sua vontade de fazer sempre o seu melhor.<\/strong><\/p>\n<p>Fonte: www.pensador.com<\/p>\n<p><em>Siga o Acorda Cidade no\u00a0<\/em><a href=\"https:\/\/news.google.com\/search?q=acorda%20cidade&amp;hl=pt-BR&amp;gl=BR&amp;ceid=BR%3Apt-419\"><strong><em>Google Not\u00edcias<\/em><\/strong><\/a><em>\u00a0e receba os principais destaques do dia. Participe tamb\u00e9m dos nossos canais no\u00a0<\/em><a href=\"https:\/\/www.whatsapp.com\/channel\/0029Va6Rb4v3WHTNnsh8WI3N\"><strong><em>WhatsApp<\/em><\/strong><\/a><em>\u00a0e\u00a0<\/em><a href=\"https:\/\/www.youtube.com\/@acordacidadenoticias\/videos\"><strong>YouTube<\/strong><\/a><em>\u00a0e grupo de\u00a0<\/em><a href=\"https:\/\/t.me\/+sSz0khrgARA0ZmRh\"><strong><em>Telegram<\/em><\/strong><\/a><em>.<\/em><\/p>\n<\/div>\n","protected":false},"excerpt":{"rendered":"<div>\n<div>\n<figure><img decoding=\"async\" src=\"https:\/\/www.acordacidade.com.br\/wp-content\/uploads\/2024\/12\/pedreiro-construcao-civil-trablho-trabalhador-foto-fernando-frazao-abr.jpg\" alt=\"Pedreiro\"><figcaption>Foto: Fernando Fraz\u00e3o\/Ag\u00eancia Brasil <\/figcaption><\/figure>\n<\/div>\n<p>O\u00a0Dia do Trabalho\u00a0\u00e9 uma data para reconhecer a dedica\u00e7\u00e3o e o esfor\u00e7o de todos os trabalhadores.\u00a0<\/p><\/div>\n","protected":false},"author":1,"featured_media":129157,"comment_status":"closed","ping_status":"closed","sticky":false,"template":"","format":"gallery","meta":{"footnotes":""},"categories":[8,9,6,57,56,10],"tags":[],"class_list":["post-129156","post","type-post","status-publish","format-gallery","has-post-thumbnail","hentry","category-bahia","category-brasil","category-feira-de-santana","category-mundo","category-policia","category-politica","post_format-post-format-gallery"],"featured_image_urls":{"full":["https:\/\/noticiasbahia360.com.br\/wp-content\/uploads\/2026\/05\/pedreiro-construcao-civil-trablho-trabalhador-foto-fernando-frazao-abr.jpg",640,430,false],"thumbnail":["https:\/\/noticiasbahia360.com.br\/wp-content\/uploads\/2026\/05\/pedreiro-construcao-civil-trablho-trabalhador-foto-fernando-frazao-abr-150x150.jpg",150,150,true],"medium":["https:\/\/noticiasbahia360.com.br\/wp-content\/uploads\/2026\/05\/pedreiro-construcao-civil-trablho-trabalhador-foto-fernando-frazao-abr-300x202.jpg",300,202,true],"medium_large":["https:\/\/noticiasbahia360.com.br\/wp-content\/uploads\/2026\/05\/pedreiro-construcao-civil-trablho-trabalhador-foto-fernando-frazao-abr.jpg",640,430,false],"large":["https:\/\/noticiasbahia360.com.br\/wp-content\/uploads\/2026\/05\/pedreiro-construcao-civil-trablho-trabalhador-foto-fernando-frazao-abr.jpg",640,430,false],"1536x1536":["https:\/\/noticiasbahia360.com.br\/wp-content\/uploads\/2026\/05\/pedreiro-construcao-civil-trablho-trabalhador-foto-fernando-frazao-abr.jpg",640,430,false],"2048x2048":["https:\/\/noticiasbahia360.com.br\/wp-content\/uploads\/2026\/05\/pedreiro-construcao-civil-trablho-trabalhador-foto-fernando-frazao-abr.jpg",640,430,false],"chromenews-featured":["https:\/\/noticiasbahia360.com.br\/wp-content\/uploads\/2026\/05\/pedreiro-construcao-civil-trablho-trabalhador-foto-fernando-frazao-abr.jpg",640,430,false],"chromenews-large":["https:\/\/noticiasbahia360.com.br\/wp-content\/uploads\/2026\/05\/pedreiro-construcao-civil-trablho-trabalhador-foto-fernando-frazao-abr.jpg",640,430,false],"chromenews-medium":["https:\/\/noticiasbahia360.com.br\/wp-content\/uploads\/2026\/05\/pedreiro-construcao-civil-trablho-trabalhador-foto-fernando-frazao-abr-590x410.jpg",590,410,true]},"author_info":{"display_name":"noticiasbahia360.com.br","author_link":"https:\/\/noticiasbahia360.com.br\/?author=1"},"category_info":"<a href=\"https:\/\/noticiasbahia360.com.br\/?cat=8\" rel=\"category\">Bahia<\/a> <a href=\"https:\/\/noticiasbahia360.com.br\/?cat=9\" rel=\"category\">Brasil<\/a> <a href=\"https:\/\/noticiasbahia360.com.br\/?cat=6\" rel=\"category\">Feira de Santana<\/a> <a href=\"https:\/\/noticiasbahia360.com.br\/?cat=57\" rel=\"category\">Mundo<\/a> <a href=\"https:\/\/noticiasbahia360.com.br\/?cat=56\" rel=\"category\">Pol\u00edcia<\/a> <a href=\"https:\/\/noticiasbahia360.com.br\/?cat=10\" rel=\"category\">Pol\u00edtica<\/a>","tag_info":"Pol\u00edtica","comment_count":"0","_links":{"self":[{"href":"https:\/\/noticiasbahia360.com.br\/index.php?rest_route=\/wp\/v2\/posts\/129156","targetHints":{"allow":["GET"]}}],"collection":[{"href":"https:\/\/noticiasbahia360.com.br\/index.php?rest_route=\/wp\/v2\/posts"}],"about":[{"href":"https:\/\/noticiasbahia360.com.br\/index.php?rest_route=\/wp\/v2\/types\/post"}],"author":[{"embeddable":true,"href":"https:\/\/noticiasbahia360.com.br\/index.php?rest_route=\/wp\/v2\/users\/1"}],"replies":[{"embeddable":true,"href":"https:\/\/noticiasbahia360.com.br\/index.php?rest_route=%2Fwp%2Fv2%2Fcomments&post=129156"}],"version-history":[{"count":0,"href":"https:\/\/noticiasbahia360.com.br\/index.php?rest_route=\/wp\/v2\/posts\/129156\/revisions"}],"wp:featuredmedia":[{"embeddable":true,"href":"https:\/\/noticiasbahia360.com.br\/index.php?rest_route=\/wp\/v2\/media\/129157"}],"wp:attachment":[{"href":"https:\/\/noticiasbahia360.com.br\/index.php?rest_route=%2Fwp%2Fv2%2Fmedia&parent=129156"}],"wp:term":[{"taxonomy":"category","embeddable":true,"href":"https:\/\/noticiasbahia360.com.br\/index.php?rest_route=%2Fwp%2Fv2%2Fcategories&post=129156"},{"taxonomy":"post_tag","embeddable":true,"href":"https:\/\/noticiasbahia360.com.br\/index.php?rest_route=%2Fwp%2Fv2%2Ftags&post=129156"}],"curies":[{"name":"wp","href":"https:\/\/api.w.org\/{rel}","templated":true}]}} 