{"id":129159,"date":"2026-05-01T06:56:15","date_gmt":"2026-05-01T09:56:15","guid":{"rendered":"https:\/\/noticiasbahia360.com.br\/?p=129159"},"modified":"2026-05-01T06:56:15","modified_gmt":"2026-05-01T09:56:15","slug":"homem-e-brutalmente-assassinado-apos-suspeita-de-abuso-contra-crianca-em-feira-de-santana","status":"publish","type":"post","link":"https:\/\/noticiasbahia360.com.br\/?p=129159","title":{"rendered":"Homem \u00e9 brutalmente assassinado ap\u00f3s suspeita de abuso contra crian\u00e7a em Feira de Santana"},"content":{"rendered":"<div>\n<div>\n<figure><img decoding=\"async\" src=\"http:\/\/noticiasbahia360.com.br\/wp-content\/uploads\/2026\/05\/DPT-pericia.jpg\" alt=\"corpo Viatura do DPT zona rural - latroc\u00ednio\"><figcaption>Ilustrativa | Foto: Redes Sociais<\/figcaption><\/figure>\n<\/div>\n<p>Um homem ainda n\u00e3o identificado foi encontrado morto na noite de quinta-feira (30), na Travessa Treze de Maio, no bairro Novo Horizonte, em Feira de Santana, nas proximidades de um mercadinho.<\/p>\n<p>De acordo com informa\u00e7\u00f5es apuradas pelo Acorda Cidade com a Delegacia de Homic\u00eddios (DH), o crime aconteceu por volta das 22h. A v\u00edtima foi localizada j\u00e1 sem vida, ca\u00edda em via p\u00fablica, com diversas marcas de viol\u00eancia.<\/p>\n<h4 class=\"wp-block-heading\" id=\"h-homem-foi-morto-a-tiros-facadas-e-pedradas\">Homem foi morto a tiros, facadas e pedradas<\/h4>\n<p>Segundo a pol\u00edcia, o homem apresentava m\u00faltiplos ferimentos provocados por disparos de arma de fogo na regi\u00e3o da cabe\u00e7a e do t\u00f3rax, al\u00e9m de les\u00f5es causadas por arma branca na m\u00e3o e na nuca. Tamb\u00e9m havia sinais de agress\u00f5es com pedras.<\/p>\n<p>Durante o levantamento cadav\u00e9rico, realizado pela equipe do Departamento de Pol\u00edcia T\u00e9cnica (DPT), foram recolhidos seis estojos de muni\u00e7\u00e3o calibre 9 mil\u00edmetros e uma muni\u00e7\u00e3o intacta do mesmo calibre no local do crime.<\/p>\n<p>Ainda segundo a pol\u00edcia, as primeiras informa\u00e7\u00f5es indicam que o homic\u00eddio pode ter sido praticado por v\u00e1rias pessoas, possivelmente em um contexto de repres\u00e1lia. A principal linha de investiga\u00e7\u00e3o aponta que a motiva\u00e7\u00e3o estaria relacionada a uma suposta acusa\u00e7\u00e3o de crime sexual anterior atribu\u00edda \u00e0 v\u00edtima, envolvendo uma crian\u00e7a.<\/p>\n<p>Ainda conforme as investiga\u00e7\u00f5es, h\u00e1 ind\u00edcios da participa\u00e7\u00e3o de populares na a\u00e7\u00e3o criminosa. No entanto, at\u00e9 o momento, nenhuma testemunha foi localizada.<\/p>\n<p>A suposta crian\u00e7a envolvida no caso anterior tamb\u00e9m n\u00e3o foi identificada at\u00e9 o momento.<\/p>\n<p>O corpo do homem foi encaminhado para o DPT, onde passar\u00e1 por necropsia. A Delegacia de Homic\u00eddios segue investigando o caso para esclarecer a autoria e a motiva\u00e7\u00e3o do crime.<\/p>\n<p><em>Com informa\u00e7\u00f5es do rep\u00f3rter Ed Santos, do Acorda Cidade<\/em><\/p>\n<p><em>Siga o Acorda Cidade no\u00a0<\/em><a href=\"https:\/\/news.google.com\/search?q=acorda%20cidade&amp;hl=pt-BR&amp;gl=BR&amp;ceid=BR%3Apt-419\"><strong><em>Google Not\u00edcias<\/em><\/strong><\/a><em>\u00a0e receba os principais destaques do dia. Participe tamb\u00e9m dos nossos canais no\u00a0<\/em><a href=\"https:\/\/www.whatsapp.com\/channel\/0029Va6Rb4v3WHTNnsh8WI3N\"><strong><em>WhatsApp<\/em><\/strong><\/a><em>\u00a0e\u00a0<\/em><a href=\"https:\/\/www.youtube.com\/@acordacidadenoticias\/videos\"><strong>YouTube<\/strong><\/a><em>\u00a0e grupo de\u00a0<\/em><a href=\"https:\/\/t.me\/+sSz0khrgARA0ZmRh\"><strong><em>Telegram<\/em><\/strong><\/a><em>.<\/em><\/p>\n<\/div>\n","protected":false},"excerpt":{"rendered":"<div>\n<div>\n<figure><img decoding=\"async\" src=\"https:\/\/www.acordacidade.com.br\/wp-content\/uploads\/2025\/02\/DPT-pericia.jpg\" alt=\"corpo Viatura do DPT zona rural - latroc\u00ednio\"><figcaption>Ilustrativa | Foto: Redes Sociais<\/figcaption><\/figure>\n<\/div>\n<p>Segundo as investiga\u00e7\u00f5es da pol\u00edcia, o homem foi morto a tiros, facadas e pedradas na noite da \u00faltima quinta-feira (30), no Novo Horizonte.<\/p><\/div>\n","protected":false},"author":1,"featured_media":129160,"comment_status":"closed","ping_status":"closed","sticky":false,"template":"","format":"gallery","meta":{"footnotes":""},"categories":[8,9,6,57,56,10],"tags":[],"class_list":["post-129159","post","type-post","status-publish","format-gallery","has-post-thumbnail","hentry","category-bahia","category-brasil","category-feira-de-santana","category-mundo","category-policia","category-politica","post_format-post-format-gallery"],"featured_image_urls":{"full":["https:\/\/noticiasbahia360.com.br\/wp-content\/uploads\/2026\/05\/DPT-pericia.jpg",640,384,false],"thumbnail":["https:\/\/noticiasbahia360.com.br\/wp-content\/uploads\/2026\/05\/DPT-pericia-150x150.jpg",150,150,true],"medium":["https:\/\/noticiasbahia360.com.br\/wp-content\/uploads\/2026\/05\/DPT-pericia-300x180.jpg",300,180,true],"medium_large":["https:\/\/noticiasbahia360.com.br\/wp-content\/uploads\/2026\/05\/DPT-pericia.jpg",640,384,false],"large":["https:\/\/noticiasbahia360.com.br\/wp-content\/uploads\/2026\/05\/DPT-pericia.jpg",640,384,false],"1536x1536":["https:\/\/noticiasbahia360.com.br\/wp-content\/uploads\/2026\/05\/DPT-pericia.jpg",640,384,false],"2048x2048":["https:\/\/noticiasbahia360.com.br\/wp-content\/uploads\/2026\/05\/DPT-pericia.jpg",640,384,false],"chromenews-featured":["https:\/\/noticiasbahia360.com.br\/wp-content\/uploads\/2026\/05\/DPT-pericia.jpg",640,384,false],"chromenews-large":["https:\/\/noticiasbahia360.com.br\/wp-content\/uploads\/2026\/05\/DPT-pericia.jpg",640,384,false],"chromenews-medium":["https:\/\/noticiasbahia360.com.br\/wp-content\/uploads\/2026\/05\/DPT-pericia-590x384.jpg",590,384,true]},"author_info":{"display_name":"noticiasbahia360.com.br","author_link":"https:\/\/noticiasbahia360.com.br\/?author=1"},"category_info":"<a href=\"https:\/\/noticiasbahia360.com.br\/?cat=8\" rel=\"category\">Bahia<\/a> <a href=\"https:\/\/noticiasbahia360.com.br\/?cat=9\" rel=\"category\">Brasil<\/a> <a href=\"https:\/\/noticiasbahia360.com.br\/?cat=6\" rel=\"category\">Feira de Santana<\/a> <a href=\"https:\/\/noticiasbahia360.com.br\/?cat=57\" rel=\"category\">Mundo<\/a> <a href=\"https:\/\/noticiasbahia360.com.br\/?cat=56\" rel=\"category\">Pol\u00edcia<\/a> <a href=\"https:\/\/noticiasbahia360.com.br\/?cat=10\" rel=\"category\">Pol\u00edtica<\/a>","tag_info":"Pol\u00edtica","comment_count":"0","_links":{"self":[{"href":"https:\/\/noticiasbahia360.com.br\/index.php?rest_route=\/wp\/v2\/posts\/129159","targetHints":{"allow":["GET"]}}],"collection":[{"href":"https:\/\/noticiasbahia360.com.br\/index.php?rest_route=\/wp\/v2\/posts"}],"about":[{"href":"https:\/\/noticiasbahia360.com.br\/index.php?rest_route=\/wp\/v2\/types\/post"}],"author":[{"embeddable":true,"href":"https:\/\/noticiasbahia360.com.br\/index.php?rest_route=\/wp\/v2\/users\/1"}],"replies":[{"embeddable":true,"href":"https:\/\/noticiasbahia360.com.br\/index.php?rest_route=%2Fwp%2Fv2%2Fcomments&post=129159"}],"version-history":[{"count":0,"href":"https:\/\/noticiasbahia360.com.br\/index.php?rest_route=\/wp\/v2\/posts\/129159\/revisions"}],"wp:featuredmedia":[{"embeddable":true,"href":"https:\/\/noticiasbahia360.com.br\/index.php?rest_route=\/wp\/v2\/media\/129160"}],"wp:attachment":[{"href":"https:\/\/noticiasbahia360.com.br\/index.php?rest_route=%2Fwp%2Fv2%2Fmedia&parent=129159"}],"wp:term":[{"taxonomy":"category","embeddable":true,"href":"https:\/\/noticiasbahia360.com.br\/index.php?rest_route=%2Fwp%2Fv2%2Fcategories&post=129159"},{"taxonomy":"post_tag","embeddable":true,"href":"https:\/\/noticiasbahia360.com.br\/index.php?rest_route=%2Fwp%2Fv2%2Ftags&post=129159"}],"curies":[{"name":"wp","href":"https:\/\/api.w.org\/{rel}","templated":true}]}} 