{"id":129161,"date":"2026-05-01T07:03:46","date_gmt":"2026-05-01T10:03:46","guid":{"rendered":"https:\/\/noticiasbahia360.com.br\/?p=129161"},"modified":"2026-05-01T07:03:46","modified_gmt":"2026-05-01T10:03:46","slug":"saiba-como-ficara-sua-jornada-de-trabalho-com-o-fim-da-escala-6x1","status":"publish","type":"post","link":"https:\/\/noticiasbahia360.com.br\/?p=129161","title":{"rendered":"Saiba como ficar\u00e1 sua jornada de trabalho com o fim da escala 6\u00d71"},"content":{"rendered":"<div>\n<div>\n<figure><img decoding=\"async\" src=\"http:\/\/noticiasbahia360.com.br\/wp-content\/uploads\/2026\/05\/carteira-de-trabalho-agencia-brasil-.jpg\" alt=\"carteira de trabalho - ag\u00eancia brasil\"><figcaption>Foto: Ag\u00eancia Brasil<\/figcaption><\/figure>\n<\/div>\n<p>A possibilidade de substitui\u00e7\u00e3o da escala 6\u00d71 pela jornada 5\u00d72 tem gerado debates em todo o pa\u00eds, al\u00e9m de d\u00favidas entre milh\u00f5es de trabalhadores brasileiros que podem ter sua rotina impactada. Mas, afinal, o que isso mudaria na pr\u00e1tica?<\/p>\n<p>De acordo com an\u00e1lise jur\u00eddica do advogado trabalhista Nevton Rios, a mudan\u00e7a representaria \u201cuma reorganiza\u00e7\u00e3o profunda da vida do trabalhador, com efeitos diretos no descanso, no planejamento familiar e na sa\u00fade mental\u201d.<\/p>\n<h2 class=\"wp-block-heading\" id=\"h-como-fica-sua-rotina-na-pratica\">Como fica sua rotina na pr\u00e1tica?<\/h2>\n<p>O advogado Nevton Rios explicou que a transi\u00e7\u00e3o para a escala 5\u00d72 significa trabalhar cinco dias consecutivos, com dois dias de folga tamb\u00e9m consecutivos, geralmente s\u00e1bado e domingo, e jornada de at\u00e9 oito horas di\u00e1rias, totalizando 40 horas semanais. Segundo ele, para o trabalhador, isso traz maior previsibilidade e mais tempo para conv\u00edvio social, estudo e lazer.<\/p>\n<p>\u201cO modelo 6\u00d71 gera exaust\u00e3o acumulada porque a folga isolada n\u00e3o recupera plenamente o desgaste f\u00edsico e emocional. A escala 5\u00d72 corrige isso\u201d, afirmou, acrescentando que empresas que j\u00e1 adotaram o formato relatam aumento de engajamento e leve ganho de produtividade, estimado em 0,5% por hora trabalhada.<\/p>\n<h2 class=\"wp-block-heading\" id=\"h-o-que-muda-nos-seus-direitos\">O que muda nos seus direitos?<\/h2>\n<p>A legisla\u00e7\u00e3o brasileira garante prote\u00e7\u00e3o salarial. Ou seja, mesmo com a altera\u00e7\u00e3o da escala, n\u00e3o pode haver redu\u00e7\u00e3o de sal\u00e1rio. O advogado, que tamb\u00e9m \u00e9 professor da Est\u00e1cio, refor\u00e7a que \u201cqualquer diminui\u00e7\u00e3o salarial ou mudan\u00e7a unilateral \u00e9 nula, conforme o artigo 468 da CLT. A transi\u00e7\u00e3o precisa ser negociada.\u201d<\/p>\n<p>A mudan\u00e7a tamb\u00e9m impacta positivamente a sa\u00fade e reduz riscos de estresse cr\u00f4nico, comum entre trabalhadores submetidos a longas jornadas. Estudos apontam que o novo modelo pode reduzir absente\u00edsmo (faltas, atrasos ou sa\u00eddas antecipadas n\u00e3o programadas dos colaboradores) e rotatividade, favorecendo setores onde o desgaste f\u00edsico \u00e9 maior.<\/p>\n<h2 class=\"wp-block-heading\" id=\"h-o-outro-lado-da-mudanca\">O outro lado da mudan\u00e7a<\/h2>\n<p>Apesar dos benef\u00edcios individuais, especialistas alertam para impactos econ\u00f4micos que podem afetar o mercado de trabalho. Estimativas apontam risco de elimina\u00e7\u00e3o de at\u00e9 640 mil vagas, especialmente no com\u00e9rcio e na constru\u00e7\u00e3o civil. Empresas tamb\u00e9m podem enfrentar aumento de custos de at\u00e9 R$ 267 bilh\u00f5es por ano, o que pode dificultar a implementa\u00e7\u00e3o em certos setores.<\/p>\n<p>Nevton Rios afirma ainda que atividades cont\u00ednuas, e exemplo de ind\u00fastrias, log\u00edstica e servi\u00e7os essenciais, demandariam adapta\u00e7\u00f5es mais complexas, com aumento de at\u00e9 4,7% na folha de pagamento. \u201cA mudan\u00e7a \u00e9 positiva, mas precisa de planejamento e de medidas compensat\u00f3rias, como incentivos fiscais e implementa\u00e7\u00e3o gradual\u201d, analisa.<\/p>\n<h2 class=\"wp-block-heading\" id=\"h-o-que-paises-que-ja-adotam-a-5x2-ensinam\">O que pa\u00edses que j\u00e1 adotam a 5\u00d72 ensinam<\/h2>\n<p>Estados Unidos, Alemanha, Reino Unido e Fran\u00e7a j\u00e1 aplicam modelos semelhantes, com jornadas que variam entre 35h e 48h semanais. Nesses pa\u00edses, acordos coletivos e regras flex\u00edveis evitam preju\u00edzos econ\u00f4micos, um caminho que especialistas defendem para o Brasil.<\/p>\n<p>\u201cEm resumo, o fim da escala 6\u00d71 pode significar mais equil\u00edbrio, melhor qualidade de vida e produtividade sustent\u00e1vel para os trabalhadores. No entanto, exige di\u00e1logo entre governo, empresas e sindicatos para evitar demiss\u00f5es e assegurar uma transi\u00e7\u00e3o juridicamente segura. \u00c9 uma mudan\u00e7a hist\u00f3rica. Se for bem conduzida, beneficia o trabalhador e fortalece rela\u00e7\u00f5es de trabalho mais humanas e equilibradas\u201d, finalizou Nevton Rios.<\/p>\n<p><em>Siga o Acorda Cidade no\u00a0<\/em><a href=\"https:\/\/news.google.com\/search?q=acorda%20cidade&amp;hl=pt-BR&amp;gl=BR&amp;ceid=BR%3Apt-419\"><strong><em>Google Not\u00edcias<\/em><\/strong><\/a><em>\u00a0e receba os principais destaques do dia. Participe tamb\u00e9m dos nossos canais no\u00a0<\/em><a href=\"https:\/\/www.whatsapp.com\/channel\/0029Va6Rb4v3WHTNnsh8WI3N\"><strong><em>WhatsApp<\/em><\/strong><\/a><em>\u00a0e\u00a0<\/em><a href=\"https:\/\/www.youtube.com\/@acordacidadenoticias\/videos\"><strong>YouTube<\/strong><\/a><em>\u00a0e grupo de\u00a0<\/em><a href=\"https:\/\/t.me\/+sSz0khrgARA0ZmRh\"><strong><em>Telegram<\/em><\/strong><\/a><em>.<\/em><\/p>\n<\/div>\n","protected":false},"excerpt":{"rendered":"<div>\n<div>\n<figure><img decoding=\"async\" src=\"https:\/\/www.acordacidade.com.br\/wp-content\/uploads\/2023\/12\/28161639\/carteira-de-trabalho-agencia-brasil-.jpg\" alt=\"carteira de trabalho - ag\u00eancia brasil\"><figcaption>Foto: Ag\u00eancia Brasil<\/figcaption><\/figure>\n<\/div>\n<p>Apesar dos benef\u00edcios individuais, especialistas alertam para impactos econ\u00f4micos que podem afetar o mercado de trabalho.<\/p><\/div>\n","protected":false},"author":1,"featured_media":129162,"comment_status":"closed","ping_status":"closed","sticky":false,"template":"","format":"gallery","meta":{"footnotes":""},"categories":[8,9,6,57,56,10],"tags":[],"class_list":["post-129161","post","type-post","status-publish","format-gallery","has-post-thumbnail","hentry","category-bahia","category-brasil","category-feira-de-santana","category-mundo","category-policia","category-politica","post_format-post-format-gallery"],"featured_image_urls":{"full":["https:\/\/noticiasbahia360.com.br\/wp-content\/uploads\/2026\/05\/carteira-de-trabalho-agencia-brasil-.jpg",640,383,false],"thumbnail":["https:\/\/noticiasbahia360.com.br\/wp-content\/uploads\/2026\/05\/carteira-de-trabalho-agencia-brasil--150x150.jpg",150,150,true],"medium":["https:\/\/noticiasbahia360.com.br\/wp-content\/uploads\/2026\/05\/carteira-de-trabalho-agencia-brasil--300x180.jpg",300,180,true],"medium_large":["https:\/\/noticiasbahia360.com.br\/wp-content\/uploads\/2026\/05\/carteira-de-trabalho-agencia-brasil-.jpg",640,383,false],"large":["https:\/\/noticiasbahia360.com.br\/wp-content\/uploads\/2026\/05\/carteira-de-trabalho-agencia-brasil-.jpg",640,383,false],"1536x1536":["https:\/\/noticiasbahia360.com.br\/wp-content\/uploads\/2026\/05\/carteira-de-trabalho-agencia-brasil-.jpg",640,383,false],"2048x2048":["https:\/\/noticiasbahia360.com.br\/wp-content\/uploads\/2026\/05\/carteira-de-trabalho-agencia-brasil-.jpg",640,383,false],"chromenews-featured":["https:\/\/noticiasbahia360.com.br\/wp-content\/uploads\/2026\/05\/carteira-de-trabalho-agencia-brasil-.jpg",640,383,false],"chromenews-large":["https:\/\/noticiasbahia360.com.br\/wp-content\/uploads\/2026\/05\/carteira-de-trabalho-agencia-brasil-.jpg",640,383,false],"chromenews-medium":["https:\/\/noticiasbahia360.com.br\/wp-content\/uploads\/2026\/05\/carteira-de-trabalho-agencia-brasil--590x383.jpg",590,383,true]},"author_info":{"display_name":"noticiasbahia360.com.br","author_link":"https:\/\/noticiasbahia360.com.br\/?author=1"},"category_info":"<a href=\"https:\/\/noticiasbahia360.com.br\/?cat=8\" rel=\"category\">Bahia<\/a> <a href=\"https:\/\/noticiasbahia360.com.br\/?cat=9\" rel=\"category\">Brasil<\/a> <a href=\"https:\/\/noticiasbahia360.com.br\/?cat=6\" rel=\"category\">Feira de Santana<\/a> <a href=\"https:\/\/noticiasbahia360.com.br\/?cat=57\" rel=\"category\">Mundo<\/a> <a href=\"https:\/\/noticiasbahia360.com.br\/?cat=56\" rel=\"category\">Pol\u00edcia<\/a> <a href=\"https:\/\/noticiasbahia360.com.br\/?cat=10\" rel=\"category\">Pol\u00edtica<\/a>","tag_info":"Pol\u00edtica","comment_count":"0","_links":{"self":[{"href":"https:\/\/noticiasbahia360.com.br\/index.php?rest_route=\/wp\/v2\/posts\/129161","targetHints":{"allow":["GET"]}}],"collection":[{"href":"https:\/\/noticiasbahia360.com.br\/index.php?rest_route=\/wp\/v2\/posts"}],"about":[{"href":"https:\/\/noticiasbahia360.com.br\/index.php?rest_route=\/wp\/v2\/types\/post"}],"author":[{"embeddable":true,"href":"https:\/\/noticiasbahia360.com.br\/index.php?rest_route=\/wp\/v2\/users\/1"}],"replies":[{"embeddable":true,"href":"https:\/\/noticiasbahia360.com.br\/index.php?rest_route=%2Fwp%2Fv2%2Fcomments&post=129161"}],"version-history":[{"count":0,"href":"https:\/\/noticiasbahia360.com.br\/index.php?rest_route=\/wp\/v2\/posts\/129161\/revisions"}],"wp:featuredmedia":[{"embeddable":true,"href":"https:\/\/noticiasbahia360.com.br\/index.php?rest_route=\/wp\/v2\/media\/129162"}],"wp:attachment":[{"href":"https:\/\/noticiasbahia360.com.br\/index.php?rest_route=%2Fwp%2Fv2%2Fmedia&parent=129161"}],"wp:term":[{"taxonomy":"category","embeddable":true,"href":"https:\/\/noticiasbahia360.com.br\/index.php?rest_route=%2Fwp%2Fv2%2Fcategories&post=129161"},{"taxonomy":"post_tag","embeddable":true,"href":"https:\/\/noticiasbahia360.com.br\/index.php?rest_route=%2Fwp%2Fv2%2Ftags&post=129161"}],"curies":[{"name":"wp","href":"https:\/\/api.w.org\/{rel}","templated":true}]}} 