{"id":129163,"date":"2026-05-01T07:16:53","date_gmt":"2026-05-01T10:16:53","guid":{"rendered":"https:\/\/noticiasbahia360.com.br\/?p=129163"},"modified":"2026-05-01T07:16:53","modified_gmt":"2026-05-01T10:16:53","slug":"dois-suspeitos-sao-presos-com-arma-e-drogas-no-distrito-de-jaguara-em-feira-de-santana","status":"publish","type":"post","link":"https:\/\/noticiasbahia360.com.br\/?p=129163","title":{"rendered":"Dois suspeitos s\u00e3o presos com arma e drogas no distrito de Jaguara, em Feira de Santana"},"content":{"rendered":"<div>\n<div>\n<figure><img decoding=\"async\" src=\"http:\/\/noticiasbahia360.com.br\/wp-content\/uploads\/2026\/05\/Apreensao-de-drogas-.webp\" alt=\"Dois suspeitos s\u00e3o presos com arma e drogas no distrito de Jaguara, em Feira de Santana\"><figcaption>Foto: Ascom\/PM<\/figcaption><\/figure>\n<\/div>\n<p>Dois homens foram presos na noite de quinta-feira (30) por porte ilegal de arma de fogo e posse de drogas no distrito de Jaguara, em Feira de Santana.<\/p>\n<p>De acordo com informa\u00e7\u00f5es da <a href=\"https:\/\/www.acordacidade.com.br\/tag\/policia-militar\/\" type=\"post_tag\" id=\"87609\">Pol\u00edcia Militar<\/a>, equipes do Batalh\u00e3o de Policiamento T\u00e1tico (Rondesp Leste) realizavam patrulhamento na regi\u00e3o quando perceberam a atitude suspeita de dois homens.<\/p>\n<p>Ainda segundo a PM, ao notarem a aproxima\u00e7\u00e3o das viaturas, os homens tentaram fugir, mas foram alcan\u00e7ados e abordados pelos policiais.<\/p>\n<p>Durante a revista, foram encontrados com os suspeitos um rev\u00f3lver calibre 38, seis muni\u00e7\u00f5es, nove papelotes de uma subst\u00e2ncia an\u00e1loga \u00e0 coca\u00edna e uma por\u00e7\u00e3o de maconha.<\/p>\n<p>Os dois homens foram encaminhados, juntamente com o material apreendido, para a Central de Flagrantes do bairro Sobradinho, onde foram adotadas as medidas cab\u00edveis.<\/p>\n<p><em>Com informa\u00e7\u00f5es do rep\u00f3rter Ed Santos, do Acorda Cidade<\/em><\/p>\n<p><em>Siga o Acorda Cidade no\u00a0<\/em><a href=\"https:\/\/news.google.com\/search?q=acorda%20cidade&amp;hl=pt-BR&amp;gl=BR&amp;ceid=BR%3Apt-419\"><strong><em>Google Not\u00edcias<\/em><\/strong><\/a><em>\u00a0e receba os principais destaques do dia. Participe tamb\u00e9m dos nossos canais no\u00a0<\/em><a href=\"https:\/\/www.whatsapp.com\/channel\/0029Va6Rb4v3WHTNnsh8WI3N\"><strong><em>WhatsApp<\/em><\/strong><\/a><em>\u00a0e\u00a0<\/em><a href=\"https:\/\/www.youtube.com\/@acordacidadenoticias\/videos\"><strong>YouTube<\/strong><\/a><em>\u00a0e grupo de\u00a0<\/em><a href=\"https:\/\/t.me\/+sSz0khrgARA0ZmRh\"><strong><em>Telegram<\/em><\/strong><\/a><em>.<\/em><\/p>\n<\/div>\n","protected":false},"excerpt":{"rendered":"<div>\n<div>\n<figure><img decoding=\"async\" src=\"https:\/\/uploads.acordacidade.com.br\/2026\/05\/Apreensao-de-drogas-.webp\" alt=\"Dois suspeitos s\u00e3o presos com arma e drogas no distrito de Jaguara, em Feira de Santana\"><figcaption>Foto: Ascom\/PM<\/figcaption><\/figure>\n<\/div>\n<p>Os dois suspeitos foram encaminhados, juntamente com o material apreendido, para a Central de Flagrantes, no Sobradinho.<\/p><\/div>\n","protected":false},"author":1,"featured_media":129164,"comment_status":"closed","ping_status":"closed","sticky":false,"template":"","format":"gallery","meta":{"footnotes":""},"categories":[8,9,6,57,56,10],"tags":[],"class_list":["post-129163","post","type-post","status-publish","format-gallery","has-post-thumbnail","hentry","category-bahia","category-brasil","category-feira-de-santana","category-mundo","category-policia","category-politica","post_format-post-format-gallery"],"featured_image_urls":{"full":["https:\/\/noticiasbahia360.com.br\/wp-content\/uploads\/2026\/05\/Apreensao-de-drogas-.webp",1200,689,false],"thumbnail":["https:\/\/noticiasbahia360.com.br\/wp-content\/uploads\/2026\/05\/Apreensao-de-drogas--150x150.webp",150,150,true],"medium":["https:\/\/noticiasbahia360.com.br\/wp-content\/uploads\/2026\/05\/Apreensao-de-drogas--300x172.webp",300,172,true],"medium_large":["https:\/\/noticiasbahia360.com.br\/wp-content\/uploads\/2026\/05\/Apreensao-de-drogas--768x441.webp",640,368,true],"large":["https:\/\/noticiasbahia360.com.br\/wp-content\/uploads\/2026\/05\/Apreensao-de-drogas--1024x588.webp",640,368,true],"1536x1536":["https:\/\/noticiasbahia360.com.br\/wp-content\/uploads\/2026\/05\/Apreensao-de-drogas-.webp",1200,689,false],"2048x2048":["https:\/\/noticiasbahia360.com.br\/wp-content\/uploads\/2026\/05\/Apreensao-de-drogas-.webp",1200,689,false],"chromenews-featured":["https:\/\/noticiasbahia360.com.br\/wp-content\/uploads\/2026\/05\/Apreensao-de-drogas--1024x588.webp",1024,588,true],"chromenews-large":["https:\/\/noticiasbahia360.com.br\/wp-content\/uploads\/2026\/05\/Apreensao-de-drogas--825x575.webp",825,575,true],"chromenews-medium":["https:\/\/noticiasbahia360.com.br\/wp-content\/uploads\/2026\/05\/Apreensao-de-drogas--590x410.webp",590,410,true]},"author_info":{"display_name":"noticiasbahia360.com.br","author_link":"https:\/\/noticiasbahia360.com.br\/?author=1"},"category_info":"<a href=\"https:\/\/noticiasbahia360.com.br\/?cat=8\" rel=\"category\">Bahia<\/a> <a href=\"https:\/\/noticiasbahia360.com.br\/?cat=9\" rel=\"category\">Brasil<\/a> <a href=\"https:\/\/noticiasbahia360.com.br\/?cat=6\" rel=\"category\">Feira de Santana<\/a> <a href=\"https:\/\/noticiasbahia360.com.br\/?cat=57\" rel=\"category\">Mundo<\/a> <a href=\"https:\/\/noticiasbahia360.com.br\/?cat=56\" rel=\"category\">Pol\u00edcia<\/a> <a href=\"https:\/\/noticiasbahia360.com.br\/?cat=10\" rel=\"category\">Pol\u00edtica<\/a>","tag_info":"Pol\u00edtica","comment_count":"0","_links":{"self":[{"href":"https:\/\/noticiasbahia360.com.br\/index.php?rest_route=\/wp\/v2\/posts\/129163","targetHints":{"allow":["GET"]}}],"collection":[{"href":"https:\/\/noticiasbahia360.com.br\/index.php?rest_route=\/wp\/v2\/posts"}],"about":[{"href":"https:\/\/noticiasbahia360.com.br\/index.php?rest_route=\/wp\/v2\/types\/post"}],"author":[{"embeddable":true,"href":"https:\/\/noticiasbahia360.com.br\/index.php?rest_route=\/wp\/v2\/users\/1"}],"replies":[{"embeddable":true,"href":"https:\/\/noticiasbahia360.com.br\/index.php?rest_route=%2Fwp%2Fv2%2Fcomments&post=129163"}],"version-history":[{"count":0,"href":"https:\/\/noticiasbahia360.com.br\/index.php?rest_route=\/wp\/v2\/posts\/129163\/revisions"}],"wp:featuredmedia":[{"embeddable":true,"href":"https:\/\/noticiasbahia360.com.br\/index.php?rest_route=\/wp\/v2\/media\/129164"}],"wp:attachment":[{"href":"https:\/\/noticiasbahia360.com.br\/index.php?rest_route=%2Fwp%2Fv2%2Fmedia&parent=129163"}],"wp:term":[{"taxonomy":"category","embeddable":true,"href":"https:\/\/noticiasbahia360.com.br\/index.php?rest_route=%2Fwp%2Fv2%2Fcategories&post=129163"},{"taxonomy":"post_tag","embeddable":true,"href":"https:\/\/noticiasbahia360.com.br\/index.php?rest_route=%2Fwp%2Fv2%2Ftags&post=129163"}],"curies":[{"name":"wp","href":"https:\/\/api.w.org\/{rel}","templated":true}]}} 