{"id":129165,"date":"2026-05-01T07:16:54","date_gmt":"2026-05-01T10:16:54","guid":{"rendered":"https:\/\/noticiasbahia360.com.br\/?p=129165"},"modified":"2026-05-01T07:16:54","modified_gmt":"2026-05-01T10:16:54","slug":"governo-libera-reajustes-salariais-para-43-mil-servidores-e-ganhos-chegam-a-221","status":"publish","type":"post","link":"https:\/\/noticiasbahia360.com.br\/?p=129165","title":{"rendered":"Governo libera reajustes salariais para 43 mil servidores e ganhos chegam a 22,1%"},"content":{"rendered":"<div>\n<div>\n<figure><img decoding=\"async\" src=\"http:\/\/noticiasbahia360.com.br\/wp-content\/uploads\/2026\/05\/servidores-estaduais-.webp\" alt=\"Pagamento de Adicional por Tempo de Servi\u00e7o.\"><figcaption>Foto: Rafael Martins\/GOVBA<\/figcaption><\/figure>\n<\/div>\n<p>O <a href=\"https:\/\/www.acordacidade.com.br\/tag\/governo-do-estado\/\" type=\"post_tag\" id=\"34158\">governo baiano<\/a> pagou na quinta-feira (30) novas parcelas de reajustes concedidos a mais de 43 mil servidores p\u00fablicos, aposentados e pensionistas do Estado. Os incrementos salariais \u2013 que oscilam de 1,5% a 7,5% no m\u00eas de abril \u2013 s\u00e3o decorrentes da aprova\u00e7\u00e3o em setembro do ano passado de um conjunto de Projetos de Lei que beneficiou profissionais de 53 diferentes carreiras do funcionalismo p\u00fablico estadual, sendo 34 de n\u00edvel superior e 19 de n\u00edvel m\u00e9dio.<\/p>\n<p>As novas legisla\u00e7\u00f5es determinaram a aplica\u00e7\u00e3o de reajustes de forma escalonada, ao longo de 2025 e 2026, al\u00e9m da reestrutura\u00e7\u00e3o e altera\u00e7\u00e3o da estrutura remunerat\u00f3ria das carreiras, de modo a viabilizar a concess\u00e3o de promo\u00e7\u00f5es dos cargos.\u00a0No total, as medidas viabilizam ganhos salariais de 10,2% a 22,1% durante o per\u00edodo.<\/p>\n<p>As carreiras que recebem reajuste neste m\u00eas de abril s\u00e3o as integrantes dos grupos ocupacionais Artes e Cultura (com incremento de 7,5%), Comunica\u00e7\u00e3o Social (5,07%), T\u00e9cnico Administrativo (5,07%), T\u00e9cnico Espec\u00edfico (5,07%), Servi\u00e7os de Apoio T\u00e9cnico-Administrativo da Procuradoria Geral do Estado (5,07%), Gest\u00e3o P\u00fablica (1,5%) e Fiscaliza\u00e7\u00e3o e Regula\u00e7\u00e3o (4%).<\/p>\n<p>Al\u00e9m disso, a medida contempla as carreiras de Procurador do Estado (2,8%), Especialista em Produ\u00e7\u00e3o de Informa\u00e7\u00f5es Econ\u00f4mica, Sociais e Geoambientais (2,51%), al\u00e9m dos cargos em comiss\u00e3o da Administra\u00e7\u00e3o Direta, aut\u00e1rquica e fundacional (5%).<\/p>\n<p><em>Siga o Acorda Cidade no\u00a0<\/em><a href=\"https:\/\/news.google.com\/search?q=acorda%20cidade&amp;hl=pt-BR&amp;gl=BR&amp;ceid=BR%3Apt-419\"><strong><em>Google Not\u00edcias<\/em><\/strong><\/a><em>\u00a0e receba os principais destaques do dia. Participe tamb\u00e9m dos nossos canais no\u00a0<\/em><a href=\"https:\/\/www.whatsapp.com\/channel\/0029Va6Rb4v3WHTNnsh8WI3N\"><strong><em>WhatsApp<\/em><\/strong><\/a><em>\u00a0e\u00a0<\/em><a href=\"https:\/\/www.youtube.com\/@acordacidadenoticias\/videos\"><strong>YouTube<\/strong><\/a><em>\u00a0e grupo de\u00a0<\/em><a href=\"https:\/\/t.me\/+sSz0khrgARA0ZmRh\"><strong><em>Telegram<\/em><\/strong><\/a><em>.<\/em><\/p>\n<\/div>\n","protected":false},"excerpt":{"rendered":"<div>\n<div>\n<figure><img decoding=\"async\" src=\"https:\/\/www.acordacidade.com.br\/wp-content\/uploads\/2026\/02\/servidores-estaduais-.webp\" alt=\"Pagamento de Adicional por Tempo de Servi\u00e7o.\"><figcaption>Foto: Rafael Martins\/GOVBA<\/figcaption><\/figure>\n<\/div>\n<p>As carreiras que recebem reajuste neste m\u00eas de abril s\u00e3o integrantes de alguns grupos ocupacionais. Veja quais s\u00e3o.<\/p><\/div>\n","protected":false},"author":1,"featured_media":129166,"comment_status":"closed","ping_status":"closed","sticky":false,"template":"","format":"gallery","meta":{"footnotes":""},"categories":[8,9,6,57,56,10],"tags":[],"class_list":["post-129165","post","type-post","status-publish","format-gallery","has-post-thumbnail","hentry","category-bahia","category-brasil","category-feira-de-santana","category-mundo","category-policia","category-politica","post_format-post-format-gallery"],"featured_image_urls":{"full":["https:\/\/noticiasbahia360.com.br\/wp-content\/uploads\/2026\/05\/servidores-estaduais-.webp",1200,800,false],"thumbnail":["https:\/\/noticiasbahia360.com.br\/wp-content\/uploads\/2026\/05\/servidores-estaduais--150x150.webp",150,150,true],"medium":["https:\/\/noticiasbahia360.com.br\/wp-content\/uploads\/2026\/05\/servidores-estaduais--300x200.webp",300,200,true],"medium_large":["https:\/\/noticiasbahia360.com.br\/wp-content\/uploads\/2026\/05\/servidores-estaduais--768x512.webp",640,427,true],"large":["https:\/\/noticiasbahia360.com.br\/wp-content\/uploads\/2026\/05\/servidores-estaduais--1024x683.webp",640,427,true],"1536x1536":["https:\/\/noticiasbahia360.com.br\/wp-content\/uploads\/2026\/05\/servidores-estaduais-.webp",1200,800,false],"2048x2048":["https:\/\/noticiasbahia360.com.br\/wp-content\/uploads\/2026\/05\/servidores-estaduais-.webp",1200,800,false],"chromenews-featured":["https:\/\/noticiasbahia360.com.br\/wp-content\/uploads\/2026\/05\/servidores-estaduais--1024x683.webp",1024,683,true],"chromenews-large":["https:\/\/noticiasbahia360.com.br\/wp-content\/uploads\/2026\/05\/servidores-estaduais--825x575.webp",825,575,true],"chromenews-medium":["https:\/\/noticiasbahia360.com.br\/wp-content\/uploads\/2026\/05\/servidores-estaduais--590x410.webp",590,410,true]},"author_info":{"display_name":"noticiasbahia360.com.br","author_link":"https:\/\/noticiasbahia360.com.br\/?author=1"},"category_info":"<a href=\"https:\/\/noticiasbahia360.com.br\/?cat=8\" rel=\"category\">Bahia<\/a> <a href=\"https:\/\/noticiasbahia360.com.br\/?cat=9\" rel=\"category\">Brasil<\/a> <a href=\"https:\/\/noticiasbahia360.com.br\/?cat=6\" rel=\"category\">Feira de Santana<\/a> <a href=\"https:\/\/noticiasbahia360.com.br\/?cat=57\" rel=\"category\">Mundo<\/a> <a href=\"https:\/\/noticiasbahia360.com.br\/?cat=56\" rel=\"category\">Pol\u00edcia<\/a> <a href=\"https:\/\/noticiasbahia360.com.br\/?cat=10\" rel=\"category\">Pol\u00edtica<\/a>","tag_info":"Pol\u00edtica","comment_count":"0","_links":{"self":[{"href":"https:\/\/noticiasbahia360.com.br\/index.php?rest_route=\/wp\/v2\/posts\/129165","targetHints":{"allow":["GET"]}}],"collection":[{"href":"https:\/\/noticiasbahia360.com.br\/index.php?rest_route=\/wp\/v2\/posts"}],"about":[{"href":"https:\/\/noticiasbahia360.com.br\/index.php?rest_route=\/wp\/v2\/types\/post"}],"author":[{"embeddable":true,"href":"https:\/\/noticiasbahia360.com.br\/index.php?rest_route=\/wp\/v2\/users\/1"}],"replies":[{"embeddable":true,"href":"https:\/\/noticiasbahia360.com.br\/index.php?rest_route=%2Fwp%2Fv2%2Fcomments&post=129165"}],"version-history":[{"count":0,"href":"https:\/\/noticiasbahia360.com.br\/index.php?rest_route=\/wp\/v2\/posts\/129165\/revisions"}],"wp:featuredmedia":[{"embeddable":true,"href":"https:\/\/noticiasbahia360.com.br\/index.php?rest_route=\/wp\/v2\/media\/129166"}],"wp:attachment":[{"href":"https:\/\/noticiasbahia360.com.br\/index.php?rest_route=%2Fwp%2Fv2%2Fmedia&parent=129165"}],"wp:term":[{"taxonomy":"category","embeddable":true,"href":"https:\/\/noticiasbahia360.com.br\/index.php?rest_route=%2Fwp%2Fv2%2Fcategories&post=129165"},{"taxonomy":"post_tag","embeddable":true,"href":"https:\/\/noticiasbahia360.com.br\/index.php?rest_route=%2Fwp%2Fv2%2Ftags&post=129165"}],"curies":[{"name":"wp","href":"https:\/\/api.w.org\/{rel}","templated":true}]}} 