{"id":129167,"date":"2026-05-01T07:16:55","date_gmt":"2026-05-01T10:16:55","guid":{"rendered":"https:\/\/noticiasbahia360.com.br\/?p=129167"},"modified":"2026-05-01T07:16:55","modified_gmt":"2026-05-01T10:16:55","slug":"entre-telas-e-paginas-acesso-gratuito-a-livros-reacende-o-debate-sobre-leitura-e-pensamento-critico-no-brasil","status":"publish","type":"post","link":"https:\/\/noticiasbahia360.com.br\/?p=129167","title":{"rendered":"Entre telas e p\u00e1ginas: acesso gratuito a livros reacende o debate sobre leitura e pensamento cr\u00edtico no Brasil"},"content":{"rendered":"<div>\n<div>\n<figure><img decoding=\"async\" src=\"http:\/\/noticiasbahia360.com.br\/wp-content\/uploads\/2026\/05\/MEC-LIVROS.webp\" alt=\"Plataforma de leitura do MEC ter\u00e1 25 mil livros e novas regras para usu\u00e1rios; confira\"><figcaption>Foto: Rafa Neddermeyer\/Ag\u00eancia Brasil<br \/>\n<\/figcaption><\/figure>\n<\/div>\n<p>O acesso \u00e0 leitura no Brasil acaba de ganhar um novo cap\u00edtulo e ele pode ser decisivo para o futuro educacional de milhares de jovens. Com mais de 8 mil t\u00edtulos gratuitos dispon\u00edveis, a plataforma MEC Livros surge como uma alternativa concreta diante de um problema hist\u00f3rico: o alto custo dos livros e a dificuldade de acesso \u00e0 <a href=\"https:\/\/www.acordacidade.com.br\/tag\/leitura\/\" type=\"post_tag\" id=\"36986\">leitura<\/a>. Em um cen\u00e1rio em que o h\u00e1bito de ler disputa espa\u00e7o com o consumo r\u00e1pido de conte\u00fados digitais, a iniciativa reacende uma quest\u00e3o urgente: como formar leitores cr\u00edticos em meio \u00e0 avalanche de informa\u00e7\u00f5es superficiais?<\/p>\n<p>Lan\u00e7ada pelo <a href=\"https:\/\/www.acordacidade.com.br\/tag\/ministerio-da-educacao\/\" type=\"post_tag\" id=\"36733\">Minist\u00e9rio da Educa\u00e7\u00e3o<\/a>, a ferramenta re\u00fane obras cl\u00e1ssicas e contempor\u00e2neas em diferentes g\u00eaneros, acess\u00edveis por celular ou computador. A proposta \u00e9 clara: democratizar o acesso ao conhecimento e estimular o h\u00e1bito da leitura, especialmente entre jovens estudantes, p\u00fablico que j\u00e1 representa uma parcela significativa dos usu\u00e1rios da plataforma.<\/p>\n<p>Para o professor do curso de Pedagogia da Est\u00e1cio, Octavio Neto, o impacto de iniciativas como essa vai muito al\u00e9m da oferta de livros gratuitos. \u201cPlataformas como o MEC Livros s\u00e3o fundamentais para a forma\u00e7\u00e3o de novos leitores, principalmente o jovem estudante. Elas permitem acesso a novos materiais, novos conhecimentos e democratizam, de certo modo, o saber para muito mais pessoas\u201d, afirma.<\/p>\n<p>A realidade brasileira refor\u00e7a a import\u00e2ncia da iniciativa. Em um pa\u00eds onde o pre\u00e7o dos livros ainda \u00e9 um obst\u00e1culo para grande parte da popula\u00e7\u00e3o, o acesso digital pode ser a ponte entre o estudante e o universo da leitura. \u201cNem todo aluno tem condi\u00e7\u00f5es de entrar em uma livraria e comprar um livro. Quando ele tem acesso ao digital, essa barreira diminui. Ele se aproxima do conhecimento e amplia suas possibilidades de leitura e interpreta\u00e7\u00e3o\u201d, destaca o professor.<\/p>\n<p>Mais do que ampliar repert\u00f3rio, o contato frequente com a leitura impacta diretamente o desenvolvimento cognitivo e a forma\u00e7\u00e3o cr\u00edtica. Segundo Octavio Neto, ler \u00e9 uma habilidade que transforma a maneira como o indiv\u00edduo compreende o mundo. \u201cQuanto mais o aluno l\u00ea, maior \u00e9 sua capacidade reflexiva e interpretativa. Isso se reflete na escrita, na argumenta\u00e7\u00e3o e at\u00e9 no desempenho em avalia\u00e7\u00f5es como o Enem. A leitura amplia o vocabul\u00e1rio e fortalece o pensamento cr\u00edtico\u201d, explica.<\/p>\n<p>No entanto, o avan\u00e7o das tecnologias digitais imp\u00f5e um desafio adicional. Se, por um lado, plataformas como o MEC Livros facilitam o acesso ao conte\u00fado, por outro, o uso excessivo e pouco cr\u00edtico das tecnologias pode comprometer a profundidade do aprendizado. \u201cA tecnologia \u00e9 uma aliada, mas precisa ser usada com consci\u00eancia. Vivemos em um tempo em que as pessoas est\u00e3o constantemente conectadas, consumindo informa\u00e7\u00f5es r\u00e1pidas. Se nos limitarmos a conte\u00fados superficiais, perdemos cognitivamente\u201d, alerta.<\/p>\n<p>O especialista ressalta que o papel da educa\u00e7\u00e3o, e dos pr\u00f3prios usu\u00e1rios, \u00e9 aprender a equilibrar esse uso. \u201cPrecisamos olhar para a tecnologia de forma cr\u00edtica, entender seus benef\u00edcios e seus limites. Ela deve servir ao nosso desenvolvimento, n\u00e3o ditar nossa forma de pensar\u201d, pontua.<\/p>\n<p>Em um pa\u00eds marcado por desigualdades no acesso \u00e0 educa\u00e7\u00e3o e \u00e0 cultura, iniciativas como o MEC Livros apontam caminhos poss\u00edveis para reduzir dist\u00e2ncias hist\u00f3ricas. Mais do que disponibilizar livros, a plataforma prop\u00f5e um convite: transformar o tempo de tela em oportunidade de aprendizado e, sobretudo, em ferramenta para formar cidad\u00e3os mais cr\u00edticos e conscientes do mundo em que vivem.<\/p>\n<p><strong>Leia tamb\u00e9m: <a href=\"https:\/\/www.acordacidade.com.br\/educacao\/plataforma-de-leitura-do-mec-tera-25-mil-livros-e-novas-regras-para-usuarios-confira\/\">Plataforma de leitura do MEC ter\u00e1 25 mil livros e novas regras para usu\u00e1rios; confira<\/a><\/strong><\/p>\n<p><em>Siga o Acorda Cidade no\u00a0<\/em><a href=\"https:\/\/news.google.com\/search?q=acorda%20cidade&amp;hl=pt-BR&amp;gl=BR&amp;ceid=BR%3Apt-419\"><strong><em>Google Not\u00edcias<\/em><\/strong><\/a><em>\u00a0e receba os principais destaques do dia. Participe tamb\u00e9m dos nossos canais no\u00a0<\/em><a href=\"https:\/\/www.whatsapp.com\/channel\/0029Va6Rb4v3WHTNnsh8WI3N\"><strong><em>WhatsApp<\/em><\/strong><\/a><em>\u00a0e\u00a0<\/em><a href=\"https:\/\/www.youtube.com\/@acordacidadenoticias\/videos\"><strong>YouTube<\/strong><\/a><em>\u00a0e grupo de\u00a0<\/em><a href=\"https:\/\/t.me\/+sSz0khrgARA0ZmRh\"><strong><em>Telegram<\/em><\/strong><\/a><em>.<\/em><\/p>\n<\/div>\n","protected":false},"excerpt":{"rendered":"<div>\n<div>\n<figure><img decoding=\"async\" src=\"https:\/\/uploads.acordacidade.com.br\/2026\/04\/MEC-LIVROS.webp\" alt=\"Plataforma de leitura do MEC ter\u00e1 25 mil livros e novas regras para usu\u00e1rios; confira\"><figcaption>Foto: Rafa Neddermeyer\/Ag\u00eancia Brasil<br \/>\n<\/figcaption><\/figure>\n<\/div>\n<p>Em um pa\u00eds onde o pre\u00e7o dos livros ainda \u00e9 um obst\u00e1culo para grande parte da popula\u00e7\u00e3o, o acesso digital pode ser a ponte<\/p><\/div>\n","protected":false},"author":1,"featured_media":129168,"comment_status":"closed","ping_status":"closed","sticky":false,"template":"","format":"gallery","meta":{"footnotes":""},"categories":[8,9,6,57,56,10],"tags":[],"class_list":["post-129167","post","type-post","status-publish","format-gallery","has-post-thumbnail","hentry","category-bahia","category-brasil","category-feira-de-santana","category-mundo","category-policia","category-politica","post_format-post-format-gallery"],"featured_image_urls":{"full":["https:\/\/noticiasbahia360.com.br\/wp-content\/uploads\/2026\/05\/MEC-LIVROS.webp",1200,718,false],"thumbnail":["https:\/\/noticiasbahia360.com.br\/wp-content\/uploads\/2026\/05\/MEC-LIVROS-150x150.webp",150,150,true],"medium":["https:\/\/noticiasbahia360.com.br\/wp-content\/uploads\/2026\/05\/MEC-LIVROS-300x180.webp",300,180,true],"medium_large":["https:\/\/noticiasbahia360.com.br\/wp-content\/uploads\/2026\/05\/MEC-LIVROS-768x460.webp",640,383,true],"large":["https:\/\/noticiasbahia360.com.br\/wp-content\/uploads\/2026\/05\/MEC-LIVROS-1024x613.webp",640,383,true],"1536x1536":["https:\/\/noticiasbahia360.com.br\/wp-content\/uploads\/2026\/05\/MEC-LIVROS.webp",1200,718,false],"2048x2048":["https:\/\/noticiasbahia360.com.br\/wp-content\/uploads\/2026\/05\/MEC-LIVROS.webp",1200,718,false],"chromenews-featured":["https:\/\/noticiasbahia360.com.br\/wp-content\/uploads\/2026\/05\/MEC-LIVROS-1024x613.webp",1024,613,true],"chromenews-large":["https:\/\/noticiasbahia360.com.br\/wp-content\/uploads\/2026\/05\/MEC-LIVROS-825x575.webp",825,575,true],"chromenews-medium":["https:\/\/noticiasbahia360.com.br\/wp-content\/uploads\/2026\/05\/MEC-LIVROS-590x410.webp",590,410,true]},"author_info":{"display_name":"noticiasbahia360.com.br","author_link":"https:\/\/noticiasbahia360.com.br\/?author=1"},"category_info":"<a href=\"https:\/\/noticiasbahia360.com.br\/?cat=8\" rel=\"category\">Bahia<\/a> <a href=\"https:\/\/noticiasbahia360.com.br\/?cat=9\" rel=\"category\">Brasil<\/a> <a href=\"https:\/\/noticiasbahia360.com.br\/?cat=6\" rel=\"category\">Feira de Santana<\/a> <a href=\"https:\/\/noticiasbahia360.com.br\/?cat=57\" rel=\"category\">Mundo<\/a> <a href=\"https:\/\/noticiasbahia360.com.br\/?cat=56\" rel=\"category\">Pol\u00edcia<\/a> <a href=\"https:\/\/noticiasbahia360.com.br\/?cat=10\" rel=\"category\">Pol\u00edtica<\/a>","tag_info":"Pol\u00edtica","comment_count":"0","_links":{"self":[{"href":"https:\/\/noticiasbahia360.com.br\/index.php?rest_route=\/wp\/v2\/posts\/129167","targetHints":{"allow":["GET"]}}],"collection":[{"href":"https:\/\/noticiasbahia360.com.br\/index.php?rest_route=\/wp\/v2\/posts"}],"about":[{"href":"https:\/\/noticiasbahia360.com.br\/index.php?rest_route=\/wp\/v2\/types\/post"}],"author":[{"embeddable":true,"href":"https:\/\/noticiasbahia360.com.br\/index.php?rest_route=\/wp\/v2\/users\/1"}],"replies":[{"embeddable":true,"href":"https:\/\/noticiasbahia360.com.br\/index.php?rest_route=%2Fwp%2Fv2%2Fcomments&post=129167"}],"version-history":[{"count":0,"href":"https:\/\/noticiasbahia360.com.br\/index.php?rest_route=\/wp\/v2\/posts\/129167\/revisions"}],"wp:featuredmedia":[{"embeddable":true,"href":"https:\/\/noticiasbahia360.com.br\/index.php?rest_route=\/wp\/v2\/media\/129168"}],"wp:attachment":[{"href":"https:\/\/noticiasbahia360.com.br\/index.php?rest_route=%2Fwp%2Fv2%2Fmedia&parent=129167"}],"wp:term":[{"taxonomy":"category","embeddable":true,"href":"https:\/\/noticiasbahia360.com.br\/index.php?rest_route=%2Fwp%2Fv2%2Fcategories&post=129167"},{"taxonomy":"post_tag","embeddable":true,"href":"https:\/\/noticiasbahia360.com.br\/index.php?rest_route=%2Fwp%2Fv2%2Ftags&post=129167"}],"curies":[{"name":"wp","href":"https:\/\/api.w.org\/{rel}","templated":true}]}}