{"id":129169,"date":"2026-05-01T07:31:26","date_gmt":"2026-05-01T10:31:26","guid":{"rendered":"https:\/\/noticiasbahia360.com.br\/?p=129169"},"modified":"2026-05-01T07:31:26","modified_gmt":"2026-05-01T10:31:26","slug":"joao-gomes-dorgival-e-toque-dez-estao-entre-as-grandes-atracoes-do-sao-joao-de-itatim","status":"publish","type":"post","link":"https:\/\/noticiasbahia360.com.br\/?p=129169","title":{"rendered":"Jo\u00e3o Gomes, Dorgival e Toque Dez est\u00e3o entre as grandes atra\u00e7\u00f5es do S\u00e3o Jo\u00e3o de Itatim"},"content":{"rendered":"<div>\n<div>\n<figure><img decoding=\"async\" src=\"http:\/\/noticiasbahia360.com.br\/wp-content\/uploads\/2026\/05\/atracoes-de-Itatim.webp\" alt=\"Jo\u00e3o Gomes, Dorgival e Toque Dez est\u00e3o entre as grandes atra\u00e7\u00f5es do S\u00e3o Jo\u00e3o de Itatim\"><figcaption>Foto: Reprodu\u00e7\u00e3o\/Redes Sociais <\/figcaption><\/figure>\n<\/div>\n<p>Est\u00e3o confirmadas grandes atra\u00e7\u00f5es do S\u00e3o Jo\u00e3o de Itatim, al\u00e9m de artistas que valorizam a cultura local. <strong>Jo\u00e3o Gomes, Dorgival Dantas, Calcinha Preta, Fl\u00e1vio Jos\u00e9, Pablo, Cavaleiros do Forr\u00f3, Iguinho e Lulinha, Ra\u00ed Saia Rodada, Toque Dez, Luan Estilizado, Calango Ti\u00e3o, Lara Am\u00e9lia e Adrielle Souza<\/strong> v\u00e3o animar os festejos juninos na cidade, que ocorrer\u00e3o entre os dias <strong>20 e 23 de junho<\/strong>.<\/p>\n<p>A programa\u00e7\u00e3o, de acordo com a gest\u00e3o municipal, mistura tradi\u00e7\u00e3o e grandes nomes da m\u00fasica nordestina e nacional, \u201cconsolidando o evento, mais uma vez, como uma das maiores festas do interior da Bahia\u201d.<\/p>\n<p>A diversidade da grade art\u00edstica, segundo a Prefeitura, refor\u00e7a a proposta do evento de agradar diferentes p\u00fablicos sem perder a ess\u00eancia do aut\u00eantico S\u00e3o Jo\u00e3o nordestino, com muito forr\u00f3, romantismo e identidade cultural.<\/p>\n<p>\u201cAo longo dos \u00faltimos anos, o S\u00e3o Jo\u00e3o de Itatim tem apresentado crescimento cont\u00ednuo. A cada edi\u00e7\u00e3o, novos recordes de p\u00fablico s\u00e3o registrados, com visitantes vindos de diversas cidades da Bahia e de outros estados, transformando o munic\u00edpio em um dos principais polos juninos da regi\u00e3o\u201d, afirma a prefeita Daiane Silva dos Anjos (PSD).<\/p>\n<p>\u201cOs impactos positivos v\u00e3o al\u00e9m do entretenimento. Durante o per\u00edodo festivo, a cidade vive um aquecimento significativo da economia. A rede hoteleira opera com lota\u00e7\u00e3o m\u00e1xima, o aluguel de casas particulares cresce de forma expressiva e o com\u00e9rcio local registra aumento relevante nas vendas, gerando emprego e renda para a popula\u00e7\u00e3o\u201d, frisou a gestora.<\/p>\n<p><em>Siga o Acorda Cidade no\u00a0<\/em><a href=\"https:\/\/news.google.com\/search?q=acorda%20cidade&amp;hl=pt-BR&amp;gl=BR&amp;ceid=BR%3Apt-419\"><strong><em>Google Not\u00edcias<\/em><\/strong><\/a><em>\u00a0e receba os principais destaques do dia. Participe tamb\u00e9m dos nossos canais no\u00a0<\/em><a href=\"https:\/\/www.whatsapp.com\/channel\/0029Va6Rb4v3WHTNnsh8WI3N\"><strong><em>WhatsApp<\/em><\/strong><\/a><em>\u00a0e\u00a0<\/em><a href=\"https:\/\/www.youtube.com\/@acordacidadenoticias\/videos\"><strong>YouTube<\/strong><\/a><em>\u00a0e grupo de\u00a0<\/em><a href=\"https:\/\/t.me\/+sSz0khrgARA0ZmRh\"><strong><em>Telegram<\/em><\/strong><\/a><em>.<\/em><\/p>\n<\/div>\n","protected":false},"excerpt":{"rendered":"<div>\n<div>\n<figure><img decoding=\"async\" src=\"https:\/\/uploads.acordacidade.com.br\/2026\/05\/atracoes-de-Itatim.webp\" alt=\"Jo\u00e3o Gomes, Dorgival e Toque Dez est\u00e3o entre as grandes atra\u00e7\u00f5es do S\u00e3o Jo\u00e3o de Itatim\"><figcaption>Foto: Reprodu\u00e7\u00e3o\/Redes Sociais <\/figcaption><\/figure>\n<\/div>\n<p>A programa\u00e7\u00e3o, de acordo com a gest\u00e3o municipal, mistura tradi\u00e7\u00e3o e grandes nomes da m\u00fasica nordestina e nacional.<\/p><\/div>\n","protected":false},"author":1,"featured_media":129170,"comment_status":"closed","ping_status":"closed","sticky":false,"template":"","format":"gallery","meta":{"footnotes":""},"categories":[8,9,6,57,56,10],"tags":[],"class_list":["post-129169","post","type-post","status-publish","format-gallery","has-post-thumbnail","hentry","category-bahia","category-brasil","category-feira-de-santana","category-mundo","category-policia","category-politica","post_format-post-format-gallery"],"featured_image_urls":{"full":["https:\/\/noticiasbahia360.com.br\/wp-content\/uploads\/2026\/05\/atracoes-de-Itatim.webp",1200,800,false],"thumbnail":["https:\/\/noticiasbahia360.com.br\/wp-content\/uploads\/2026\/05\/atracoes-de-Itatim-150x150.webp",150,150,true],"medium":["https:\/\/noticiasbahia360.com.br\/wp-content\/uploads\/2026\/05\/atracoes-de-Itatim-300x200.webp",300,200,true],"medium_large":["https:\/\/noticiasbahia360.com.br\/wp-content\/uploads\/2026\/05\/atracoes-de-Itatim-768x512.webp",640,427,true],"large":["https:\/\/noticiasbahia360.com.br\/wp-content\/uploads\/2026\/05\/atracoes-de-Itatim-1024x683.webp",640,427,true],"1536x1536":["https:\/\/noticiasbahia360.com.br\/wp-content\/uploads\/2026\/05\/atracoes-de-Itatim.webp",1200,800,false],"2048x2048":["https:\/\/noticiasbahia360.com.br\/wp-content\/uploads\/2026\/05\/atracoes-de-Itatim.webp",1200,800,false],"chromenews-featured":["https:\/\/noticiasbahia360.com.br\/wp-content\/uploads\/2026\/05\/atracoes-de-Itatim-1024x683.webp",1024,683,true],"chromenews-large":["https:\/\/noticiasbahia360.com.br\/wp-content\/uploads\/2026\/05\/atracoes-de-Itatim-825x575.webp",825,575,true],"chromenews-medium":["https:\/\/noticiasbahia360.com.br\/wp-content\/uploads\/2026\/05\/atracoes-de-Itatim-590x410.webp",590,410,true]},"author_info":{"display_name":"noticiasbahia360.com.br","author_link":"https:\/\/noticiasbahia360.com.br\/?author=1"},"category_info":"<a href=\"https:\/\/noticiasbahia360.com.br\/?cat=8\" rel=\"category\">Bahia<\/a> <a href=\"https:\/\/noticiasbahia360.com.br\/?cat=9\" rel=\"category\">Brasil<\/a> <a href=\"https:\/\/noticiasbahia360.com.br\/?cat=6\" rel=\"category\">Feira de Santana<\/a> <a href=\"https:\/\/noticiasbahia360.com.br\/?cat=57\" rel=\"category\">Mundo<\/a> <a href=\"https:\/\/noticiasbahia360.com.br\/?cat=56\" rel=\"category\">Pol\u00edcia<\/a> <a href=\"https:\/\/noticiasbahia360.com.br\/?cat=10\" rel=\"category\">Pol\u00edtica<\/a>","tag_info":"Pol\u00edtica","comment_count":"0","_links":{"self":[{"href":"https:\/\/noticiasbahia360.com.br\/index.php?rest_route=\/wp\/v2\/posts\/129169","targetHints":{"allow":["GET"]}}],"collection":[{"href":"https:\/\/noticiasbahia360.com.br\/index.php?rest_route=\/wp\/v2\/posts"}],"about":[{"href":"https:\/\/noticiasbahia360.com.br\/index.php?rest_route=\/wp\/v2\/types\/post"}],"author":[{"embeddable":true,"href":"https:\/\/noticiasbahia360.com.br\/index.php?rest_route=\/wp\/v2\/users\/1"}],"replies":[{"embeddable":true,"href":"https:\/\/noticiasbahia360.com.br\/index.php?rest_route=%2Fwp%2Fv2%2Fcomments&post=129169"}],"version-history":[{"count":0,"href":"https:\/\/noticiasbahia360.com.br\/index.php?rest_route=\/wp\/v2\/posts\/129169\/revisions"}],"wp:featuredmedia":[{"embeddable":true,"href":"https:\/\/noticiasbahia360.com.br\/index.php?rest_route=\/wp\/v2\/media\/129170"}],"wp:attachment":[{"href":"https:\/\/noticiasbahia360.com.br\/index.php?rest_route=%2Fwp%2Fv2%2Fmedia&parent=129169"}],"wp:term":[{"taxonomy":"category","embeddable":true,"href":"https:\/\/noticiasbahia360.com.br\/index.php?rest_route=%2Fwp%2Fv2%2Fcategories&post=129169"},{"taxonomy":"post_tag","embeddable":true,"href":"https:\/\/noticiasbahia360.com.br\/index.php?rest_route=%2Fwp%2Fv2%2Ftags&post=129169"}],"curies":[{"name":"wp","href":"https:\/\/api.w.org\/{rel}","templated":true}]}}